{"id":1383730,"date":"2015-05-19T06:32:33","date_gmt":"2015-05-19T03:32:33","guid":{"rendered":"https:\/\/analyse.optim.biz\/?p=1383730"},"modified":"2015-05-19T06:32:33","modified_gmt":"2015-05-19T03:32:33","slug":"iulius-group-il-sustine-pe-tanarul-marius-bucur-in-turul-romaniei-pe-granita-cu-bicicleta-suceavalive","status":"publish","type":"post","link":"https:\/\/analyse.optim.biz\/?p=1383730","title":{"rendered":"IULIUS GROUP \u00eel sus\u0163ine pe t\u00e2n\u0103rul Marius Bucur \u00een \u201cTurul Rom\u00e2niei pe Grani\u0163\u0103 cu Bicicleta\u201d &#8211; SuceavaLIVE"},"content":{"rendered":"<article id=\"post-58017\" class=\"clearfix post-58017 post type-post status-publish format-standard has-post-thumbnail hentry category-comunicate category-slide tag-compania-iulius-group tag-marius-bucur tag-stiri-suceava tag-suceava-live tag-turul-romaniei-pe-granita-cu-bicicleta\">\n<header id=\"cb-standard-featured\">\n<div id=\"cb-fis-wrap\" class=\"cb-entry-header cb-fis cb-style-standard\"><span class=\"cb-title-fi\"><\/p>\n<h1 class=\"entry-title cb-entry-title cb-single-title\">IULIUS GROUP \u00eel sus\u0163ine pe t\u00e2n\u0103rul Marius Bucur \u00een \u201cTurul Rom\u00e2niei pe Grani\u0163\u0103 cu Bicicleta\u201d<\/h1>\n<div class=\"cb-byline cb-font-header\">\n<div class=\"cb-date cb-byline-element\"><time datetime=\"2015-05-19\">19 mai 2015<\/time><\/div>\n<\/div>\n<p><\/span><\/div>\n<div class=\"cb-mask\"><img decoding=\"async\" width=\"640\" height=\"480\" src=\"https:\/\/analyse.optim.biz\/wp-content\/uploads\/2026\/01\/turul-romaniei-pe-granita-cu-bicicleta-judetul-suceava-1.jpg\" class=\"attachment-cb-full-full size-cb-full-full wp-post-image\" loading=\"lazy\" title=\"turul-romaniei-pe-granita-cu-bicicleta-judetul-suceava-1\"><\/div>\n<\/header>\n<p>Compania IULIUS GROUP este un sus\u0163in\u0103tor activ al manifest\u0103rilor sportive \u015fi al ini\u0163iativelor care \u00ee\u015fi propun s\u0103 pun\u0103 \u00een valoare oamenii \u015fi locurile frumoase ale \u0163\u0103rii. De aceast\u0103 dat\u0103, IULIUS GROUP sprijin\u0103 proiectul inedit al clujeanului Marius Bucur, acela de a parcurge \u201eTurul Rom\u00e2niei pe Grani\u0163\u0103 cu Bicicleta\u201d, fiind sponsor oficial. \u00cen week-end-ul care tocmai a trecut, biciclistul a str\u0103b\u0103tut jude\u0163ul Suceava.<\/p>\n<section class=\"cb-entry-content entry-content clearfix\">\n<p>Prin re\u0163eaua na\u0163ional\u0103 de mall-uri, <strong>IULIUS GROUP<\/strong> contribuie la materializarea demersului de a str\u0103bate \u0163ara pedal\u00e2nd c\u00e2t mai aproape de linia imaginar\u0103 a grani\u0163elor, idee ce apar\u0163ine clujeanului <strong>Marius Bucur<\/strong>. T\u00e2n\u0103rul \u00een v\u00e2rst\u0103 de <strong>26 de ani<\/strong>, pentru care sportul este un stil de via\u0163\u0103, a plecat pe <strong>12 mai 2015<\/strong>, de la <strong>Oradea<\/strong>, \u00een <strong>\u201eTurul Rom\u00e2niei pe Grani\u0163\u0103 cu Bicicleta\u201d<\/strong>, av\u00e2ndu-l <strong>coechipier <\/strong>chiar pe <strong>tat\u0103l s\u0103u<\/strong>, de <strong>52 de ani<\/strong>. \u00cempreun\u0103 \u015fi-au propus s\u0103 parcurg\u0103 acest traseu, care, din informa\u0163ile pe care le de\u0163in, nu a mai fost f\u0103cut de nimeni p\u00e2n\u0103 acum, \u015fi s\u0103 mearg\u0103 pe biciclet\u0103 c\u00e2t mai aproape de \u0163\u0103rile vecine, at\u00e2t c\u00e2t infrastructura le permite.<\/p>\n<p>Cei doi pasiona\u0163i de mersul pe biciclet\u0103 estimeaz\u0103 c\u0103 vor parcurge <strong>aproximativ 3.000 de kilometri<\/strong>, \u00een <strong>45 \u2013 50 de zile<\/strong>, \u00een func\u0163ie de condi\u0163iile pe care le vor \u00eent\u00e2mpina. Vor pedala, \u00een medie, <strong>70 de kilometri pe zi<\/strong>. P\u00e2n\u0103 \u00een week-end-ul care tocmai a trecut, biciclistul a str\u0103b\u0103tut aproximativ <strong>450 de kilometri<\/strong>, ajung\u00e2nd \u00een <strong>jude\u0163ul Suceava<\/strong>. Pentru c\u0103 \u015fi-au propus s\u0103 respecte c\u00e2t de precis posibil linia imaginar\u0103 a grani\u0163elor \u0163\u0103rii, ceea ce presupune <strong>trasee montane, drumuri forestiere <\/strong>sau <strong>neamenajate<\/strong>, majoritatea nop\u0163ilor le vor petrece \u00een cort. <strong><em>\u201eNu vrem s\u0103 demonstr\u0103m ceva sau s\u0103 intr\u0103m \u00een Cartea Recordurilor, ci s\u0103 ne cunoa\u015ftem pe noi \u00een\u015fine. Orice ajutor primit \u00eenseamn\u0103 mai mult dec\u00e2t o \u00absponsorizare\u00bb \u015fi vom dedica fiecare kilometru pedalat celor care ne ajut\u0103 \u015fi ne sprijin\u0103 \u00een a duce la final un vis \u00eenc\u0103 ne\u00eemplinit\u201d<\/em><\/strong>, a spus <strong>Marius Bucur, ini\u0163iatorul proiectului<\/strong><strong>\u201eTurul Rom\u00e2niei pe Grani\u0163e cu Bicicleta\u201d<\/strong>.<\/p>\n<\/section>\n<footer class=\"article-footer\">\n<p class=\"cb-tags\"><a href=\"https:\/\/suceavalive.ro\/tag\/compania-iulius-group\/\" rel=\"tag\">Compania IULIUS GROUP<\/a><a href=\"https:\/\/suceavalive.ro\/tag\/marius-bucur\/\" rel=\"tag\">marius bucur<\/a><a href=\"https:\/\/suceavalive.ro\/tag\/stiri-suceava\/\" rel=\"tag\">stiri suceava<\/a><a href=\"https:\/\/suceavalive.ro\/tag\/suceava-live\/\" rel=\"tag\">suceava live<\/a><a href=\"https:\/\/suceavalive.ro\/tag\/turul-romaniei-pe-granita-cu-bicicleta\/\" rel=\"tag\">Turul Rom\u00e2niei pe Grani\u0163\u0103 cu Bicicleta<\/a><\/p>\n<div class=\"cb-social-sharing cb-post-footer-block cb-beside clearfix\">\n<div class=\"cb-title-subtle\">Share On:<\/div>\n<div class=\"cb-twitter\"><a href=\"https:\/\/twitter.com\/share\" class=\"twitter-share-button\" data-dnt=\"true\" data-count=\"horizontal\">Tweet<\/a><\/div>\n<\/div>\n<div id=\"cb-previous-next-links\" class=\"cb-post-footer-block clearfix\">\n<div id=\"cb-previous-link\"><a href=\"https:\/\/suceavalive.ro\/zilele-si-noptile-studentesti-programul-din-saptaman-a-doua\/\" rel=\"prev\">\u201dZilele si Noptile Studentesti\u201d \u2013 programul din saptamana a doua<\/a><\/div>\n<div id=\"cb-next-link\"><a href=\"https:\/\/suceavalive.ro\/liviu-pop-joi-la-suceava\/\" rel=\"next\">Liviu Pop, joi, la  Suceava<\/a><\/div>\n<\/div>\n<div id=\"cb-author-box\" class=\"clearfix\">\n<h3 class=\"cb-block-title\">Despre autor<\/h3>\n<div class=\"cb-mask\"><a href=\"https:\/\/suceavalive.ro\/author\/raluca-bercea\/\"><img decoding=\"async\" src=\"https:\/\/analyse.optim.biz\/wp-content\/uploads\/2026\/01\/d2573a985b95ae5f64fe07c99ef553f6000e91fbaab92d32f1607dea335f1b69-3.jpg\" class=\"avatar avatar-120 photo\" height=\"120\" width=\"120\" loading=\"lazy\" title=\"d2573a985b95ae5f64fe07c99ef553f6000e91fbaab92d32f1607dea335f1b69-3\"><\/a><\/div>\n<div class=\"cb-meta\">\n<div class=\"cb-info\">\n<div class=\"cb-author-title vcard\"><a href=\"https:\/\/suceavalive.ro\/author\/raluca-bercea\/\"><span class=\"fn\">Raluca Tilihoi<\/span><\/a><\/div>\n<\/div>\n<\/div>\n<\/div>\n<div id=\"cb-related-posts\" class=\"cb-related-posts-block cb-post-end-block clearfix\">\n<h3 class=\"cb-block-title\">Postari asemanatoare<\/h3>\n<ul>\n<li class=\"cb-style-overlay cb-grid-entry cb-related-post no-1\">\n<div class=\"cb-mask\"><a href=\"https:\/\/suceavalive.ro\/calendarul-zilei-de-23-ianuarie\/\"><img decoding=\"async\" width=\"360\" height=\"240\" src=\"https:\/\/analyse.optim.biz\/wp-content\/uploads\/2026\/01\/vladimirescucover-interior-360x240-3.jpg\" class=\"attachment-cb-360-240 size-cb-360-240 wp-post-image\" loading=\"lazy\" title=\"vladimirescucover-interior-360x240-3\"><\/a><\/div>\n<div class=\"cb-meta cb-article-meta\">\n<h4 class=\"h3 cb-post-title\"><a href=\"https:\/\/suceavalive.ro\/calendarul-zilei-de-23-ianuarie\/\">Calendarul zilei de 23 ianuarie<\/a><\/h4>\n<div class=\"cb-byline cb-font-header\">\n<div class=\"cb-date cb-byline-element\"><time datetime=\"2026-01-23\">23 ianuarie 2026<\/time><\/div>\n<\/div>\n<\/div>\n<\/li>\n<li class=\"cb-style-overlay cb-grid-entry cb-related-post no-2\">\n<div class=\"cb-mask\"><a href=\"https:\/\/suceavalive.ro\/calendarul-zilei-de-22-ianuarie\/\"><img decoding=\"async\" width=\"360\" height=\"240\" src=\"https:\/\/analyse.optim.biz\/wp-content\/uploads\/2026\/01\/george-motoi-360x240-13.jpg\" class=\"attachment-cb-360-240 size-cb-360-240 wp-post-image\" loading=\"lazy\" title=\"george-motoi-360x240-13\"><\/a><\/div>\n<div class=\"cb-meta cb-article-meta\">\n<h4 class=\"h3 cb-post-title\"><a href=\"https:\/\/suceavalive.ro\/calendarul-zilei-de-22-ianuarie\/\">Calendarul zilei de 22 ianuarie<\/a><\/h4>\n<div class=\"cb-byline cb-font-header\">\n<div class=\"cb-date cb-byline-element\"><time datetime=\"2026-01-22\">22 ianuarie 2026<\/time><\/div>\n<\/div>\n<\/div>\n<\/li>\n<\/ul>\n<\/div>\n<\/footer>\n<div id=\"respond\" class=\"comment-respond\">\n<h3 id=\"reply-title\" class=\"comment-reply-title\">Lasa un raspuns <small><a rel=\"nofollow\" id=\"cancel-comment-reply-link\" href=\"https:\/\/suceavalive.ro\/iulius-group-il-sustine-pe-tanarul-marius-bucur-in-turul-romaniei-pe-granita-cu-bicicleta\/#respond\">Anuleaza raspunsul<\/a><\/small><\/h3>\n<p class=\"comment-notes\">Adresa ta de email nu va fi publicat\u0103.<\/p>\n<\/div>\n<\/article>\n<p> Source URL: https:\/\/suceavalive.ro\/iulius-group-il-sustine-pe-tanarul-marius-bucur-in-turul-romaniei-pe-granita-cu-bicicleta\/<\/p>\n","protected":false},"excerpt":{"rendered":"<p>IULIUS GROUP \u00eel sus\u0163ine pe t\u00e2n\u0103rul Marius Bucur \u00een \u201cTurul Rom\u00e2niei pe Grani\u0163\u0103 cu Bicicleta\u201d 19 mai 2015 Compania IULIUS GROUP este un sus\u0163in\u0103tor activ al manifest\u0103rilor sportive \u015fi al ini\u0163iativelor care \u00ee\u015fi propun s\u0103 pun\u0103 \u00een valoare oamenii \u015fi locurile frumoase ale \u0163\u0103rii. De aceast\u0103 dat\u0103, IULIUS GROUP sprijin\u0103 proiectul inedit al clujeanului Marius [&hellip;]<\/p>\n","protected":false},"author":1,"featured_media":1383732,"comment_status":"open","ping_status":"","sticky":false,"template":"","format":"standard","meta":{"footnotes":""},"categories":[89],"tags":[173],"class_list":["post-1383730","post","type-post","status-publish","format-standard","has-post-thumbnail","hentry","category-romania","tag-suceavalive-ro"],"_links":{"self":[{"href":"https:\/\/analyse.optim.biz\/index.php?rest_route=\/wp\/v2\/posts\/1383730","targetHints":{"allow":["GET"]}}],"collection":[{"href":"https:\/\/analyse.optim.biz\/index.php?rest_route=\/wp\/v2\/posts"}],"about":[{"href":"https:\/\/analyse.optim.biz\/index.php?rest_route=\/wp\/v2\/types\/post"}],"author":[{"embeddable":true,"href":"https:\/\/analyse.optim.biz\/index.php?rest_route=\/wp\/v2\/users\/1"}],"replies":[{"embeddable":true,"href":"https:\/\/analyse.optim.biz\/index.php?rest_route=%2Fwp%2Fv2%2Fcomments&post=1383730"}],"version-history":[{"count":0,"href":"https:\/\/analyse.optim.biz\/index.php?rest_route=\/wp\/v2\/posts\/1383730\/revisions"}],"wp:featuredmedia":[{"embeddable":true,"href":"https:\/\/analyse.optim.biz\/index.php?rest_route=\/wp\/v2\/media\/1383732"}],"wp:attachment":[{"href":"https:\/\/analyse.optim.biz\/index.php?rest_route=%2Fwp%2Fv2%2Fmedia&parent=1383730"}],"wp:term":[{"taxonomy":"category","embeddable":true,"href":"https:\/\/analyse.optim.biz\/index.php?rest_route=%2Fwp%2Fv2%2Fcategories&post=1383730"},{"taxonomy":"post_tag","embeddable":true,"href":"https:\/\/analyse.optim.biz\/index.php?rest_route=%2Fwp%2Fv2%2Ftags&post=1383730"}],"curies":[{"name":"wp","href":"https:\/\/api.w.org\/{rel}","templated":true}]}}