{"id":1382590,"date":"2018-05-31T05:25:49","date_gmt":"2018-05-31T02:25:49","guid":{"rendered":"https:\/\/analyse.optim.biz\/?p=1382590"},"modified":"2018-05-31T05:25:49","modified_gmt":"2018-05-31T02:25:49","slug":"turisti-salvati-pe-lacul-golovita","status":"publish","type":"post","link":"https:\/\/analyse.optim.biz\/?p=1382590","title":{"rendered":"Turi\u015fti salva\u0163i pe lacul Golovi\u0163a"},"content":{"rendered":"<article id=\"post-957\" class=\"post-957 post type-post status-publish format-standard has-post-thumbnail hentry category-ultimele-stiri tag-isu-delta tag-jurilovca tag-lacul-golovita tag-turisti\">\n<div class=\"td-pb-row\">\n<div class=\"td-pb-span12\">\n<div class=\"td-post-header td-pb-padding-side\">\n<div class=\"entry-crumbs\"><span><a title class=\"entry-crumb\" href=\"https:\/\/subiectivtulcea.ro\/\">Acas\u0103<\/a><\/span><span><a title=\"Vede\u021bi toate articolele \u00een Ultimele \u0218tiri\" class=\"entry-crumb\" href=\"https:\/\/subiectivtulcea.ro\/category\/ultimele-stiri\/\">Ultimele \u0218tiri<\/a><\/span><span class=\"td-bred-no-url-last\">Turi\u015fti salva\u0163i pe lacul Golovi\u0163a<\/span><\/div>\n<ul class=\"td-category\">\n<li class=\"entry-category\"><a href=\"https:\/\/subiectivtulcea.ro\/category\/ultimele-stiri\/\">Ultimele \u0218tiri<\/a><\/li>\n<\/ul>\n<header>\n<h1 class=\"entry-title\">Turi\u015fti salva\u0163i pe lacul Golovi\u0163a<\/h1>\n<div class=\"meta-info\">\n<div class=\"td-post-author-name\">\n<div class=\"td-author-by\">De c\u0103tre<\/div>\n<p><a href=\"https:\/\/subiectivtulcea.ro\/author\/sorin\/\">Stefan Vasilescu<\/a><\/p>\n<div class=\"td-author-line\"> &#8211; <\/div>\n<\/div>\n<p><span class=\"td-post-date\"><time class=\"entry-date updated td-module-date\" datetime=\"2018-05-31T05:25:49+00:00\">mai 31, 2018<\/time><\/span><\/p>\n<div class=\"td-post-views\"><span class=\"td-nr-views-957\">2014<\/span><\/div>\n<div class=\"td-post-comments\"><a href=\"https:\/\/subiectivtulcea.ro\/turisti-salvati-pe-lacul-golovita\/#respond\">0<\/a><\/div>\n<\/div>\n<\/header>\n<\/div>\n<\/div>\n<\/div>\n<div class=\"td-pb-row\">\n<div class=\"td-pb-span8 td-main-content\" role=\"main\">\n<div class=\"td-ss-main-content\">\n<div class=\"td-post-sharing td-post-sharing-top td-pb-padding-side\"><span class=\"td-post-share-title\">DISTRIBUI\u021aI<\/span><\/p>\n<div class=\"td-default-sharing \"><a class=\"td-social-sharing-buttons td-social-facebook\" href=\"https:\/\/www.facebook.com\/sharer.php?u=https%3A%2F%2Fsubiectivtulcea.ro%2Fturisti-salvati-pe-lacul-golovita%2F\"><\/p>\n<div class=\"td-social-but-text\">Facebook<\/div>\n<p><\/a><a class=\"td-social-sharing-buttons td-social-twitter\" href=\"https:\/\/twitter.com\/intent\/tweet?text=Turi%C5%9Fti+salva%C5%A3i+pe+lacul+Golovi%C5%A3a&amp;url=https%3A%2F%2Fsubiectivtulcea.ro%2Fturisti-salvati-pe-lacul-golovita%2F&amp;via=Subiectiv+De+Tulcea+-+Cotidianul+Cu+Stiri+Pe+Surse\"><\/p>\n<div class=\"td-social-but-text\">Twitter<\/div>\n<p><\/a><\/div>\n<\/div>\n<div class=\"td-post-content td-pb-padding-side\">\n<div class=\"td-post-featured-image\"><a href=\"https:\/\/analyse.optim.biz\/wp-content\/uploads\/2026\/01\/lacul-golovita-jurilovca-foto-facebook.jpg\" data-caption><img loading=\"lazy\" decoding=\"async\" width=\"640\" height=\"426\" class=\"entry-thumb td-modal-image\" src=\"https:\/\/analyse.optim.biz\/wp-content\/uploads\/2026\/01\/lacul-golovita-jurilovca-foto-facebook-640x426-1.jpg\" title=\"Lacul Golovita Jurilovca FOTO Facebook\"><\/a><\/div>\n<p>Mai mul\u021bi turi\u0219ti care se plimbau cu barca pe lacul Golovi\u021ba au fost \u00een pericol s\u0103 se \u00eenece, din cauza valorilor produse de v\u00e2nt. Din fericire, \u00een ajutorul lor au s\u0103rit angaja\u021bii ai Prim\u0103riei Jurilovca, \u00een frunte chiar cu primarul localit\u0103\u021bii. C\u00e2nd au v\u0103zut c\u0103 nu mai pot controla barca, turi\u0219tii au sunat la 112, solici\u00e2nd ajutor. Cei de la ISU Delta nu puteau interveni \u00eens\u0103 \u00een timp util, a\u0219a c\u0103 au apelat la ajutorul autorit\u0103\u021bilor locale.<\/p>\n<p>Primarul comunei Jurilovca, Eugen Ion, a descris toat\u0103 opera\u0163iunea de salvare pe contul s\u0103u de Facebook.<\/p>\n<p>\u201e\u00cen urma solicit\u0103rii ISU Delta, \u00een aceast\u0103 dup\u0103-amiaz\u0103 am condus o interven\u0163ie de urgen\u0163\u0103 cu ambarca\u0163iunea Prim\u0103riei Jurilovca, pentru a recupera trei persoane de pe lacul Golovi\u0163a. Cei trei turi\u015fti se deplasau c\u0103tre Gura Porti\u0163ei cu o ambarca\u0163iune de mici dimensiuni, de\u0163inut\u0103 de unul dintre ace\u015ftia, ambarca\u0163iune ce s-a dovedit a fi inadecvat\u0103 pentru traversarea lacului \u00eentr-o zi cu v\u00e2nt \u2013 a\u015fa cum a fost cea de ast\u0103zi.<\/p>\n<p>M\u0103 bucur c\u0103 am avut mijloacele s\u0103 intervenim \u00een timp util \u015fi c\u0103 putem \u00eencheia ziua cu ve\u015fti bune \u2013 cele trei persoane au fost recuperate \u00een siguran\u0163\u0103 \u015fi nu au avut nevoie de asisten\u0163\u0103 medical\u0103\u201d, a scris primarul pe Facebook.<\/p>\n<\/div>\n<footer>\n<div class=\"td-post-source-tags td-pb-padding-side\">\n<ul class=\"td-tags td-post-small-box clearfix\">\n<li><span>ETICHETE<\/span><\/li>\n<li><a href=\"https:\/\/subiectivtulcea.ro\/tag\/isu-delta\/\">isu delta<\/a><\/li>\n<li><a href=\"https:\/\/subiectivtulcea.ro\/tag\/jurilovca\/\">jurilovca<\/a><\/li>\n<li><a href=\"https:\/\/subiectivtulcea.ro\/tag\/lacul-golovita\/\">lacul golovita<\/a><\/li>\n<li><a href=\"https:\/\/subiectivtulcea.ro\/tag\/turisti\/\">turisti<\/a><\/li>\n<\/ul>\n<\/div>\n<div class=\"td-post-sharing td-post-sharing-bottom td-pb-padding-side\"><span class=\"td-post-share-title\">DISTRIBUI\u021aI<\/span><\/p>\n<div class=\"td-default-sharing td-with-like\"><a class=\"td-social-sharing-buttons td-social-facebook\" href=\"https:\/\/www.facebook.com\/sharer.php?u=https%3A%2F%2Fsubiectivtulcea.ro%2Fturisti-salvati-pe-lacul-golovita%2F\"><\/p>\n<div class=\"td-social-but-text\">Facebook<\/div>\n<p><\/a><a class=\"td-social-sharing-buttons td-social-twitter\" href=\"https:\/\/twitter.com\/intent\/tweet?text=Turi%C5%9Fti+salva%C5%A3i+pe+lacul+Golovi%C5%A3a&amp;url=https%3A%2F%2Fsubiectivtulcea.ro%2Fturisti-salvati-pe-lacul-golovita%2F&amp;via=Subiectiv+De+Tulcea+-+Cotidianul+Cu+Stiri+Pe+Surse\"><\/p>\n<div class=\"td-social-but-text\">Twitter<\/div>\n<p><\/a><\/div>\n<div class=\"td-classic-sharing\">\n<ul>\n<li class=\"td-classic-facebook\"><iframe frameborder src=\"https:\/\/www.facebook.com\/plugins\/like.php?href=https:\/\/subiectivtulcea.ro\/turisti-salvati-pe-lacul-golovita\/&amp;layout=button_count&amp;show_faces=false&amp;width=105&amp;action=like&amp;colorscheme=light&amp;height=21\"><\/iframe><\/li>\n<li class=\"td-classic-twitter\"><a href=\"https:\/\/twitter.com\/share\" class=\"twitter-share-button\" data-url=\"https:\/\/subiectivtulcea.ro\/turisti-salvati-pe-lacul-golovita\/\" data-text=\"Turi\u015fti salva\u0163i pe lacul Golovi\u0163a\" data-via data-lang=\"en\">tweet<\/a><\/li>\n<\/ul>\n<\/div>\n<\/div>\n<div class=\"td-block-row td-post-next-prev\">\n<div class=\"td-block-span6 td-post-prev-post\">\n<div class=\"td-post-next-prev-content\"><span>Articolul precedent<\/span><a href=\"https:\/\/subiectivtulcea.ro\/femeie-de-72-de-ani-disparuta-de-acasa-gasita-in-viata-intr-o-rapa-de-langa-macin\/\">B\u0103tr\u00e2n\u0103 disp\u0103rut\u0103 de acas\u0103, g\u0103sit\u0103 \u00een via\u0163\u0103 \u00eentr-o r\u00e2p\u0103 de l\u00e2ng\u0103 M\u0103cin<\/a><\/div>\n<\/div>\n<div class=\"td-block-span6 td-post-next-post\">\n<div class=\"td-post-next-prev-content\"><span>Articolul urm\u0103tor<\/span><a href=\"https:\/\/subiectivtulcea.ro\/actiuni-ale-politiei-impotriva-braconierilor-din-delta-dunarii\/\">Ac\u021biuni ale poli\u021biei \u00eempotriva braconierilor din Delta Dun\u0103rii<\/a><\/div>\n<\/div>\n<\/div>\n<div class=\"author-box-wrap\"><a href=\"https:\/\/subiectivtulcea.ro\/author\/sorin\/\"><img loading=\"lazy\" decoding=\"async\" src=\"https:\/\/analyse.optim.biz\/wp-content\/uploads\/2026\/01\/4054b95552868c8c392af45ec328ee34-297.jpg\" class=\"avatar avatar-96 photo\" height=\"96\" width=\"96\" title=\"4054b95552868c8c392af45ec328ee34-297\"><\/a><\/p>\n<div class=\"desc\">\n<div class=\"td-author-name vcard author\"><span class=\"fn\"><a href=\"https:\/\/subiectivtulcea.ro\/author\/sorin\/\">Stefan Vasilescu<\/a><\/span><\/div>\n<\/div>\n<\/div>\n<p><span><\/span><span><span><\/span><\/span><span><\/span><\/footer>\n<div class=\"td_block_wrap td_block_related_posts td_uid_5_69763c9be710c_rand td_with_ajax_pagination td-pb-border-top td_block_template_1\" data-td-block-uid=\"td_uid_5_69763c9be710c\">\n<h4 class=\"td-related-title\"><a id=\"td_uid_6_69763c9bed106\" class=\"td-related-left td-cur-simple-item\" data-td_filter_value data-td_block_id=\"td_uid_5_69763c9be710c\" href=\"https:\/\/subiectivtulcea.ro\/turisti-salvati-pe-lacul-golovita\/\">ARTICOLE SIMILARE<\/a><a id=\"td_uid_7_69763c9bed149\" class=\"td-related-right\" data-td_filter_value=\"td_related_more_from_author\" data-td_block_id=\"td_uid_5_69763c9be710c\" href=\"https:\/\/subiectivtulcea.ro\/turisti-salvati-pe-lacul-golovita\/\">DE LA ACELA\u0218I AUTOR<\/a><\/h4>\n<div id=\"td_uid_5_69763c9be710c\" class=\"td_block_inner\">\n<div class=\"td-related-row\">\n<div class=\"td-related-span4\">\n<div class=\"td_module_related_posts td-animation-stack td_mod_related_posts\">\n<div class=\"td-module-image\">\n<div class=\"td-module-thumb\"><a href=\"https:\/\/subiectivtulcea.ro\/ministrul-sanatatii-trebuie-sa-ne-obisnuim-ca-pe-perioada-verii-sa-avem-ca-vecin-virusul\/\" rel=\"bookmark\" title=\"Ministrul San\u0103t\u0103\u021bii: Trebuie s\u0103 ne obi\u015fnuim ca pe perioada verii s\u0103 avem ca vecin virusul\"><img loading=\"lazy\" decoding=\"async\" width=\"238\" height=\"178\" class=\"entry-thumb\" src=\"https:\/\/analyse.optim.biz\/wp-content\/uploads\/2026\/01\/izoleta-coronavirus-238x178-299.jpg\" title=\"Ministrul San\u0103t\u0103\u021bii: Trebuie s\u0103 ne obi\u015fnuim ca pe perioada verii s\u0103 avem ca vecin virusul\"><\/a><\/div>\n<\/div>\n<div class=\"item-details\">\n<h3 class=\"entry-title td-module-title\"><a href=\"https:\/\/subiectivtulcea.ro\/ministrul-sanatatii-trebuie-sa-ne-obisnuim-ca-pe-perioada-verii-sa-avem-ca-vecin-virusul\/\" rel=\"bookmark\" title=\"Ministrul San\u0103t\u0103\u021bii: Trebuie s\u0103 ne obi\u015fnuim ca pe perioada verii s\u0103 avem ca vecin virusul\">Ministrul San\u0103t\u0103\u021bii: Trebuie s\u0103 ne obi\u015fnuim ca pe perioada verii s\u0103 avem ca vecin virusul<\/a><\/h3>\n<\/div>\n<\/div>\n<\/div>\n<div class=\"td-related-span4\">\n<div class=\"td_module_related_posts td-animation-stack td_mod_related_posts\">\n<div class=\"td-module-image\">\n<div class=\"td-module-thumb\"><a href=\"https:\/\/subiectivtulcea.ro\/lucrarile-la-podul-peste-dunare-intarziate-din-cauza-procedurii-exproprierilor\/\" rel=\"bookmark\" title=\"Lucr\u0103rile la Podul peste Dun\u0103re, \u00eent\u00e2rziate din cauza procedurii exproprierilor\"><img loading=\"lazy\" decoding=\"async\" width=\"238\" height=\"178\" class=\"entry-thumb\" src=\"https:\/\/analyse.optim.biz\/wp-content\/uploads\/2026\/01\/pod-dunare-238x178-1-286.jpg\" title=\"Lucr\u0103rile la Podul peste Dun\u0103re, \u00eent\u00e2rziate din cauza procedurii exproprierilor\"><\/a><\/div>\n<\/div>\n<div class=\"item-details\">\n<h3 class=\"entry-title td-module-title\"><a href=\"https:\/\/subiectivtulcea.ro\/lucrarile-la-podul-peste-dunare-intarziate-din-cauza-procedurii-exproprierilor\/\" rel=\"bookmark\" title=\"Lucr\u0103rile la Podul peste Dun\u0103re, \u00eent\u00e2rziate din cauza procedurii exproprierilor\">Lucr\u0103rile la Podul peste Dun\u0103re, \u00eent\u00e2rziate din cauza procedurii exproprierilor<\/a><\/h3>\n<\/div>\n<\/div>\n<\/div>\n<div class=\"td-related-span4\">\n<div class=\"td_module_related_posts td-animation-stack td_mod_related_posts\">\n<div class=\"td-module-image\">\n<div class=\"td-module-thumb\"><a href=\"https:\/\/subiectivtulcea.ro\/tulcea-atentionare-pentru-persoanele-care-doresc-sa-lucreze-in-strainatate\/\" rel=\"bookmark\" title=\"TULCEA Aten\u021bionare pentru persoanele care doresc s\u0103 lucreze \u00een str\u0103in\u0103tate\"><img loading=\"lazy\" decoding=\"async\" width=\"238\" height=\"178\" class=\"entry-thumb\" src=\"https:\/\/analyse.optim.biz\/wp-content\/uploads\/2026\/01\/targ-joburi-238x178-287.jpg\" title=\"TULCEA Aten\u021bionare pentru persoanele care doresc s\u0103 lucreze \u00een str\u0103in\u0103tate\"><\/a><\/div>\n<\/div>\n<div class=\"item-details\">\n<h3 class=\"entry-title td-module-title\"><a href=\"https:\/\/subiectivtulcea.ro\/tulcea-atentionare-pentru-persoanele-care-doresc-sa-lucreze-in-strainatate\/\" rel=\"bookmark\" title=\"TULCEA Aten\u021bionare pentru persoanele care doresc s\u0103 lucreze \u00een str\u0103in\u0103tate\">TULCEA Aten\u021bionare pentru persoanele care doresc s\u0103 lucreze \u00een str\u0103in\u0103tate<\/a><\/h3>\n<\/div>\n<\/div>\n<\/div>\n<\/div>\n<\/div>\n<\/div>\n<div class=\"comments\" id=\"comments\">\n<div id=\"respond\" class=\"comment-respond\">\n<h3 id=\"reply-title\" class=\"comment-reply-title\">L\u0102SA\u021aI UN MESAJ <small><a rel=\"nofollow\" id=\"cancel-comment-reply-link\" href=\"https:\/\/subiectivtulcea.ro\/turisti-salvati-pe-lacul-golovita\/#respond\">Renun\u021ba\u021bi la r\u0103spuns<\/a><\/small><\/h3>\n<div class=\"comment-form-input-wrap td-form-comment\">\n<div class=\"td-warning-comment\">Please enter your comment!<\/div>\n<\/div>\n<div class=\"comment-form-input-wrap td-form-author\">\n<div class=\"td-warning-author\">Please enter your name here<\/div>\n<\/div>\n<div class=\"comment-form-input-wrap td-form-email\">\n<div class=\"td-warning-email-error\">You have entered an incorrect email address!<\/div>\n<div class=\"td-warning-email\">Please enter your email address here<\/div>\n<\/div>\n<div class=\"gglcptch gglcptch_v2\">\n<div>\n<div>\n<div>\n\t\t\t\t\t\t\t\t\n\t\t\t\t\t\t\t<\/div>\n<\/div>\n<\/div>\n<\/div>\n<\/div>\n<\/div>\n<\/div>\n<\/div>\n<div class=\"td-pb-span4 td-main-sidebar td-pb-border-top\" role=\"complementary\">\n<div class=\"td-ss-main-sidebar\">\n<div class=\"td-a-rec td-a-rec-id-sidebar  td_uid_8_69763c9befac1_rand td_block_template_1\"><span class=\"td-adspot-title\">&#8211; Advertisement &#8211;<\/span><\/p>\n<div class=\"td-all-devices\"><a href=\"https:\/\/subiectivtulcea.ro\/turisti-salvati-pe-lacul-golovita\/\"><img decoding=\"async\" src=\"https:\/\/analyse.optim.biz\/wp-content\/uploads\/2026\/01\/vizual-maximia-tv_cartela-vodafone-299.jpg\" title=\"vizual-maximia-tv_cartela-vodafone-299\"><\/a><\/div>\n<\/div>\n<div class=\"td_block_wrap td_block_9 td_block_widget td_uid_9_69763c9befcbe_rand td_with_ajax_pagination td-pb-border-top td_block_template_1\" data-td-block-uid=\"td_uid_9_69763c9befcbe\">\n<h4 class=\"block-title\"><span class=\"td-pulldown-size\">CITESTE SI &#8230;<\/span><\/h4>\n<div id=\"td_uid_9_69763c9befcbe\" class=\"td_block_inner\">\n<div class=\"td-block-span12\">\n<div class=\"td_module_8 td_module_wrap\">\n<div class=\"item-details\">\n<h3 class=\"entry-title td-module-title\"><a href=\"https:\/\/subiectivtulcea.ro\/elevii-si-prescolarii-au-liber-vineri-de-sarbatoarea-sfantului-andrei\/\" rel=\"bookmark\" title=\"Elevii \u015fi pre\u015fcolarii au liber vineri, de s\u0103rb\u0103toarea Sf\u00e2ntului Andrei\">Elevii \u015fi pre\u015fcolarii au liber vineri, de s\u0103rb\u0103toarea Sf\u00e2ntului Andrei<\/a><\/h3>\n<div class=\"meta-info\"><span class=\"td-post-author-name\"><a href=\"https:\/\/subiectivtulcea.ro\/author\/sorin\/\">Stefan Vasilescu<\/a><span>&#8211;<\/span><\/span><span class=\"td-post-date\"><time class=\"entry-date updated td-module-date\" datetime=\"2018-11-27T12:23:20+00:00\">noiembrie 27, 2018<\/time><\/span><\/div>\n<\/div>\n<\/div>\n<\/div>\n<div class=\"td-block-span12\">\n<div class=\"td_module_8 td_module_wrap\">\n<div class=\"item-details\">\n<h3 class=\"entry-title td-module-title\"><a href=\"https:\/\/subiectivtulcea.ro\/tulcea-hotelierii-critica-taxa-de-1-pentru-promovarea-turistica-a-orasului\/\" rel=\"bookmark\" title=\"Tulcea: Hotelierii critic\u0103 taxa de 1% pentru promovarea turistic\u0103 a ora\u015fului\">Tulcea: Hotelierii critic\u0103 taxa de 1% pentru promovarea turistic\u0103 a ora\u015fului<\/a><\/h3>\n<div class=\"meta-info\"><span class=\"td-post-author-name\"><a href=\"https:\/\/subiectivtulcea.ro\/author\/sorin\/\">Stefan Vasilescu<\/a><span>&#8211;<\/span><\/span><span class=\"td-post-date\"><time class=\"entry-date updated td-module-date\" datetime=\"2020-01-21T08:37:35+00:00\">ianuarie 21, 2020<\/time><\/span><\/div>\n<\/div>\n<\/div>\n<\/div>\n<div class=\"td-block-span12\">\n<div class=\"td_module_8 td_module_wrap\">\n<div class=\"item-details\">\n<h3 class=\"entry-title td-module-title\"><a href=\"https:\/\/subiectivtulcea.ro\/inhga-debitul-dunarii-va-fi-sub-media-multianuala-a-lunii-ianuarie\/\" rel=\"bookmark\" title=\"INHGA: Debitul Dun\u0103rii va fi sub media multianual\u0103 a lunii ianuarie\">INHGA: Debitul Dun\u0103rii va fi sub media multianual\u0103 a lunii ianuarie<\/a><\/h3>\n<div class=\"meta-info\"><span class=\"td-post-author-name\"><a href=\"https:\/\/subiectivtulcea.ro\/author\/sorin\/\">Stefan Vasilescu<\/a><span>&#8211;<\/span><\/span><span class=\"td-post-date\"><time class=\"entry-date updated td-module-date\" datetime=\"2019-01-14T08:27:33+00:00\">ianuarie 14, 2019<\/time><\/span><\/div>\n<\/div>\n<\/div>\n<\/div>\n<div class=\"td-block-span12\">\n<div class=\"td_module_8 td_module_wrap\">\n<div class=\"item-details\">\n<h3 class=\"entry-title td-module-title\"><a href=\"https:\/\/subiectivtulcea.ro\/bilantul-furtunilor-60-de-localitati-afectate-de-ploi-sute-de-curti-si-zeci-de-locuinte-inundate-masini-blocate-si-persoane-evacuate\/\" rel=\"bookmark\" title=\"Bilan\u021bul furtunilor: 60 de localit\u0103\u0163i afectate de ploi, sute de cur\u0163i \u015fi zeci de locuin\u0163e inundate, ma\u015fini blocate \u015fi persoane evacuate\">Bilan\u021bul furtunilor: 60 de localit\u0103\u0163i afectate de ploi, sute de cur\u0163i \u015fi zeci de&#8230;<\/a><\/h3>\n<div class=\"meta-info\"><span class=\"td-post-author-name\"><a href=\"https:\/\/subiectivtulcea.ro\/author\/sorin\/\">Stefan Vasilescu<\/a><span>&#8211;<\/span><\/span><span class=\"td-post-date\"><time class=\"entry-date updated td-module-date\" datetime=\"2018-06-29T06:10:35+00:00\">iunie 29, 2018<\/time><\/span><\/div>\n<\/div>\n<\/div>\n<\/div>\n<div class=\"td-block-span12\">\n<div class=\"td_module_8 td_module_wrap\">\n<div class=\"item-details\">\n<h3 class=\"entry-title td-module-title\"><a href=\"https:\/\/subiectivtulcea.ro\/cine-a-mintit-comisia-europeana-agricultorii-din-tulcea-tinta-abuzurilor-statului-roman\/\" rel=\"bookmark\" title=\"Cine a min\u021bit Comisia European\u0103? Agricultorii din Tulcea, \u021binta abuzurilor statului rom\u00e2n\">Cine a min\u021bit Comisia European\u0103? Agricultorii din Tulcea, \u021binta abuzurilor statului rom\u00e2n<\/a><\/h3>\n<div class=\"meta-info\"><span class=\"td-post-author-name\"><a href=\"https:\/\/subiectivtulcea.ro\/author\/sorin\/\">Stefan Vasilescu<\/a><span>&#8211;<\/span><\/span><span class=\"td-post-date\"><time class=\"entry-date updated td-module-date\" datetime=\"2018-12-21T12:01:44+00:00\">decembrie 21, 2018<\/time><\/span><\/div>\n<\/div>\n<\/div>\n<\/div>\n<\/div>\n<\/div>\n<\/div>\n<\/div>\n<\/div>\n<\/article>\n<p> Source URL: https:\/\/subiectivtulcea.ro\/turisti-salvati-pe-lacul-golovita\/<\/p>\n","protected":false},"excerpt":{"rendered":"<p>Acas\u0103Ultimele \u0218tiriTuri\u015fti salva\u0163i pe lacul Golovi\u0163a Ultimele \u0218tiri Turi\u015fti salva\u0163i pe lacul Golovi\u0163a De c\u0103tre Stefan Vasilescu &#8211; mai 31, 2018 2014 0 DISTRIBUI\u021aI Facebook Twitter Mai mul\u021bi turi\u0219ti care se plimbau cu barca pe lacul Golovi\u021ba au fost \u00een pericol s\u0103 se \u00eenece, din cauza valorilor produse de v\u00e2nt. Din fericire, \u00een ajutorul lor [&hellip;]<\/p>\n","protected":false},"author":1,"featured_media":1382591,"comment_status":"open","ping_status":"","sticky":false,"template":"","format":"standard","meta":{"footnotes":""},"categories":[89],"tags":[222],"class_list":["post-1382590","post","type-post","status-publish","format-standard","has-post-thumbnail","hentry","category-romania","tag-subiectivtulcea-ro"],"_links":{"self":[{"href":"https:\/\/analyse.optim.biz\/index.php?rest_route=\/wp\/v2\/posts\/1382590","targetHints":{"allow":["GET"]}}],"collection":[{"href":"https:\/\/analyse.optim.biz\/index.php?rest_route=\/wp\/v2\/posts"}],"about":[{"href":"https:\/\/analyse.optim.biz\/index.php?rest_route=\/wp\/v2\/types\/post"}],"author":[{"embeddable":true,"href":"https:\/\/analyse.optim.biz\/index.php?rest_route=\/wp\/v2\/users\/1"}],"replies":[{"embeddable":true,"href":"https:\/\/analyse.optim.biz\/index.php?rest_route=%2Fwp%2Fv2%2Fcomments&post=1382590"}],"version-history":[{"count":0,"href":"https:\/\/analyse.optim.biz\/index.php?rest_route=\/wp\/v2\/posts\/1382590\/revisions"}],"wp:featuredmedia":[{"embeddable":true,"href":"https:\/\/analyse.optim.biz\/index.php?rest_route=\/wp\/v2\/media\/1382591"}],"wp:attachment":[{"href":"https:\/\/analyse.optim.biz\/index.php?rest_route=%2Fwp%2Fv2%2Fmedia&parent=1382590"}],"wp:term":[{"taxonomy":"category","embeddable":true,"href":"https:\/\/analyse.optim.biz\/index.php?rest_route=%2Fwp%2Fv2%2Fcategories&post=1382590"},{"taxonomy":"post_tag","embeddable":true,"href":"https:\/\/analyse.optim.biz\/index.php?rest_route=%2Fwp%2Fv2%2Ftags&post=1382590"}],"curies":[{"name":"wp","href":"https:\/\/api.w.org\/{rel}","templated":true}]}}