{"id":138095,"date":"2017-06-23T12:44:40","date_gmt":"2017-06-23T09:44:40","guid":{"rendered":"https:\/\/analyse.optim.biz\/?p=138095"},"modified":"2017-06-23T12:44:40","modified_gmt":"2017-06-23T09:44:40","slug":"busoi-firea-o-guraliva-incapabila-a-pus-politruci-din-voluntari-sefi-la-institutiile-din-subordinea-ei","status":"publish","type":"post","link":"https:\/\/analyse.optim.biz\/?p=138095","title":{"rendered":"Bu\u015foi: Firea, o guraliv\u0103 incapabil\u0103. A pus politruci din Voluntari \u0219efi la institu\u021biile din subordinea ei"},"content":{"rendered":"<div class=\"entry data-app-meta data-app-meta-article\" data-embed-base-url-canonical=\"https:\/\/www.digi24.ro\/embed\/stiri\/actualitate\/politica\/busoi-firea-o-guraliva-incapabila-a-pus-politruci-din-voluntari-sefi-la-institutiile-subordonate-primariei-748424\">\n<p data-index=\"1\"><strong>Pre\u015fedintele PNL Bucure\u015fti, Cristian Bu\u015foi, sus\u0163ine, \u00eentr-un comunicat de pres\u0103, c\u0103 singurul c\u00e2\u015ftig dup\u0103 un an de mandat cu Gabriela Firea primar general este \u201dimaginea primarului de tip Las Fierbin\u0163i &#8211; guraliv\u0103, incapabil\u0103 \u015fi f\u0103r\u0103 absolut nicio direc\u0163ie pentru Bucure\u015fti\u201d.<\/strong><\/p>\n<p data-index=\"2\"><img loading=\"lazy\" decoding=\"async\" class=\"alignnone size-full wp-image-748429\" src=\"https:\/\/analyse.optim.biz\/wp-content\/uploads\/2024\/09\/ptm5nzeymgnhywiwyzu3odczyja0odyzywmwogy0ndu3-thumb_.jpg\" width=\"993\" height=\"671\" data-skip-htmlfix=\"1\" title=\"ptm5nzeymgnhywiwyzu3odczyja0odyzywmwogy0ndu3-thumb_\"><\/p>\n<p data-index=\"3\">Bu\u015foi afirm\u0103 c\u0103, <a href=\"https:\/\/www.digi24.ro\/stiri\/actualitate\/politica\/bilant-minstrii-care-au-primit-multumiri-de-la-gabriela-firea-748368\" target=\"_blank\" rel=\"noopener noreferrer\" data-skip-linkfix=\"1\">dup\u0103 un an de mandat cu Gabriela Firea<\/a>, <strong>\u201enu s-a mi\u015fcat un milimetru \u00een fa\u0163\u0103 pentru rezolvarea problemelor care afecteaz\u0103 Bucure\u015ftiul\u201d<\/strong>.<\/p>\n<p data-index=\"4\"><strong>\u201ePrimul an de mandat al Gabrielei Firea este un an pierdut: acelea\u015fi pierderi uria\u015fe \u00een re\u0163eau de termoficare, acela\u015fi trafic haotic, aceea\u015fi infrastructur\u0103 la p\u00e2m\u00e2nt\u201d<\/strong>, subliniaz\u0103 pre\u015fedintele PNL Bucure\u015fti.<\/p>\n<p data-index=\"5\">Cristian Bu\u015foi enumer\u0103 ceea ce a f\u0103cut primarul Firea \u00eentr-un an de mandat: <strong>\u201ea b\u0103gat RADET \u00een insolven\u0163\u0103; a demis conducerea institu\u0163iilor subordonate prim\u0103riei ca s\u0103 pun\u0103 \u00een loc politruci din Voluntari; a \u00eenfiin\u0163at 21 de societ\u0103\u0163i comerciale care vor gestiona netransparent toate serviciile prim\u0103riei; a decorat ora\u015ful de Pa\u015fte \u015fi a propus concursuri de r\u0103spl\u0103tire a celui mai frumos balcon; a g\u0103sit un logo total inutil pentru Capital\u0103, care logo ulterior s-a dovedit copiat; a organizat concerte cu note de plat\u0103 piperate de Ziua Europei \u0219i de Dragobete\u201d.<\/strong><\/p>\n<p data-index=\"6\">Liderul PNL Bucure\u015fti mai sus\u0163ine c\u0103, din promisiunile din campanie ale Gabrielei Firea, nu s-a \u00eendeplinit practic \u015fi concret nimic.<\/p>\n<p data-index=\"7\">El argumenteaz\u0103 men\u0163ion\u00e2nd c\u0103, legat de RADET, insolven\u0163a a fost o idee proast\u0103 pentru c\u0103 a blocat investi\u0163iile cu fonduri europene, iar \u00een bugetul Prim\u0103riei Generale grosul banilor merg c\u0103tre subven\u0163ie, \u00een timp ce pentru investi\u0163ia \u00een reabilitarea re\u0163elei s-au alocat firimituri. \u201e\u00cen afar\u0103 c\u0103 primarul Firea a fluturat ideea c\u0103 str\u0103inii r\u0103i vor s\u0103 cumperere RADET &#8211; care str\u0103ini \u015fi de ce ar cump\u0103ra nu a l\u0103murit &#8211; tot ce a f\u0103cut Primarul General pentru RADET a fost s\u0103 \u00eencurajeze pe t\u0103cute un program de disponibiliz\u0103ri\u201d, spune Bu\u015foi.<\/p>\n<p data-index=\"8\">Legat de investi\u0163ia \u00een RATB, Bu\u015foi precizeaz\u0103 c\u0103 \u201epromisiunea gratuit\u0103\u0163ii transportului \u00een comun s-a f\u00e2s\u00e2it rapid dup\u0103 ce s-a descoperit c\u0103 este nesustenabil\u0103 \u015fi inutil\u0103\u201d.<\/p>\n<p data-index=\"9\"><strong>\u201eLa fel ca \u015fi \u00een cazul RADET, bugetul alocat de Prim\u0103ria General\u0103 se concentreaz\u0103 pe subven\u0163ie, iar la investi\u0163ii se d\u0103 mai nimic. Nu s-au achizi\u0163ionat cele 400 de autobuze, 100 de tramvaie \u015fi 100 de troleibuze promise, \u015fi pentru a fi clar \u00een ce stadiu de realizare se afl\u0103: nu s-a lansat nici m\u0103car licita\u0163ia pentru achizi\u0163ia mijloacelor de transport; prim\u0103ria nu a f\u0103cut altceva, timp de un an, dec\u00e2t s\u0103 lucreze la elaborarea caietului de sarcini\u201d<\/strong>, completeaz\u0103 liderul PNL Bucure\u015fti.<\/p>\n<p data-index=\"10\">\u00cen privin\u0163a traficului rutier, el aminte\u015fte c\u0103, acum un an, Gabriela Firea promitea realizarea unei benzi unice, care al\u0103turi de suplimentarea parcului auto al RATB \u015fi sistemul de semaforizare inteligent\u0103 reprezentau pachetul de solu\u0163ii pentru a descongestiona traficul, \u00eens\u0103 toate ideile au r\u0103mas la stadiul de promisiune.<\/p>\n<p data-index=\"11\">Cristian Bu\u015foi face referire \u015fi la transparen\u0163a administra\u0163iei, el amintind c\u0103 Gabriela Firea a promis c\u0103 din primele 100 de zile ca primar general va face publice cheltuielile \u015fi va asigura transparen\u0163a privind deciziile \u015fi contractele prim\u0103riei.<\/p>\n<p data-index=\"12\"><strong>\u201eCe s-a \u00eent\u00e2mplat \u00een realitate este c\u0103 primarul general a transformat \u00eentr-o cutum\u0103 introducerea proiectelor pe ordinea de zi suplimentar\u0103 f\u0103r\u0103 prezentarea public\u0103 prealabil\u0103 pe site-ul prim\u0103riei \u015fi, \u00een plus, blocheaz\u0103 accesul publicului la \u015fedin\u0163ele de Consiliu\u201d<\/strong>, arat\u0103 \u00een \u00eencheiere pre\u015fedintele PNL Bucure\u015fti.<\/p>\n<p data-index=\"13\">Primarul Capitalei Gabriela Firea \u015fi-a prezentat, vineri, bilan\u0163ul, la un an de mandat la Prim\u0103rie, ea consemn\u00e2nd c\u0103 au fost st\u00e2rpite firmele fantom\u0103, c\u0103 au fost deblocate numeroase \u015fantiere \u015fi anun\u0163\u00e2nd c\u0103 vor fi construite \u015fase cartiere de locuin\u0163e \u00een toate sectoarele Bucure\u015ftiului, un spital metropolitan, cre\u015fe \u015fi gr\u0103dini\u0163e, precum \u015fi s\u0103li pentru organizarea de evenimente.<\/p>\n<p data-index=\"14\"><em>Sursa: News.ro<\/em><\/p>\n<\/div>\n<p> Source URL: https:\/\/www.digi24.ro\/stiri\/actualitate\/politica\/busoi-firea-o-guraliva-incapabila-a-pus-politruci-din-voluntari-sefi-la-institutiile-subordonate-primariei-748424<\/p>\n","protected":false},"excerpt":{"rendered":"<p>Pre\u015fedintele PNL Bucure\u015fti, Cristian Bu\u015foi, sus\u0163ine, \u00eentr-un comunicat de pres\u0103, c\u0103 singurul c\u00e2\u015ftig dup\u0103 un an de mandat cu Gabriela Firea primar general este \u201dimaginea primarului de tip Las Fierbin\u0163i &#8211; guraliv\u0103, incapabil\u0103 \u015fi f\u0103r\u0103 absolut nicio direc\u0163ie pentru Bucure\u015fti\u201d. Bu\u015foi afirm\u0103 c\u0103, dup\u0103 un an de mandat cu Gabriela Firea, \u201enu s-a mi\u015fcat un [&hellip;]<\/p>\n","protected":false},"author":1,"featured_media":138096,"comment_status":"open","ping_status":"","sticky":false,"template":"","format":"standard","meta":{"footnotes":""},"categories":[2],"tags":[11],"class_list":["post-138095","post","type-post","status-publish","format-standard","has-post-thumbnail","hentry","category-politics","tag-digi24"],"_links":{"self":[{"href":"https:\/\/analyse.optim.biz\/index.php?rest_route=\/wp\/v2\/posts\/138095","targetHints":{"allow":["GET"]}}],"collection":[{"href":"https:\/\/analyse.optim.biz\/index.php?rest_route=\/wp\/v2\/posts"}],"about":[{"href":"https:\/\/analyse.optim.biz\/index.php?rest_route=\/wp\/v2\/types\/post"}],"author":[{"embeddable":true,"href":"https:\/\/analyse.optim.biz\/index.php?rest_route=\/wp\/v2\/users\/1"}],"replies":[{"embeddable":true,"href":"https:\/\/analyse.optim.biz\/index.php?rest_route=%2Fwp%2Fv2%2Fcomments&post=138095"}],"version-history":[{"count":0,"href":"https:\/\/analyse.optim.biz\/index.php?rest_route=\/wp\/v2\/posts\/138095\/revisions"}],"wp:featuredmedia":[{"embeddable":true,"href":"https:\/\/analyse.optim.biz\/index.php?rest_route=\/wp\/v2\/media\/138096"}],"wp:attachment":[{"href":"https:\/\/analyse.optim.biz\/index.php?rest_route=%2Fwp%2Fv2%2Fmedia&parent=138095"}],"wp:term":[{"taxonomy":"category","embeddable":true,"href":"https:\/\/analyse.optim.biz\/index.php?rest_route=%2Fwp%2Fv2%2Fcategories&post=138095"},{"taxonomy":"post_tag","embeddable":true,"href":"https:\/\/analyse.optim.biz\/index.php?rest_route=%2Fwp%2Fv2%2Ftags&post=138095"}],"curies":[{"name":"wp","href":"https:\/\/api.w.org\/{rel}","templated":true}]}}