{"id":138080,"date":"2017-06-23T13:30:50","date_gmt":"2017-06-23T10:30:50","guid":{"rendered":"https:\/\/analyse.optim.biz\/?p=138080"},"modified":"2017-06-23T13:30:50","modified_gmt":"2017-06-23T10:30:50","slug":"basescu-dragnea-firea-vasilescu-si-shhaideh-niste-submediocri-ca-intelect-dar-vicleni","status":"publish","type":"post","link":"https:\/\/analyse.optim.biz\/?p=138080","title":{"rendered":"B\u0103sescu: Dragnea, Firea, Vasilescu \u015fi Shhaideh, ni\u015fte submediocri ca intelect, dar vicleni"},"content":{"rendered":"<div class=\"entry data-app-meta data-app-meta-article\" data-embed-base-url-canonical=\"https:\/\/www.digi24.ro\/embed\/stiri\/actualitate\/politica\/basescu-dragnea-firea-vasilescu-si-shhaideh-niste-submediocri-ca-intelect-dar-vicleni-748475\">\n<p data-index=\"1\"><strong>Pre\u015fedintele PMP, Traian B\u0103sescu, scrie pe Facebook c\u0103 PSD a ajuns un partid \u201edeturnat\u201d de lideri precum Liviu Dragnea, Gabriela Firea, Olgu\u0163a Vasilescu, Sevil Shhaideh \u015fi Carmen Dan, care sunt \u201esubmediocri ca intelect\u201d, \u00eens\u0103 \u201evicleni\u201d \u015fi \u201eguralivi\u201d, pun\u00e2nd interesul propriu \u00een fa\u0163a interesului PSD \u015fi al \u0163\u0103rii.<\/strong><\/p>\n<p data-index=\"2\"><img loading=\"lazy\" decoding=\"async\" class=\"alignnone size-full wp-image-748480\" src=\"https:\/\/analyse.optim.biz\/wp-content\/uploads\/2024\/09\/dz04mdamagfzad03zju2mjnlmje5ywjkmtblmjeyndk3yteyyjlhywfmnq-thumb_.jpg\" width=\"875\" height=\"526\" data-skip-htmlfix=\"1\" title=\"dz04mdamagfzad03zju2mjnlmje5ywjkmtblmjeyndk3yteyyjlhywfmnq-thumb_\"><\/p>\n<p data-index=\"3\"><strong>\u201ePSD, un partid deturnat. Un colos politic de talia PSD a ajuns s\u0103 fie deturnat \u00een interes propriu, de c\u00e2\u0163iva submediocri ca intelect, dar vicleni \u015fi guralivi \u015fi, mai ales, degrab\u0103 vorbitori la tv-uri. Liviu Dragnea, Gabriela Firea, Carmen Dan, Olgu\u0163a Vasilescu, Sevil Shhaideh to\u0163i ni\u015fte oportuni\u015fti cr\u00e2nceni, incompeten\u0163i pentru func\u0163iile pe care le ocup\u0103, au ajuns s\u0103 domine un partid uria\u015f care are comportamentul unei \u00abcutii cu plastilin\u0103\u00bb, amorf\u0103, pe care o modeleaz\u0103 f\u0103r\u0103 niciun efort un copila\u015f la gr\u0103dini\u0163\u0103\u201d<\/strong>, scrie B\u0103sescu, pe Facebook.<\/p>\n<p data-index=\"4\">Fostul pre\u015fedinte spune c\u0103 ei folosesc PSD pentru <strong>\u201epropriul lor postament politic\u201d<\/strong>, cu dispre\u0163 fa\u0163\u0103 de partid \u015fi fa\u0163\u0103 de interesele \u0163\u0103rii.<\/p>\n<p data-index=\"5\"><strong>\u201eDe aceea, cred eu, \u00abcutia cu plastilin\u0103\u00bb trebuie s\u0103 se decid\u0103 foarte rapid, dac\u0103 vrea s\u0103 redevin\u0103 partid politic viu, util \u0163\u0103rii, sau \u00ee\u015fi men\u0163ine statutul actual, dar atunci exist\u0103 riscul ca bebelu\u015ful de la gr\u0103dini\u0163\u0103 s\u0103 fac\u0103 pipi pe ea, pe cutia cu plastilin\u0103, a\u015fa cum s-a \u00eent\u00e2mplat miercuri la mo\u0163iune. Men\u0163inerea acestui statut face din PSD un partid INAPT PENTRU GUVERNARE\u201d<\/strong>, mai scrie B\u0103sescu.<\/p>\n<p data-index=\"6\"><em>Sursa: News.ro<\/em><\/p>\n<\/div>\n<p> Source URL: https:\/\/www.digi24.ro\/stiri\/actualitate\/politica\/basescu-dragnea-firea-vasilescu-si-shhaideh-niste-submediocri-ca-intelect-dar-vicleni-748475<\/p>\n","protected":false},"excerpt":{"rendered":"<p>Pre\u015fedintele PMP, Traian B\u0103sescu, scrie pe Facebook c\u0103 PSD a ajuns un partid \u201edeturnat\u201d de lideri precum Liviu Dragnea, Gabriela Firea, Olgu\u0163a Vasilescu, Sevil Shhaideh \u015fi Carmen Dan, care sunt \u201esubmediocri ca intelect\u201d, \u00eens\u0103 \u201evicleni\u201d \u015fi \u201eguralivi\u201d, pun\u00e2nd interesul propriu \u00een fa\u0163a interesului PSD \u015fi al \u0163\u0103rii. \u201ePSD, un partid deturnat. Un colos politic de [&hellip;]<\/p>\n","protected":false},"author":1,"featured_media":138081,"comment_status":"open","ping_status":"","sticky":false,"template":"","format":"standard","meta":{"footnotes":""},"categories":[2],"tags":[11],"class_list":["post-138080","post","type-post","status-publish","format-standard","has-post-thumbnail","hentry","category-politics","tag-digi24"],"_links":{"self":[{"href":"https:\/\/analyse.optim.biz\/index.php?rest_route=\/wp\/v2\/posts\/138080","targetHints":{"allow":["GET"]}}],"collection":[{"href":"https:\/\/analyse.optim.biz\/index.php?rest_route=\/wp\/v2\/posts"}],"about":[{"href":"https:\/\/analyse.optim.biz\/index.php?rest_route=\/wp\/v2\/types\/post"}],"author":[{"embeddable":true,"href":"https:\/\/analyse.optim.biz\/index.php?rest_route=\/wp\/v2\/users\/1"}],"replies":[{"embeddable":true,"href":"https:\/\/analyse.optim.biz\/index.php?rest_route=%2Fwp%2Fv2%2Fcomments&post=138080"}],"version-history":[{"count":0,"href":"https:\/\/analyse.optim.biz\/index.php?rest_route=\/wp\/v2\/posts\/138080\/revisions"}],"wp:featuredmedia":[{"embeddable":true,"href":"https:\/\/analyse.optim.biz\/index.php?rest_route=\/wp\/v2\/media\/138081"}],"wp:attachment":[{"href":"https:\/\/analyse.optim.biz\/index.php?rest_route=%2Fwp%2Fv2%2Fmedia&parent=138080"}],"wp:term":[{"taxonomy":"category","embeddable":true,"href":"https:\/\/analyse.optim.biz\/index.php?rest_route=%2Fwp%2Fv2%2Fcategories&post=138080"},{"taxonomy":"post_tag","embeddable":true,"href":"https:\/\/analyse.optim.biz\/index.php?rest_route=%2Fwp%2Fv2%2Ftags&post=138080"}],"curies":[{"name":"wp","href":"https:\/\/api.w.org\/{rel}","templated":true}]}}