{"id":138077,"date":"2017-06-23T13:35:49","date_gmt":"2017-06-23T10:35:49","guid":{"rendered":"https:\/\/analyse.optim.biz\/?p=138077"},"modified":"2017-06-23T13:35:49","modified_gmt":"2017-06-23T10:35:49","slug":"tudor-chirila-despre-criza-din-psd-si-demiterea-guvernului-o-tara-intreaga-este-calcata-in-picioare-de-un-singur-om","status":"publish","type":"post","link":"https:\/\/analyse.optim.biz\/?p=138077","title":{"rendered":"Tudor Chiril\u0103, despre criza din PSD \u0219i demiterea guvernului: &#8220;O \u021bar\u0103 \u00eentreag\u0103 este c\u0103lcat\u0103 \u00een picioare de un singur om&#8221;"},"content":{"rendered":"<div class=\"entry data-app-meta data-app-meta-article\" data-embed-base-url-canonical=\"https:\/\/www.digi24.ro\/embed\/stiri\/actualitate\/politica\/tudor-chirila-despre-criza-din-psd-si-demiterea-guvernului-o-tara-intreaga-este-calcata-in-picioare-de-un-singur-om-748479\">\n<p data-index=\"1\"><strong>Tudor Chiril\u0103 a condamnat, pe pagina sa de Facebook, evenimentele din ultimele zile, \u00een care coali\u021bia PSD-ALDE \u0219i-a demis propriul guvern, iar aproape to\u021bi mini\u0219tri \u0219i-au depus demisiile.\u00a0<\/strong><\/p>\n<p data-index=\"2\"><img loading=\"lazy\" decoding=\"async\" class=\"alignnone size-full wp-image-574502\" src=\"https:\/\/analyse.optim.biz\/wp-content\/uploads\/2024\/09\/mczoyxnopwnmmwfjntezmdvlnjfjowq1ywvlnmnhyjywmwnlowiy-thumb_.jpg\" width=\"1200\" height=\"775\" data-skip-htmlfix=\"1\" title=\"mczoyxnopwnmmwfjntezmdvlnjfjowq1ywvlnmnhyjywmwnlowiy-thumb_\"><\/p>\n<p data-index=\"3\"><em>&#8220;Tot ce se \u00eent\u00e2mpl\u0103 zilele astea sub ochii no\u0219tri sc\u00e2rbi\u021bi \u0219i stupefia\u021bi este MULT mai r\u0103u dec\u00e2t ceea ce s-a \u00eent\u00e2mplat \u00een februarie la ceas de noapte. O \u021bar\u0103 \u00eentreag\u0103 este c\u0103lcat\u0103 \u00een picioare de un singur om. O mascarad\u0103 f\u0103r\u0103 nicio cus\u0103tur\u0103 se desf\u0103\u0219oar\u0103 nest\u00e2njenit\u0103. Rom\u00e2nia este pur \u0219i simplu sugrumat\u0103, strivit\u0103 de luptele pentru putere dintr-un partid de penali. Alt partid populat de penali (PNL) asist\u0103 neputincios de pe margine. USR nu are penali, dar nu reu\u0219e\u0219te s\u0103 devin\u0103 partid. Alte partide ad\u0103postesc al\u021bi penali. \u021aara este aproape de haos legislativ \u0219i administrativ. <\/em><\/p>\n<p data-index=\"4\"><em>Oamenii sunt debusola\u021bi. \u0218i atunci, m\u0103 \u00eentreb: oare de ce nu sunt de dou\u0103 ori mai mul\u021bi oameni \u00een strad\u0103 dec\u00e2t \u00een februarie cu o cerere simpl\u0103? O nou\u0103 lege a lustra\u021biei, niciun condamnat penal \u00een func\u021bie public\u0103. Sau orice revendicare de bun sim\u021b, care s\u0103 elibereze politica \u0219i administra\u021bia rom\u00e2neasc\u0103 de ace\u0219ti tic\u0103lo\u0219i f\u0103r\u0103 scrupule. Pentru c\u0103, altminteri, o s\u0103 ne ducem zilele \u00eentr-o \u021bar\u0103 \u00een care suntem zilnic scuipa\u021bi \u00een fa\u021b\u0103 de c\u0103tre ei. \u0218i respectul nostru de sine va ajunge (dac\u0103 nu a f\u0103cut-o deja) at\u00e2t de jos \u00eenc\u00e2t nu va mai avea niciun rost s\u0103 ne \u00eentreb\u0103m dac\u0103 mai suntem oameni. \u00centre ei cei care \u00ee\u0219i bat joc de noi nelimitat \u0219i noi cei care nu avem nicio limit\u0103 \u00een a accepta toat\u0103 aceast\u0103 batjocur\u0103 va fi \u00een cur\u00e2nd un mare semn de egalitate. Ferma animalelor&#8221;<\/em>, a scris Tudor Chiril\u0103 pe Facebook.<\/p>\n<p data-index=\"5\">\u00a0<\/p>\n<p class=\"gdpr-placeholder gdpr-social-media gdpr-iframe-fix\" data-index=\"7\"> Setarile tale privind cookie-urile nu permit afisarea continutul din aceasta sectiune. Poti actualiza setarile modulelor coookie direct din browser sau de <a class=\"ot-sdk-show-settings\" data-skip-linkfix=\"1\">aici<\/a> \u2013 e nevoie sa accepti cookie-urile social media<\/p>\n<\/div>\n<p> Source URL: https:\/\/www.digi24.ro\/stiri\/actualitate\/politica\/tudor-chirila-despre-criza-din-psd-si-demiterea-guvernului-o-tara-intreaga-este-calcata-in-picioare-de-un-singur-om-748479<\/p>\n","protected":false},"excerpt":{"rendered":"<p>Tudor Chiril\u0103 a condamnat, pe pagina sa de Facebook, evenimentele din ultimele zile, \u00een care coali\u021bia PSD-ALDE \u0219i-a demis propriul guvern, iar aproape to\u021bi mini\u0219tri \u0219i-au depus demisiile.\u00a0 &#8220;Tot ce se \u00eent\u00e2mpl\u0103 zilele astea sub ochii no\u0219tri sc\u00e2rbi\u021bi \u0219i stupefia\u021bi este MULT mai r\u0103u dec\u00e2t ceea ce s-a \u00eent\u00e2mplat \u00een februarie la ceas de noapte. [&hellip;]<\/p>\n","protected":false},"author":1,"featured_media":138078,"comment_status":"open","ping_status":"","sticky":false,"template":"","format":"standard","meta":{"footnotes":""},"categories":[2],"tags":[11],"class_list":["post-138077","post","type-post","status-publish","format-standard","has-post-thumbnail","hentry","category-politics","tag-digi24"],"_links":{"self":[{"href":"https:\/\/analyse.optim.biz\/index.php?rest_route=\/wp\/v2\/posts\/138077","targetHints":{"allow":["GET"]}}],"collection":[{"href":"https:\/\/analyse.optim.biz\/index.php?rest_route=\/wp\/v2\/posts"}],"about":[{"href":"https:\/\/analyse.optim.biz\/index.php?rest_route=\/wp\/v2\/types\/post"}],"author":[{"embeddable":true,"href":"https:\/\/analyse.optim.biz\/index.php?rest_route=\/wp\/v2\/users\/1"}],"replies":[{"embeddable":true,"href":"https:\/\/analyse.optim.biz\/index.php?rest_route=%2Fwp%2Fv2%2Fcomments&post=138077"}],"version-history":[{"count":0,"href":"https:\/\/analyse.optim.biz\/index.php?rest_route=\/wp\/v2\/posts\/138077\/revisions"}],"wp:featuredmedia":[{"embeddable":true,"href":"https:\/\/analyse.optim.biz\/index.php?rest_route=\/wp\/v2\/media\/138078"}],"wp:attachment":[{"href":"https:\/\/analyse.optim.biz\/index.php?rest_route=%2Fwp%2Fv2%2Fmedia&parent=138077"}],"wp:term":[{"taxonomy":"category","embeddable":true,"href":"https:\/\/analyse.optim.biz\/index.php?rest_route=%2Fwp%2Fv2%2Fcategories&post=138077"},{"taxonomy":"post_tag","embeddable":true,"href":"https:\/\/analyse.optim.biz\/index.php?rest_route=%2Fwp%2Fv2%2Ftags&post=138077"}],"curies":[{"name":"wp","href":"https:\/\/api.w.org\/{rel}","templated":true}]}}