{"id":138066,"date":"2017-06-23T14:04:46","date_gmt":"2017-06-23T11:04:46","guid":{"rendered":"https:\/\/analyse.optim.biz\/?p=138066"},"modified":"2017-06-23T14:04:46","modified_gmt":"2017-06-23T11:04:46","slug":"au-gresit-ministrii-care-si-au-retras-demisiile-raspunsul-lui-carmen-dan","status":"publish","type":"post","link":"https:\/\/analyse.optim.biz\/?p=138066","title":{"rendered":"Au gre\u0219it mini\u0219trii care \u0219i-au retras demisiile? R\u0103spunsul lui Carmen Dan"},"content":{"rendered":"<div class=\"entry data-app-meta data-app-meta-article\" data-embed-base-url-canonical=\"https:\/\/www.digi24.ro\/embed\/stiri\/actualitate\/politica\/au-gresit-ministrii-care-si-au-retras-demisiile-raspunsul-lui-carmen-dan-748508\">\n<p data-index=\"1\"><strong>Ministrul de Interne demisionar, Carmen Dan a comentat, vineri, gestul colegilor s\u0103i din guvern care au decis s\u0103 \u00ee\u0219i retrag\u0103 demisiile din Guvernul Grindeanu.<\/strong><\/p>\n<p data-index=\"2\">\u201e<span lang=\"ro-RO\">Nu a gre\u0219it nimeni. A fost o situa\u021bie \u00een care colegi de-ai mei au vrut s\u0103 dea un semnal c\u0103 r\u0103m\u00e2n \u00een continuare la minister \u0219i asigur\u0103 interimatul p\u00e2n\u0103 c\u00e2nd se va constitui un nou guvern. \u00cen cazul Ministerului de Interne \u0219i al Ministerului Dezvolt\u0103rii, situa\u021bia era special\u0103\u201d, a explicat Carmen Dan.<\/span><\/p>\n<p data-index=\"3\"><span lang=\"ro-RO\">Dou\u0103zeci de mini\u015ftri din cei 27 de membri ai Guvernului au depus, joi,\u00a0<\/span><span lang=\"ro-RO\">cereri de retragere a demisiei, a anun\u0163at Alina Petrescu, purt\u0103torul de cuv\u00e2nt al Guvernului, care a afirmat c\u0103 aceste cereri sunt lipsite de obiect. Mai mult, toate demisiile sunt identice \u0219i con\u021bin aceea\u0219i gre\u0219eal\u0103 gramatical\u0103, a atras aten\u021bia Alina Petrescu. <\/span><\/p>\n<\/div>\n<p> Source URL: https:\/\/www.digi24.ro\/stiri\/actualitate\/politica\/au-gresit-ministrii-care-si-au-retras-demisiile-raspunsul-lui-carmen-dan-748508<\/p>\n","protected":false},"excerpt":{"rendered":"<p>Ministrul de Interne demisionar, Carmen Dan a comentat, vineri, gestul colegilor s\u0103i din guvern care au decis s\u0103 \u00ee\u0219i retrag\u0103 demisiile din Guvernul Grindeanu. \u201eNu a gre\u0219it nimeni. A fost o situa\u021bie \u00een care colegi de-ai mei au vrut s\u0103 dea un semnal c\u0103 r\u0103m\u00e2n \u00een continuare la minister \u0219i asigur\u0103 interimatul p\u00e2n\u0103 c\u00e2nd se [&hellip;]<\/p>\n","protected":false},"author":1,"featured_media":138067,"comment_status":"open","ping_status":"","sticky":false,"template":"","format":"standard","meta":{"footnotes":""},"categories":[2],"tags":[11],"class_list":["post-138066","post","type-post","status-publish","format-standard","has-post-thumbnail","hentry","category-politics","tag-digi24"],"_links":{"self":[{"href":"https:\/\/analyse.optim.biz\/index.php?rest_route=\/wp\/v2\/posts\/138066","targetHints":{"allow":["GET"]}}],"collection":[{"href":"https:\/\/analyse.optim.biz\/index.php?rest_route=\/wp\/v2\/posts"}],"about":[{"href":"https:\/\/analyse.optim.biz\/index.php?rest_route=\/wp\/v2\/types\/post"}],"author":[{"embeddable":true,"href":"https:\/\/analyse.optim.biz\/index.php?rest_route=\/wp\/v2\/users\/1"}],"replies":[{"embeddable":true,"href":"https:\/\/analyse.optim.biz\/index.php?rest_route=%2Fwp%2Fv2%2Fcomments&post=138066"}],"version-history":[{"count":0,"href":"https:\/\/analyse.optim.biz\/index.php?rest_route=\/wp\/v2\/posts\/138066\/revisions"}],"wp:featuredmedia":[{"embeddable":true,"href":"https:\/\/analyse.optim.biz\/index.php?rest_route=\/wp\/v2\/media\/138067"}],"wp:attachment":[{"href":"https:\/\/analyse.optim.biz\/index.php?rest_route=%2Fwp%2Fv2%2Fmedia&parent=138066"}],"wp:term":[{"taxonomy":"category","embeddable":true,"href":"https:\/\/analyse.optim.biz\/index.php?rest_route=%2Fwp%2Fv2%2Fcategories&post=138066"},{"taxonomy":"post_tag","embeddable":true,"href":"https:\/\/analyse.optim.biz\/index.php?rest_route=%2Fwp%2Fv2%2Ftags&post=138066"}],"curies":[{"name":"wp","href":"https:\/\/api.w.org\/{rel}","templated":true}]}}