{"id":138063,"date":"2017-06-23T15:12:20","date_gmt":"2017-06-23T12:12:20","guid":{"rendered":"https:\/\/analyse.optim.biz\/?p=138063"},"modified":"2017-06-23T15:12:20","modified_gmt":"2017-06-23T12:12:20","slug":"orban-vrea-liberalii-din-alde-in-pnl-ii-sugerez-lui-tariceanu-sa-se-inscrie-in-psd","status":"publish","type":"post","link":"https:\/\/analyse.optim.biz\/?p=138063","title":{"rendered":"Orban vrea liberalii din ALDE \u00een PNL: \u00cei sugerez lui T\u0103riceanu s\u0103 se \u00eenscrie \u00een PSD"},"content":{"rendered":"<div class=\"entry data-app-meta data-app-meta-article\" data-embed-base-url-canonical=\"https:\/\/www.digi24.ro\/embed\/stiri\/actualitate\/politica\/orban-ii-sugerez-lui-tariceanu-sa-se-inscrie-in-psd-748559\">\n<p data-index=\"1\"><strong>Pre\u0219edintele PNL, Ludovic Orban, i-a sugerat vineri liderului ALDE C\u0103lin Popescu-T\u0103riceanu s\u0103 se \u00eenscrie \u00een PSD \u0219i <span lang=\"ro-RO\">\u201e<\/span>s\u0103 \u00eei lase pe liberali s\u0103 vin\u0103 la PNL<span lang=\"ro-RO\">\u201d<\/span>, afirm\u00e2nd c\u0103, \u00een ultima vreme, acesta <span lang=\"ro-RO\">\u201e<\/span>este lipit ca marca de scrisoare de Liviu Dragnea<span lang=\"ro-RO\">\u201d<\/span>.<\/strong><\/p>\n<figure class=\"article-thumb\"><img decoding=\"async\" src=\"https:\/\/analyse.optim.biz\/wp-content\/uploads\/2024\/09\/jmhhc2g9zjiyyjk5ywe5mzzlotu5zmy4mwe3zweynzy1m2m3odq-thumb_.jpg\" alt=\"orban\" data-skip-htmlfix=\"1\" title=\"jmhhc2g9zjiyyjk5ywe5mzzlotu5zmy4mwe3zweynzy1m2m3odq-thumb_\"><figcaption> Foto: Inquam Photos \/ Octav Ganea <\/figcaption><\/figure>\n<p data-index=\"2\"><strong>\u201eE pu\u021bin probabil ca T\u0103riceanu s\u0103 se dezlipeasc\u0103 de Dragnea. V\u0103d c\u0103 \u00een ultima vreme este lipit ca marca de scrisoare de Dragnea, a\u0219a cum era lipit \u0219i c\u00e2nd era Ponta la putere \u00een PSD. \u00cei sugerez domnului T\u0103riceanu s\u0103 se \u00eenscrie direct \u00een PSD \u0219i s\u0103-i lase pe liberali s\u0103 vin\u0103 la PNL<span lang=\"ro-RO\">\u201d<\/span><\/strong>, a afirmat Orban, \u00eentr-o conferin\u021b\u0103 de pres\u0103 sus\u021binut\u0103 la Ia\u0219i.<\/p>\n<p data-index=\"3\">Ludovic Orban a declarat c\u0103 pentru a putea construi o majoritate parlamentar\u0103 \u00een jurul PNL este nevoie de sus\u0163inerea a cel pu\u0163in jum\u0103tate dintre parlamentarii ALDE.<\/p>\n<p data-index=\"4\">Liderul PNL a afirmat c\u0103 negocierile cu alte partide se vor purta p\u00e2n\u0103 luni la pr\u00e2nz, c\u00e2nd este programat\u0103 reuniunea Biroului Executiv al PNL.<\/p>\n<p data-index=\"5\"><strong>\u201eNu v\u0103 pot da un calendar al negocierilor. Sunt discu\u0163ii pe care le-am \u00eenceput, altele pe care le-am stabilit, dar nu sunt discu\u0163ii care s\u0103 fie publice. Voi negocia \u015fi cu reprezentan\u0163i ai PMP, nu cu Traian B\u0103sescu<span lang=\"ro-RO\">\u201d<\/span><\/strong>, a mai spus Ludovic Orban.<\/p>\n<p data-index=\"6\">Liderul PNL a recunoscut c\u0103 exist\u0103 mari dificult\u0103\u0163i de a construi o majoritate parlamentar\u0103 \u00een jurul PNL. Orban a spus c\u0103 nu va accepta condi\u0163iile pe care le-a pus UDMR celor de la PSD \u00eenaintea votului la mo\u0163iunea de cenzur\u0103.<\/p>\n<p data-index=\"7\"><strong>\u201eSunt foarte mari dificult\u0103\u0163i de construire a unei noi majorit\u0103\u0163i \u00een jurul PNL. Nu neg, de altfel nici nu avem azi garan\u0163ia c\u0103 putem construi aceast\u0103 majoritate parlamentar\u0103. Dac\u0103 UDMR vine \u015fi ne pune condi\u0163iile pe care i le-a pus lui Dragnea ca s\u0103 voteze mo\u0163iunea, nu accept\u0103m niciodat\u0103. \u00cenchidem discu\u0163ia \u00eenc\u0103 de la \u00eenceput<span lang=\"ro-RO\">\u201d<\/span><\/strong>, a mai afirmat Ludovic Orban.<\/p>\n<p data-index=\"8\"><em>Sursa: Agerpres<\/em><\/p>\n<\/div>\n<p> Source URL: https:\/\/www.digi24.ro\/stiri\/actualitate\/politica\/orban-ii-sugerez-lui-tariceanu-sa-se-inscrie-in-psd-748559<\/p>\n","protected":false},"excerpt":{"rendered":"<p>Pre\u0219edintele PNL, Ludovic Orban, i-a sugerat vineri liderului ALDE C\u0103lin Popescu-T\u0103riceanu s\u0103 se \u00eenscrie \u00een PSD \u0219i \u201es\u0103 \u00eei lase pe liberali s\u0103 vin\u0103 la PNL\u201d, afirm\u00e2nd c\u0103, \u00een ultima vreme, acesta \u201eeste lipit ca marca de scrisoare de Liviu Dragnea\u201d. Foto: Inquam Photos \/ Octav Ganea \u201eE pu\u021bin probabil ca T\u0103riceanu s\u0103 se dezlipeasc\u0103 [&hellip;]<\/p>\n","protected":false},"author":1,"featured_media":138064,"comment_status":"open","ping_status":"","sticky":false,"template":"","format":"standard","meta":{"footnotes":""},"categories":[2],"tags":[11],"class_list":["post-138063","post","type-post","status-publish","format-standard","has-post-thumbnail","hentry","category-politics","tag-digi24"],"_links":{"self":[{"href":"https:\/\/analyse.optim.biz\/index.php?rest_route=\/wp\/v2\/posts\/138063","targetHints":{"allow":["GET"]}}],"collection":[{"href":"https:\/\/analyse.optim.biz\/index.php?rest_route=\/wp\/v2\/posts"}],"about":[{"href":"https:\/\/analyse.optim.biz\/index.php?rest_route=\/wp\/v2\/types\/post"}],"author":[{"embeddable":true,"href":"https:\/\/analyse.optim.biz\/index.php?rest_route=\/wp\/v2\/users\/1"}],"replies":[{"embeddable":true,"href":"https:\/\/analyse.optim.biz\/index.php?rest_route=%2Fwp%2Fv2%2Fcomments&post=138063"}],"version-history":[{"count":0,"href":"https:\/\/analyse.optim.biz\/index.php?rest_route=\/wp\/v2\/posts\/138063\/revisions"}],"wp:featuredmedia":[{"embeddable":true,"href":"https:\/\/analyse.optim.biz\/index.php?rest_route=\/wp\/v2\/media\/138064"}],"wp:attachment":[{"href":"https:\/\/analyse.optim.biz\/index.php?rest_route=%2Fwp%2Fv2%2Fmedia&parent=138063"}],"wp:term":[{"taxonomy":"category","embeddable":true,"href":"https:\/\/analyse.optim.biz\/index.php?rest_route=%2Fwp%2Fv2%2Fcategories&post=138063"},{"taxonomy":"post_tag","embeddable":true,"href":"https:\/\/analyse.optim.biz\/index.php?rest_route=%2Fwp%2Fv2%2Ftags&post=138063"}],"curies":[{"name":"wp","href":"https:\/\/api.w.org\/{rel}","templated":true}]}}