{"id":138060,"date":"2017-06-23T15:24:03","date_gmt":"2017-06-23T12:24:03","guid":{"rendered":"https:\/\/analyse.optim.biz\/?p=138060"},"modified":"2017-06-23T15:24:03","modified_gmt":"2017-06-23T12:24:03","slug":"pozitia-udmr-inaintea-investirii-unui-nou-guvern","status":"publish","type":"post","link":"https:\/\/analyse.optim.biz\/?p=138060","title":{"rendered":"Pozi\u021bia UDMR \u00eenaintea \u00eenvestirii unui nou Guvern"},"content":{"rendered":"<div class=\"entry data-app-meta data-app-meta-article\" data-embed-base-url-canonical=\"https:\/\/www.digi24.ro\/embed\/stiri\/actualitate\/politica\/pozitia-udmr-inaintea-investirii-unui-nou-guvern-748562\">\n<p data-index=\"1\"><strong>Pre\u0219edintele UDMR, Kelemen Hunor, precizeaz\u0103 c\u0103 pactul de colaborare parlamentar\u0103 semnat cu Liviu Dragnea \u0219i C\u0103lin Popescu T\u0103riceanu este pentru patru ani \u0219i las\u0103 a se \u00een\u021belege c\u0103 parlamentarii Uniunii ar fi dispu\u0219i s\u0103 sus\u021bin\u0103 un nou Guvern PSD-ALDE f\u0103r\u0103 ca \u201eatmosfera anti-maghiar\u0103 s\u0103 creasc\u0103\u201d. Cu alte cuvinte, solicit\u0103rile delicate ar putea fi l\u0103sate de UDMR pentru sesiunea urm\u0103toare.<\/strong><\/p>\n<p data-index=\"2\"><img loading=\"lazy\" decoding=\"async\" class=\"alignnone size-full wp-image-678895\" src=\"https:\/\/analyse.optim.biz\/wp-content\/uploads\/2024\/09\/mczoyxnopta4mzniywe5ognkytgxymixm2rhogiyztdlnjrjmzc2-thumb_-1.jpg\" width=\"704\" height=\"418\" data-skip-htmlfix=\"1\" title=\"mczoyxnopta4mzniywe5ognkytgxymixm2rhogiyztdlnjrjmzc2-thumb_-1\"><\/p>\n<p data-index=\"3\">Liderul UDMR a f\u0103cut preciz\u0103ri despre rela\u021bia cu PSD \u0219i ALDE \u00eentr-un interviu pentru cotidianul \u00een limba maghiar\u0103 Kronika, iar un fragment din acesta a fost postat \u0219i pe pagina de Facebook a lui Kelemen Hunor.<\/p>\n<p data-index=\"4\">\u201e\u00cen\u021belegerea noastr\u0103 cu coali\u021bia condus\u0103 de PSD este pentru patru ani, sub condi\u021bia c\u0103 vom analiza situa\u021bia dup\u0103 fiecare sesiune parlamentar\u0103 \u0219i vom decide cum proced\u0103m \u00een continuare. Dac\u0103 nu vrem s\u0103 r\u0103m\u00e2nem bloca\u021bi cu cele 6,5 procente ale noastre, trebuie s\u0103 avem un dialog cu cineva. \u00cen perioada urm\u0103toare, trebuie s\u0103 ne concentr\u0103m pentru ca atmosfera anti-maghiar\u0103 s\u0103 nu creasc\u0103, deoarece are de suferit foarte mult comunitatea noastr\u0103. Pe de alt\u0103 parte, trebuie s\u0103 ducem lucrurile mai departe pentru a nu renun\u021ba la niciunul din obiectivele comunit\u0103\u021bii\u201d, a precizat Hunor.<\/p>\n<p data-index=\"5\">\u00cen acela\u0219i interviu, liderul UDMR spune c\u0103 partidele la putere nu au respins radical solicit\u0103rile Uniunii, astfel c\u0103 sunt \u0219anse ca unele dintre acestea s\u0103 se materializeze \u00een urm\u0103toarea sesiune parlamentar\u0103. Modific\u0103rile care ar permite extinderea folosirii limbii maghiare ar putea fi discutate chiar \u00een septembrie.<\/p>\n<p data-index=\"6\">De asemenea, Kelemen Hunor a ar\u0103tat c\u0103 o decizie oficial\u0103 cu privire la votul de \u00eenvestire a unui nou Guvern PSD-ALDE va fi luat\u0103 s\u0103pt\u0103m\u00e2na viitoare.<\/p>\n<\/div>\n<p> Source URL: https:\/\/www.digi24.ro\/stiri\/actualitate\/politica\/pozitia-udmr-inaintea-investirii-unui-nou-guvern-748562<\/p>\n","protected":false},"excerpt":{"rendered":"<p>Pre\u0219edintele UDMR, Kelemen Hunor, precizeaz\u0103 c\u0103 pactul de colaborare parlamentar\u0103 semnat cu Liviu Dragnea \u0219i C\u0103lin Popescu T\u0103riceanu este pentru patru ani \u0219i las\u0103 a se \u00een\u021belege c\u0103 parlamentarii Uniunii ar fi dispu\u0219i s\u0103 sus\u021bin\u0103 un nou Guvern PSD-ALDE f\u0103r\u0103 ca \u201eatmosfera anti-maghiar\u0103 s\u0103 creasc\u0103\u201d. Cu alte cuvinte, solicit\u0103rile delicate ar putea fi l\u0103sate de [&hellip;]<\/p>\n","protected":false},"author":1,"featured_media":138061,"comment_status":"open","ping_status":"","sticky":false,"template":"","format":"standard","meta":{"footnotes":""},"categories":[2],"tags":[11],"class_list":["post-138060","post","type-post","status-publish","format-standard","has-post-thumbnail","hentry","category-politics","tag-digi24"],"_links":{"self":[{"href":"https:\/\/analyse.optim.biz\/index.php?rest_route=\/wp\/v2\/posts\/138060","targetHints":{"allow":["GET"]}}],"collection":[{"href":"https:\/\/analyse.optim.biz\/index.php?rest_route=\/wp\/v2\/posts"}],"about":[{"href":"https:\/\/analyse.optim.biz\/index.php?rest_route=\/wp\/v2\/types\/post"}],"author":[{"embeddable":true,"href":"https:\/\/analyse.optim.biz\/index.php?rest_route=\/wp\/v2\/users\/1"}],"replies":[{"embeddable":true,"href":"https:\/\/analyse.optim.biz\/index.php?rest_route=%2Fwp%2Fv2%2Fcomments&post=138060"}],"version-history":[{"count":0,"href":"https:\/\/analyse.optim.biz\/index.php?rest_route=\/wp\/v2\/posts\/138060\/revisions"}],"wp:featuredmedia":[{"embeddable":true,"href":"https:\/\/analyse.optim.biz\/index.php?rest_route=\/wp\/v2\/media\/138061"}],"wp:attachment":[{"href":"https:\/\/analyse.optim.biz\/index.php?rest_route=%2Fwp%2Fv2%2Fmedia&parent=138060"}],"wp:term":[{"taxonomy":"category","embeddable":true,"href":"https:\/\/analyse.optim.biz\/index.php?rest_route=%2Fwp%2Fv2%2Fcategories&post=138060"},{"taxonomy":"post_tag","embeddable":true,"href":"https:\/\/analyse.optim.biz\/index.php?rest_route=%2Fwp%2Fv2%2Ftags&post=138060"}],"curies":[{"name":"wp","href":"https:\/\/api.w.org\/{rel}","templated":true}]}}