{"id":138058,"date":"2017-06-23T15:35:50","date_gmt":"2017-06-23T12:35:50","guid":{"rendered":"https:\/\/analyse.optim.biz\/?p=138058"},"modified":"2017-06-23T15:35:50","modified_gmt":"2017-06-23T12:35:50","slug":"macron-pe-twitter-impreuna-cu-klausiohannis-pentru-a-gasi-solutii-comune","status":"publish","type":"post","link":"https:\/\/analyse.optim.biz\/?p=138058","title":{"rendered":"Macron pe Twitter: \u00cempreun\u0103 cu @KlausIohannis pentru a g\u0103si solu\u0163ii comune"},"content":{"rendered":"<div class=\"entry data-app-meta data-app-meta-article\" data-embed-base-url-canonical=\"https:\/\/www.digi24.ro\/embed\/stiri\/actualitate\/politica\/macron-pe-twitter-impreuna-cu-klausiohannis-pentru-a-gasi-solutii-comune-748568\">\n<p data-index=\"1\"><strong>Pre\u015fedintele francez Emmanuel a anun\u0163at vineri, \u00eentr-un mesaj postat pe Twitter, c\u0103 lucreaz\u0103 \u00eempreun\u0103 cu omologul s\u0103u rom\u00e2n <span lang=\"ro-RO\">\u201e<\/span>Klaus Iohannis pentru a g\u0103si solu\u0163ii comune\u201d \u015fi avertizeaz\u0103 c\u0103 <span lang=\"ro-RO\">\u201e<\/span>Europa trebuie s\u0103 fie puternic\u0103 \u015fi nu divizat\u0103\u201d<\/strong><\/p>\n<p class=\"gdpr-placeholder gdpr-social-media \" data-index=\"2\"> Setarile tale privind cookie-urile nu permit afisarea continutul din aceasta sectiune. Poti actualiza setarile modulelor coookie direct din browser sau de <a class=\"ot-sdk-show-settings\" data-skip-linkfix=\"1\">aici<\/a> \u2013 e nevoie sa accepti cookie-urile social media<\/p>\n<p data-index=\"3\">Macron a publicat, de asemenea, un clip \u00een care apare al\u0103turi de Iohannis la summitul UE de la Bruxelles.<\/p>\n<p data-index=\"4\">Pre\u015fedintele Fran\u0163ei, Emmanuel Macron, a acceptat invita\u0163ia lui Klaus Iohannis de a vizita, \u00een perioada urm\u0103toare, Rom\u00e2nia, a anun\u0163at, vineri, ambasadorul Rom\u00e2niei la Paris, Luca Niculescu.<\/p>\n<p data-index=\"5\"><strong>\u201eAzi diminea\u0163\u0103, o \u00eent\u00e2lnire excelent\u0103 la Bruxelles \u00eentre pre\u015fedin\u0163ii Klaus Iohannis \u015fi Emmanuel Macron. Dialog deschis \u015fi direct pe rela\u0163ia bilateral\u0103 \u015fi actualitatea european\u0103. Parteneriatul strategic se dezvolt\u0103, \u00eent\u00e2lnirile la nivel \u00eenalt vor continua. Pre\u015fedintele rom\u00e2n l-a invitat pe Emmanuel Macron \u00een Rom\u00e2nia, invita\u0163ie acceptat\u0103 cu mult\u0103 pl\u0103cere<span lang=\"ro-RO\">\u201d<\/span><\/strong>, scrie, pe Facebook, Luca Niculescu.<\/p>\n<p data-index=\"6\">Pre\u015fedintele Klaus Iohannis a avut, vineri, o \u00eent\u00e2lnire bilateral\u0103 cu omologul s\u0103u francez, Emmanuel Macron, afirm\u00e2nd la final c\u0103 aceasta a fost \u201efoarte, foarte bun\u0103\u201d \u015fi s-a convenit ca Rom\u00e2nia \u015fi Fran\u0163a s\u0103 colaboreze \u00een vederea \u00eent\u0103ririi unor formate europene. Iohannis a spus c\u0103 au fost abordate teme precum Schengen, bugetul zonei euro \u015fi situa\u0163ia muncitorilor deta\u015fa\u0163i.<\/p>\n<p data-index=\"7\"><em>Sursa: News.ro<\/em><\/p>\n<p data-index=\"8\"><strong>Citi\u0163i \u015fi: <a href=\"https:\/\/www.digi24.ro\/stiri\/actualitate\/politica\/cum-si-a-inceput-macron-relatia-cu-romania-chiar-inainte-de-a-deveni-presedinte-748547\" data-skip-linkfix=\"1\">Cum \u015fi-a \u00eenceput Macron rela\u0163ia cu Rom\u00e2nia chiar \u00eenainte de a deveni pre\u015fedinte<\/a><\/strong><\/p>\n<\/div>\n<p> Source URL: https:\/\/www.digi24.ro\/stiri\/actualitate\/politica\/macron-pe-twitter-impreuna-cu-klausiohannis-pentru-a-gasi-solutii-comune-748568<\/p>\n","protected":false},"excerpt":{"rendered":"<p>Pre\u015fedintele francez Emmanuel a anun\u0163at vineri, \u00eentr-un mesaj postat pe Twitter, c\u0103 lucreaz\u0103 \u00eempreun\u0103 cu omologul s\u0103u rom\u00e2n \u201eKlaus Iohannis pentru a g\u0103si solu\u0163ii comune\u201d \u015fi avertizeaz\u0103 c\u0103 \u201eEuropa trebuie s\u0103 fie puternic\u0103 \u015fi nu divizat\u0103\u201d Setarile tale privind cookie-urile nu permit afisarea continutul din aceasta sectiune. Poti actualiza setarile modulelor coookie direct din browser [&hellip;]<\/p>\n","protected":false},"author":1,"featured_media":138059,"comment_status":"open","ping_status":"","sticky":false,"template":"","format":"standard","meta":{"footnotes":""},"categories":[2],"tags":[11],"class_list":["post-138058","post","type-post","status-publish","format-standard","has-post-thumbnail","hentry","category-politics","tag-digi24"],"_links":{"self":[{"href":"https:\/\/analyse.optim.biz\/index.php?rest_route=\/wp\/v2\/posts\/138058","targetHints":{"allow":["GET"]}}],"collection":[{"href":"https:\/\/analyse.optim.biz\/index.php?rest_route=\/wp\/v2\/posts"}],"about":[{"href":"https:\/\/analyse.optim.biz\/index.php?rest_route=\/wp\/v2\/types\/post"}],"author":[{"embeddable":true,"href":"https:\/\/analyse.optim.biz\/index.php?rest_route=\/wp\/v2\/users\/1"}],"replies":[{"embeddable":true,"href":"https:\/\/analyse.optim.biz\/index.php?rest_route=%2Fwp%2Fv2%2Fcomments&post=138058"}],"version-history":[{"count":0,"href":"https:\/\/analyse.optim.biz\/index.php?rest_route=\/wp\/v2\/posts\/138058\/revisions"}],"wp:featuredmedia":[{"embeddable":true,"href":"https:\/\/analyse.optim.biz\/index.php?rest_route=\/wp\/v2\/media\/138059"}],"wp:attachment":[{"href":"https:\/\/analyse.optim.biz\/index.php?rest_route=%2Fwp%2Fv2%2Fmedia&parent=138058"}],"wp:term":[{"taxonomy":"category","embeddable":true,"href":"https:\/\/analyse.optim.biz\/index.php?rest_route=%2Fwp%2Fv2%2Fcategories&post=138058"},{"taxonomy":"post_tag","embeddable":true,"href":"https:\/\/analyse.optim.biz\/index.php?rest_route=%2Fwp%2Fv2%2Ftags&post=138058"}],"curies":[{"name":"wp","href":"https:\/\/api.w.org\/{rel}","templated":true}]}}