{"id":1379437,"date":"2015-03-30T09:34:48","date_gmt":"2015-03-30T06:34:48","guid":{"rendered":"https:\/\/analyse.optim.biz\/?p=1379437"},"modified":"2015-03-30T09:34:48","modified_gmt":"2015-03-30T06:34:48","slug":"lemn-confiscat-la-vama-suceavalive","status":"publish","type":"post","link":"https:\/\/analyse.optim.biz\/?p=1379437","title":{"rendered":"Lemn confiscat la Vama &#8211; SuceavaLIVE"},"content":{"rendered":"<article id=\"post-55390\" class=\"clearfix post-55390 post type-post status-publish format-standard has-post-thumbnail hentry category-comunicate tag-autoutilitara tag-lemn-confiscat-la-vama tag-stiri-suceava tag-suceava-live\">\n<header id=\"cb-standard-featured\">\n<div id=\"cb-fis-wrap\" class=\"cb-entry-header cb-fis cb-style-standard\"><span class=\"cb-title-fi\"><\/p>\n<h1 class=\"entry-title cb-entry-title cb-single-title\">Lemn confiscat la Vama<\/h1>\n<div class=\"cb-byline cb-font-header\">\n<div class=\"cb-date cb-byline-element\"><time datetime=\"2015-03-30\">30 martie 2015<\/time><\/div>\n<\/div>\n<p><\/span><\/div>\n<div class=\"cb-mask\"><img decoding=\"async\" width=\"240\" height=\"180\" src=\"https:\/\/analyse.optim.biz\/wp-content\/uploads\/2026\/01\/camion-lemn-1.jpg\" class=\"attachment-cb-full-full size-cb-full-full wp-post-image\" loading=\"lazy\" title=\"camion-lemn-1\"><\/div>\n<\/header>\n<p>Duminic\u0103, 29 martie,  o patrul\u0103 intercomunal\u0103 din cadrul Posturilor de poli\u021bie Vama \u015fi Frumosu a oprit \u00een trafic, pe DN 17, pe raza satului Molid din comuna Vama,  autoutilitara condus\u0103 de un b\u0103rbat de 27 ani, din municipiul F\u0103lticeni, care transporta material lemnos.<\/p>\n<section class=\"cb-entry-content entry-content clearfix\">\n<p>\u00cen urma verific\u0103rii documentelor, poli\u021bi\u0219tii au stabilit faptul c\u0103 b\u0103rbatul nu avea aviz de \u00eenso\u0163ire sau alte documente legale de transport a cherestelei.<\/p>\n<p>Materialul lemnos a fost desc\u0103rcat \u0219i inventariat la depozitul unui ocol silvic, rezult\u00e2nd cantitatea de 6,12 m.c. cherestea esen\u0163\u0103 r\u0103\u015finoase.<\/p>\n<p>\u00cen cauz\u0103 s-a dispus sanc\u021bionarea contraven\u021bional\u0103 a conduc\u0103torului auto, conform Legii nr.171\/2010 privind regimul silvic \u0219i confiscarea materialului lemnos \u00een valoare de 2.500 lei.<\/p>\n<\/section>\n<footer class=\"article-footer\">\n<p class=\"cb-tags\"><a href=\"https:\/\/suceavalive.ro\/tag\/autoutilitara\/\" rel=\"tag\">autoutilitara<\/a><a href=\"https:\/\/suceavalive.ro\/tag\/lemn-confiscat-la-vama\/\" rel=\"tag\">lemn confiscat la vama<\/a><a href=\"https:\/\/suceavalive.ro\/tag\/stiri-suceava\/\" rel=\"tag\">stiri suceava<\/a><a href=\"https:\/\/suceavalive.ro\/tag\/suceava-live\/\" rel=\"tag\">suceava live<\/a><\/p>\n<div class=\"cb-social-sharing cb-post-footer-block cb-beside clearfix\">\n<div class=\"cb-title-subtle\">Share On:<\/div>\n<div class=\"cb-twitter\"><a href=\"https:\/\/twitter.com\/share\" class=\"twitter-share-button\" data-dnt=\"true\" data-count=\"horizontal\">Tweet<\/a><\/div>\n<\/div>\n<div id=\"cb-previous-next-links\" class=\"cb-post-footer-block clearfix\">\n<div id=\"cb-previous-link\"><a href=\"https:\/\/suceavalive.ro\/expozitie-de-cristale-la-muzeul-de-stiintele-naturii-suceava\/\" rel=\"prev\">Expozitie de cristale la Muzeul de Stiintele Naturii Suceava<\/a><\/div>\n<div id=\"cb-next-link\"><a href=\"https:\/\/suceavalive.ro\/sute-de-soferi-trasi-pe-dreapta-in-doar-doua-zile\/\" rel=\"next\">Sute de \u015foferi tra\u015fi pe dreapta \u00een doar dou\u0103 zile<\/a><\/div>\n<\/div>\n<div id=\"cb-author-box\" class=\"clearfix\">\n<h3 class=\"cb-block-title\">Despre autor<\/h3>\n<div class=\"cb-mask\"><a href=\"https:\/\/suceavalive.ro\/author\/raluca-bercea\/\"><img decoding=\"async\" src=\"https:\/\/analyse.optim.biz\/wp-content\/uploads\/2026\/01\/d2573a985b95ae5f64fe07c99ef553f6000e91fbaab92d32f1607dea335f1b69-2.jpg\" class=\"avatar avatar-120 photo\" height=\"120\" width=\"120\" loading=\"lazy\" title=\"d2573a985b95ae5f64fe07c99ef553f6000e91fbaab92d32f1607dea335f1b69-2\"><\/a><\/div>\n<div class=\"cb-meta\">\n<div class=\"cb-info\">\n<div class=\"cb-author-title vcard\"><a href=\"https:\/\/suceavalive.ro\/author\/raluca-bercea\/\"><span class=\"fn\">Raluca Tilihoi<\/span><\/a><\/div>\n<\/div>\n<\/div>\n<\/div>\n<div id=\"cb-related-posts\" class=\"cb-related-posts-block cb-post-end-block clearfix\">\n<h3 class=\"cb-block-title\">Postari asemanatoare<\/h3>\n<ul>\n<li class=\"cb-style-overlay cb-grid-entry cb-related-post no-1\">\n<div class=\"cb-mask\"><a href=\"https:\/\/suceavalive.ro\/calendarul-zilei-de-23-ianuarie\/\"><img decoding=\"async\" width=\"360\" height=\"240\" src=\"https:\/\/analyse.optim.biz\/wp-content\/uploads\/2026\/01\/vladimirescucover-interior-360x240-1.jpg\" class=\"attachment-cb-360-240 size-cb-360-240 wp-post-image\" loading=\"lazy\" title=\"vladimirescucover-interior-360x240-1\"><\/a><\/div>\n<div class=\"cb-meta cb-article-meta\">\n<h4 class=\"h3 cb-post-title\"><a href=\"https:\/\/suceavalive.ro\/calendarul-zilei-de-23-ianuarie\/\">Calendarul zilei de 23 ianuarie<\/a><\/h4>\n<div class=\"cb-byline cb-font-header\">\n<div class=\"cb-date cb-byline-element\"><time datetime=\"2026-01-23\">23 ianuarie 2026<\/time><\/div>\n<\/div>\n<\/div>\n<\/li>\n<li class=\"cb-style-overlay cb-grid-entry cb-related-post no-2\">\n<div class=\"cb-mask\"><a href=\"https:\/\/suceavalive.ro\/calendarul-zilei-de-22-ianuarie\/\"><img decoding=\"async\" width=\"360\" height=\"240\" src=\"https:\/\/analyse.optim.biz\/wp-content\/uploads\/2026\/01\/george-motoi-360x240-11.jpg\" class=\"attachment-cb-360-240 size-cb-360-240 wp-post-image\" loading=\"lazy\" title=\"george-motoi-360x240-11\"><\/a><\/div>\n<div class=\"cb-meta cb-article-meta\">\n<h4 class=\"h3 cb-post-title\"><a href=\"https:\/\/suceavalive.ro\/calendarul-zilei-de-22-ianuarie\/\">Calendarul zilei de 22 ianuarie<\/a><\/h4>\n<div class=\"cb-byline cb-font-header\">\n<div class=\"cb-date cb-byline-element\"><time datetime=\"2026-01-22\">22 ianuarie 2026<\/time><\/div>\n<\/div>\n<\/div>\n<\/li>\n<\/ul>\n<\/div>\n<\/footer>\n<div id=\"respond\" class=\"comment-respond\">\n<h3 id=\"reply-title\" class=\"comment-reply-title\">Lasa un raspuns <small><a rel=\"nofollow\" id=\"cancel-comment-reply-link\" href=\"https:\/\/suceavalive.ro\/lemn-confiscat-la-vama\/#respond\">Anuleaza raspunsul<\/a><\/small><\/h3>\n<p class=\"comment-notes\">Adresa ta de email nu va fi publicat\u0103.<\/p>\n<\/div>\n<\/article>\n<p> Source URL: https:\/\/suceavalive.ro\/lemn-confiscat-la-vama\/<\/p>\n","protected":false},"excerpt":{"rendered":"<p>Lemn confiscat la Vama 30 martie 2015 Duminic\u0103, 29 martie, o patrul\u0103 intercomunal\u0103 din cadrul Posturilor de poli\u021bie Vama \u015fi Frumosu a oprit \u00een trafic, pe DN 17, pe raza satului Molid din comuna Vama, autoutilitara condus\u0103 de un b\u0103rbat de 27 ani, din municipiul F\u0103lticeni, care transporta material lemnos. \u00cen urma verific\u0103rii documentelor, poli\u021bi\u0219tii [&hellip;]<\/p>\n","protected":false},"author":1,"featured_media":1379443,"comment_status":"open","ping_status":"","sticky":false,"template":"","format":"standard","meta":{"footnotes":""},"categories":[89],"tags":[173],"class_list":["post-1379437","post","type-post","status-publish","format-standard","has-post-thumbnail","hentry","category-romania","tag-suceavalive-ro"],"_links":{"self":[{"href":"https:\/\/analyse.optim.biz\/index.php?rest_route=\/wp\/v2\/posts\/1379437","targetHints":{"allow":["GET"]}}],"collection":[{"href":"https:\/\/analyse.optim.biz\/index.php?rest_route=\/wp\/v2\/posts"}],"about":[{"href":"https:\/\/analyse.optim.biz\/index.php?rest_route=\/wp\/v2\/types\/post"}],"author":[{"embeddable":true,"href":"https:\/\/analyse.optim.biz\/index.php?rest_route=\/wp\/v2\/users\/1"}],"replies":[{"embeddable":true,"href":"https:\/\/analyse.optim.biz\/index.php?rest_route=%2Fwp%2Fv2%2Fcomments&post=1379437"}],"version-history":[{"count":0,"href":"https:\/\/analyse.optim.biz\/index.php?rest_route=\/wp\/v2\/posts\/1379437\/revisions"}],"wp:featuredmedia":[{"embeddable":true,"href":"https:\/\/analyse.optim.biz\/index.php?rest_route=\/wp\/v2\/media\/1379443"}],"wp:attachment":[{"href":"https:\/\/analyse.optim.biz\/index.php?rest_route=%2Fwp%2Fv2%2Fmedia&parent=1379437"}],"wp:term":[{"taxonomy":"category","embeddable":true,"href":"https:\/\/analyse.optim.biz\/index.php?rest_route=%2Fwp%2Fv2%2Fcategories&post=1379437"},{"taxonomy":"post_tag","embeddable":true,"href":"https:\/\/analyse.optim.biz\/index.php?rest_route=%2Fwp%2Fv2%2Ftags&post=1379437"}],"curies":[{"name":"wp","href":"https:\/\/api.w.org\/{rel}","templated":true}]}}