{"id":1379357,"date":"2026-01-25T00:00:00","date_gmt":"2026-01-24T21:00:00","guid":{"rendered":"https:\/\/analyse.optim.biz\/?p=1379357"},"modified":"2026-01-25T00:00:00","modified_gmt":"2026-01-24T21:00:00","slug":"doua-fete-din-suceava-date-disparute-cele-doua-sunt-surori-si-au-plecat-impreuna-de-acasa","status":"publish","type":"post","link":"https:\/\/analyse.optim.biz\/?p=1379357","title":{"rendered":"Dou\u0103 fete din Suceava, date disp\u0103rute. Cele dou\u0103 sunt surori \u015fi au plecat \u00eempreun\u0103 de acas\u0103"},"content":{"rendered":"<div class=\"entry-content\">\n<p><img decoding=\"async\" loading=\"lazy\" class=\"alignright size-medium wp-image-318501\" src=\"https:\/\/analyse.optim.biz\/wp-content\/uploads\/2026\/01\/fete-disparute-suceava-300x225-1.jpg\" width=\"300\" height=\"225\" title=\"fete-disparute-suceava-300x225-1\">Dou\u0103 fete din municipiul Suceava sunt date disp\u0103rute de Poli\u0163ie. Cele dou\u0103 sunt surori \u015fi au plecat \u00eempreun\u0103 de acas\u0103. Ele se numesc \u015etefania Andreea Oltean \u015fi Anamaria Oltean \u015fi au 15 \u015fi, respectiv, 14 ani.<\/p>\n<p><em><strong>\u201cLa data 24.01.2026, in jurul orei 16:00, minorele Oltean Stefania Andreea \u00een v\u00e2rst\u0103 de 15 ani \u0219i Oltean Anamaria, de 14 ani din municipiul Suceava, au plecat cu acordul p\u0103rin\u021bilor la un centru comercial din municipiul Suceava, iar p\u00e2n\u0103 \u00een prezent nu s-au intors la domiciliu<\/strong><\/em>\u201c, informeaz\u0103 Poli\u0163ia din Suceava.<\/p>\n<p>Stefania Andreea Oltean era \u00eembr\u0103cat\u0103 \u00een momentul plec\u0103rii cu geac\u0103 scurt\u0103 de blan\u0103 de culoare neagr\u0103, pantaloni de culoare neagr\u0103,, ghete portocalii.<\/p>\n<p>Anamaria Oltean era \u00eembr\u0103cat\u0103 \u00een momentul plec\u0103rii cu geac\u0103 de f\u00e2\u0219 de culoare neagr\u0103, blugi alba\u0219tri \u0219i \u00eenc\u0103l\u021b\u0103minte tip \u201cbalenciaga\u201d de culoare roz.<\/p>\n<p>Orice date cu privire la cele dou\u0103 minore sa fie de \u00eendat\u0103 furnizate celei mai apropiate unit\u0103\u021bi de poli\u021bie sau prin apelare la SNUAU 112<\/p>\n<\/div>\n","protected":false},"excerpt":{"rendered":"<p>Dou\u0103 fete din municipiul Suceava sunt date disp\u0103rute de Poli\u0163ie. Cele dou\u0103 sunt surori \u015fi au plecat \u00eempreun\u0103 de acas\u0103. Ele se numesc \u015etefania Andreea Oltean \u015fi Anamaria Oltean \u015fi au 15 \u015fi, respectiv, 14 ani. \u201cLa data 24.01.2026, in jurul orei 16:00, minorele Oltean Stefania Andreea \u00een v\u00e2rst\u0103 de 15 ani \u0219i Oltean Anamaria, [&hellip;]<\/p>\n","protected":false},"author":1,"featured_media":1379358,"comment_status":"open","ping_status":"","sticky":false,"template":"","format":"standard","meta":{"footnotes":""},"categories":[89],"tags":[174],"class_list":["post-1379357","post","type-post","status-publish","format-standard","has-post-thumbnail","hentry","category-romania","tag-suceavanews-ro"],"_links":{"self":[{"href":"https:\/\/analyse.optim.biz\/index.php?rest_route=\/wp\/v2\/posts\/1379357","targetHints":{"allow":["GET"]}}],"collection":[{"href":"https:\/\/analyse.optim.biz\/index.php?rest_route=\/wp\/v2\/posts"}],"about":[{"href":"https:\/\/analyse.optim.biz\/index.php?rest_route=\/wp\/v2\/types\/post"}],"author":[{"embeddable":true,"href":"https:\/\/analyse.optim.biz\/index.php?rest_route=\/wp\/v2\/users\/1"}],"replies":[{"embeddable":true,"href":"https:\/\/analyse.optim.biz\/index.php?rest_route=%2Fwp%2Fv2%2Fcomments&post=1379357"}],"version-history":[{"count":0,"href":"https:\/\/analyse.optim.biz\/index.php?rest_route=\/wp\/v2\/posts\/1379357\/revisions"}],"wp:featuredmedia":[{"embeddable":true,"href":"https:\/\/analyse.optim.biz\/index.php?rest_route=\/wp\/v2\/media\/1379358"}],"wp:attachment":[{"href":"https:\/\/analyse.optim.biz\/index.php?rest_route=%2Fwp%2Fv2%2Fmedia&parent=1379357"}],"wp:term":[{"taxonomy":"category","embeddable":true,"href":"https:\/\/analyse.optim.biz\/index.php?rest_route=%2Fwp%2Fv2%2Fcategories&post=1379357"},{"taxonomy":"post_tag","embeddable":true,"href":"https:\/\/analyse.optim.biz\/index.php?rest_route=%2Fwp%2Fv2%2Ftags&post=1379357"}],"curies":[{"name":"wp","href":"https:\/\/api.w.org\/{rel}","templated":true}]}}