{"id":137681,"date":"2017-06-27T16:34:09","date_gmt":"2017-06-27T13:34:09","guid":{"rendered":"https:\/\/analyse.optim.biz\/?p=137681"},"modified":"2017-06-27T16:34:09","modified_gmt":"2017-06-27T13:34:09","slug":"fostul-sot-al-olgutei-vasilescu-la-sefia-asf","status":"publish","type":"post","link":"https:\/\/analyse.optim.biz\/?p=137681","title":{"rendered":"Fostul so\u021b al Olgu\u021bei Vasilescu, la \u0219efia ASF"},"content":{"rendered":"<div class=\"entry data-app-meta data-app-meta-article\" data-embed-base-url-canonical=\"https:\/\/www.digi24.ro\/embed\/stiri\/economie\/finante-economie\/fostul-sot-al-olgutei-vasilescu-la-sefia-asf-750724\">\n<p data-index=\"1\"><strong>Comisiile de buget, finan\u0163e \u015fi b\u0103nci ale Parlamentului l-au validat mar\u021bi pe Ovidiu R\u0103zvan Wlassopol pentru func\u0163ia de prim-vicepre\u015fedinte al ASF, membru executiv.<\/strong><\/p>\n<p data-index=\"2\"><img loading=\"lazy\" decoding=\"async\" class=\"alignnone size-full wp-image-750333\" src=\"https:\/\/analyse.optim.biz\/wp-content\/uploads\/2024\/09\/mmrkyti5nwjlzde4odm3ngq2ogrlzjy0njk3odgy-thumb_.jpg\" width=\"5182\" height=\"3455\" data-skip-htmlfix=\"1\" title=\"mmrkyti5nwjlzde4odm3ngq2ogrlzjy0njk3odgy-thumb_\"><\/p>\n<p data-index=\"3\">Wlassopol este fostul so\u021b al Liei Olgu\u021ba Vasilescu, ministrul demisionar al Muncii \u0219i unul dintre cei mai importan\u021bi lideri PSD.<\/p>\n<p data-index=\"4\">Ovidiu Wlassopol nu are un CV public mai recent de 2004 \u0219i ca urmare nu se poate spune clar ce \u00eel recomand\u0103 pentru o func\u021bie de o at\u00e2t de mare responsabilitate. Nu este iar\u0103\u0219i clar cum a ajuns CV lui Wlassopol \u00een aten\u021bia Comisiilor de Buget Finan\u021be pentru a ocupa aceast\u0103 func\u021bie \u0219i nu \u0219i cele ale altor candida\u021bi cu experien\u021b\u0103 \u00een domeniu. Un CV din 2004 men\u021biona c\u0103 a absolvit Comunicare \u0219i Rela\u021bii Publice la SNSPA \u0219i c\u0103 se afla \u00een al doilea an de facultate la Drept in Craiova.<\/p>\n<p data-index=\"5\">Ovidiu R\u0103zvan Vlasopol a lucrat ca jurnalist la Jurnalul na\u021bional, Libertatea \u0219i Pro TV p\u00e2n\u0103 \u00een 2003, dup\u0103 care s-a angajat la o firm\u0103 privat\u0103.<\/p>\n<p data-index=\"6\">Cei doi au \u00eempreun\u0103 un copil, dar au divor\u021bat \u00een anul 2016, dup\u0103 14 ani de c\u0103snicie.<\/p>\n<p data-index=\"7\">\u00cen calitate de prim-vicepre\u0219edinte ASF, Ovidiu Wlassopol va \u00eencasa un salariu uria\u0219. Anul trecut, un prim-vicepre\u015fedinte al Autorit\u0103\u0163ii de Supraveghere Financiar\u0103, a \u00eencasat 735.040 de lei, echivalentul unui venit lunar de 61.250 de lei (13.800 euro).<\/p>\n<p data-index=\"8\">Ovidiu Wlassopol va ocupa pozi\u021bia de\u021binut\u0103 anterior de Cornel Coca Constantinescu, avizat \u00een mai 2017 pentru o pozi\u021bie inferioar\u0103 \u00een ASF, respectiv cea de vicepre\u0219edinte. Func\u021bia de vicepre\u0219edinte ASF pe sectorul asigur\u0103ri reasigur\u0103ri era liber\u0103 din luna octombrie 2016,\u00a0\u00een urma demisiei lui Marius Vorniceanu.<\/p>\n<p data-index=\"9\"><img loading=\"lazy\" decoding=\"async\" class=\"alignnone size-full wp-image-750751\" src=\"https:\/\/analyse.optim.biz\/wp-content\/uploads\/2024\/09\/c2g9ztayzdqyzjjkm2fmzwqyogrlzjziote0odbimtm1y2m-thumb_.jpg\" width=\"561\" height=\"770\" data-skip-htmlfix=\"1\" title=\"c2g9ztayzdqyzjjkm2fmzwqyogrlzjziote0odbimtm1y2m-thumb_\"><\/p>\n<\/div>\n<p> Source URL: https:\/\/www.digi24.ro\/stiri\/economie\/finante-economie\/fostul-sot-al-olgutei-vasilescu-la-sefia-asf-750724<\/p>\n","protected":false},"excerpt":{"rendered":"<p>Comisiile de buget, finan\u0163e \u015fi b\u0103nci ale Parlamentului l-au validat mar\u021bi pe Ovidiu R\u0103zvan Wlassopol pentru func\u0163ia de prim-vicepre\u015fedinte al ASF, membru executiv. Wlassopol este fostul so\u021b al Liei Olgu\u021ba Vasilescu, ministrul demisionar al Muncii \u0219i unul dintre cei mai importan\u021bi lideri PSD. Ovidiu Wlassopol nu are un CV public mai recent de 2004 \u0219i [&hellip;]<\/p>\n","protected":false},"author":1,"featured_media":137682,"comment_status":"open","ping_status":"","sticky":false,"template":"","format":"standard","meta":{"footnotes":""},"categories":[2],"tags":[11],"class_list":["post-137681","post","type-post","status-publish","format-standard","has-post-thumbnail","hentry","category-politics","tag-digi24"],"_links":{"self":[{"href":"https:\/\/analyse.optim.biz\/index.php?rest_route=\/wp\/v2\/posts\/137681","targetHints":{"allow":["GET"]}}],"collection":[{"href":"https:\/\/analyse.optim.biz\/index.php?rest_route=\/wp\/v2\/posts"}],"about":[{"href":"https:\/\/analyse.optim.biz\/index.php?rest_route=\/wp\/v2\/types\/post"}],"author":[{"embeddable":true,"href":"https:\/\/analyse.optim.biz\/index.php?rest_route=\/wp\/v2\/users\/1"}],"replies":[{"embeddable":true,"href":"https:\/\/analyse.optim.biz\/index.php?rest_route=%2Fwp%2Fv2%2Fcomments&post=137681"}],"version-history":[{"count":0,"href":"https:\/\/analyse.optim.biz\/index.php?rest_route=\/wp\/v2\/posts\/137681\/revisions"}],"wp:featuredmedia":[{"embeddable":true,"href":"https:\/\/analyse.optim.biz\/index.php?rest_route=\/wp\/v2\/media\/137682"}],"wp:attachment":[{"href":"https:\/\/analyse.optim.biz\/index.php?rest_route=%2Fwp%2Fv2%2Fmedia&parent=137681"}],"wp:term":[{"taxonomy":"category","embeddable":true,"href":"https:\/\/analyse.optim.biz\/index.php?rest_route=%2Fwp%2Fv2%2Fcategories&post=137681"},{"taxonomy":"post_tag","embeddable":true,"href":"https:\/\/analyse.optim.biz\/index.php?rest_route=%2Fwp%2Fv2%2Ftags&post=137681"}],"curies":[{"name":"wp","href":"https:\/\/api.w.org\/{rel}","templated":true}]}}