{"id":137549,"date":"2017-06-29T11:38:27","date_gmt":"2017-06-29T08:38:27","guid":{"rendered":"https:\/\/analyse.optim.biz\/?p=137549"},"modified":"2017-06-29T11:38:27","modified_gmt":"2017-06-29T08:38:27","slug":"carmen-dan-explica-0-masuri-indeplinite-greseala-de-comunicare","status":"publish","type":"post","link":"https:\/\/analyse.optim.biz\/?p=137549","title":{"rendered":"Carmen Dan explic\u0103 \u201e0 m\u0103suri \u00eendeplinite\u201d: \u201eGre\u0219eal\u0103 de comunicare\u201d"},"content":{"rendered":"<div class=\"entry data-app-meta data-app-meta-article\" data-embed-base-url-canonical=\"https:\/\/www.digi24.ro\/embed\/stiri\/actualitate\/politica\/carmen-dan-explica-0-masuri-indeplinite-greseala-de-comunicare-751706\">\n<p data-index=\"1\"><strong>Fostul \u0219i viitorul ministru al Afacerilor Interne, Carmen Dan, a explicat jurnali\u0219tilor, dup\u0103 audierile \u00een comisiile parlamentare, c\u0103 ea a avut rezultate \u0219i c\u0103 dintr-o \u201egre\u0219eal\u0103 de comunicare\u201d apare \u00een evaluarea f\u0103cut\u0103 de Darius V\u00e2lcov ca av\u00e2nd \u201e0 m\u0103suri \u00eendeplinite\u201d.<\/strong><\/p>\n<p data-index=\"2\"><img loading=\"lazy\" decoding=\"async\" class=\"alignnone size-full wp-image-751707\" src=\"https:\/\/analyse.optim.biz\/wp-content\/uploads\/2024\/09\/jnc9odawjmhhc2g9mmm5ntnintbkyty2ztm5ndrizdq0otq1mzi0ymq4nwi-thumb_.jpg\" width=\"1600\" height=\"1068\" data-skip-htmlfix=\"1\" title=\"jnc9odawjmhhc2g9mmm5ntnintbkyty2ztm5ndrizdq0otq1mzi0ymq4nwi-thumb_\"><\/p>\n<p data-index=\"3\">\u201eM\u0103surile pe care dvs. le considera\u0163i ne\u00eendeplinite (&#8230;) sunt m\u0103suri care se afl\u0103 \u00een diferite stadii de implementare, unele sunt chiar \u00een procedur\u0103 de avizare. O singur\u0103 m\u0103sur\u0103 a fost trecut\u0103 ca ne\u00eendeplinit\u0103\u201d, a spus Carmen Dan, \u00eentrebat\u0103 despre evaluarea PSD.<\/p>\n<p data-index=\"4\">\u00centrebat\u0103 cum \u00ee\u015fi explic\u0103 \u00eens\u0103 acea evaluare \u015fi dac\u0103 poate fi vorba de o gre\u015feal\u0103 de comunicare, ea a confirmat.<\/p>\n<p data-index=\"5\">\u201e<strong>Eu cred c\u0103 este o gre\u015feal\u0103 de comunicare<\/strong>. Nu vorbim neap\u0103rat de domnul V\u00e2lcov, vorbim de o echip\u0103 care a f\u0103cut aceast\u0103 evaluare asumat\u0103 de la bun \u00eenceput pentru \u015fase luni de zile, care a trecut \u00een revist\u0103 obiectivele programului de guvernare \u015fi a dispus, inserat, acele rezultate\u201d, a explicat ministrul.<\/p>\n<p data-index=\"6\"><strong>\u00cen evaluarea f\u0103cut\u0103 Guvernului Grindeanu, Carmen Dan apare cu \u201e0 m\u0103suri \u00eendeplinite\u201d, \u201e7 m\u0103suri realizate par\u021bial\u201d \u0219i o m\u0103sur\u0103 ne\u00eendeplinit\u0103<\/strong>, privind Arhivele Na\u021bionale (analizarea st\u0103rii de fapt \u0219i asigurarea dot\u0103rilor pentru o bun\u0103 conservare a dosarelor).<\/p>\n<p data-index=\"7\">\u00cen comisiile parlamentare, Carmen Dan a fost audiat\u0103 aproximativ 50 de minute, iar la final a fost avizat\u0103 cu 23 de voturi \u201epentru\u201d \u015fi 10 \u201e\u00eempotriv\u0103\u201d.<\/p>\n<\/div>\n<p> Source URL: https:\/\/www.digi24.ro\/stiri\/actualitate\/politica\/carmen-dan-explica-0-masuri-indeplinite-greseala-de-comunicare-751706<\/p>\n","protected":false},"excerpt":{"rendered":"<p>Fostul \u0219i viitorul ministru al Afacerilor Interne, Carmen Dan, a explicat jurnali\u0219tilor, dup\u0103 audierile \u00een comisiile parlamentare, c\u0103 ea a avut rezultate \u0219i c\u0103 dintr-o \u201egre\u0219eal\u0103 de comunicare\u201d apare \u00een evaluarea f\u0103cut\u0103 de Darius V\u00e2lcov ca av\u00e2nd \u201e0 m\u0103suri \u00eendeplinite\u201d. \u201eM\u0103surile pe care dvs. le considera\u0163i ne\u00eendeplinite (&#8230;) sunt m\u0103suri care se afl\u0103 \u00een diferite [&hellip;]<\/p>\n","protected":false},"author":1,"featured_media":137550,"comment_status":"open","ping_status":"","sticky":false,"template":"","format":"standard","meta":{"footnotes":""},"categories":[2],"tags":[11],"class_list":["post-137549","post","type-post","status-publish","format-standard","has-post-thumbnail","hentry","category-politics","tag-digi24"],"_links":{"self":[{"href":"https:\/\/analyse.optim.biz\/index.php?rest_route=\/wp\/v2\/posts\/137549","targetHints":{"allow":["GET"]}}],"collection":[{"href":"https:\/\/analyse.optim.biz\/index.php?rest_route=\/wp\/v2\/posts"}],"about":[{"href":"https:\/\/analyse.optim.biz\/index.php?rest_route=\/wp\/v2\/types\/post"}],"author":[{"embeddable":true,"href":"https:\/\/analyse.optim.biz\/index.php?rest_route=\/wp\/v2\/users\/1"}],"replies":[{"embeddable":true,"href":"https:\/\/analyse.optim.biz\/index.php?rest_route=%2Fwp%2Fv2%2Fcomments&post=137549"}],"version-history":[{"count":0,"href":"https:\/\/analyse.optim.biz\/index.php?rest_route=\/wp\/v2\/posts\/137549\/revisions"}],"wp:featuredmedia":[{"embeddable":true,"href":"https:\/\/analyse.optim.biz\/index.php?rest_route=\/wp\/v2\/media\/137550"}],"wp:attachment":[{"href":"https:\/\/analyse.optim.biz\/index.php?rest_route=%2Fwp%2Fv2%2Fmedia&parent=137549"}],"wp:term":[{"taxonomy":"category","embeddable":true,"href":"https:\/\/analyse.optim.biz\/index.php?rest_route=%2Fwp%2Fv2%2Fcategories&post=137549"},{"taxonomy":"post_tag","embeddable":true,"href":"https:\/\/analyse.optim.biz\/index.php?rest_route=%2Fwp%2Fv2%2Ftags&post=137549"}],"curies":[{"name":"wp","href":"https:\/\/api.w.org\/{rel}","templated":true}]}}