{"id":137546,"date":"2017-06-29T12:09:01","date_gmt":"2017-06-29T09:09:01","guid":{"rendered":"https:\/\/analyse.optim.biz\/?p=137546"},"modified":"2017-06-29T12:09:01","modified_gmt":"2017-06-29T09:09:01","slug":"grindeanu-ataca-la-ccr-votul-la-motiunea-de-cenzura","status":"publish","type":"post","link":"https:\/\/analyse.optim.biz\/?p=137546","title":{"rendered":"Grindeanu atac\u0103 la CCR votul la mo\u021biunea de cenzur\u0103"},"content":{"rendered":"<div class=\"entry data-app-meta data-app-meta-article\" data-embed-base-url-canonical=\"https:\/\/www.digi24.ro\/embed\/stiri\/actualitate\/politica\/grindeanu-ataca-la-ccr-votul-la-motiunea-de-cenzura-751711\">\n<p data-index=\"1\"><strong>Premierul \u00eenc\u0103 \u00een func\u021bie, Sorin Grindeanu, a trimis c\u0103tre Curtea Constitu\u021bional\u0103 o sesizare cu privire la votul la vedere care a fost dat \u00een Parlament la mo\u021biunea de cenzur\u0103 ce a dus la c\u0103derea Cabinetului s\u0103u.<\/strong><\/p>\n<figure class=\"article-thumb\"><img decoding=\"async\" src=\"https:\/\/analyse.optim.biz\/wp-content\/uploads\/2024\/09\/mszoyxnoptu0ownhm2nkota1zdqynzrhmdqzotjmmzy1oguwmziz-thumb_-1.jpg\" alt=\"170621_GRINDEANU_CONFERINTA_00_INQUAM_Photos_Octav_Ganea\" data-skip-htmlfix=\"1\" title=\"mszoyxnoptu0ownhm2nkota1zdqynzrhmdqzotjmmzy1oguwmziz-thumb_-1\"><figcaption> Surs\u0103 foto: INQUAM PHOTOS \/ Octav Ganea <\/figcaption><\/figure>\n<p data-index=\"2\">\u00cen scrisoarea trimis\u0103 CCR, Sorin Grindeanu sus\u021bine c\u0103 modul \u00een care a fost exprimat votul ar fi creat un conflict juridic de natur\u0103 constitu\u021bional\u0103. \u201e<strong>Apreciez c\u0103 modalitatea de exprimare a votului din data de 21 iunie 2017 cu privire la mo\u021biunea de cenzur\u0103, desf\u0103\u0219urat\u0103 \u00een condi\u021bii neregulamentare, a conturat un veritabil conflict juridic de natur\u0103 constitu\u021bional\u0103 \u00eentre autorit\u0103\u021bile publice datorit\u0103 efectului direct al rezultatului votului asupra Guvernului<\/strong>\u201d, se arat\u0103 \u00een sesizarea premierului interimar.<\/p>\n<p data-index=\"3\">Fostul prim-ministru PSD invoc\u0103, drept argumente \u00een favoarea sesiz\u0103rii, art. 113 din Constitu\u021bia Rom\u00e2niei \u0219i articole din Regulamentul activit\u0103\u021bilor comune alee Camerei deputa\u021bilor \u0219i Senatului, care stabilesc c\u0103 votul este secret, exprimat cu bile.<\/p>\n<p data-index=\"4\">\u201eAv\u00e2nd \u00een vedere rolul Cur\u021bii Constitu\u021bionale de garant al suprema\u021biei Constitu\u021biei, precum \u0219i de unic\u0103 autoritate de jurisdic\u021bie constitu\u021bional\u0103 \u00een Rom\u00e2nia, <strong>f\u0103r\u0103 a solicita anularea adopt\u0103rii mo\u021biunii de cenzur\u0103 din data de 21 iunie 2017, v\u0103 adresez rug\u0103mintea de a examina condi\u021biile vot\u0103rii de c\u0103tre senatori \u0219i deputa\u021bi<\/strong> a acestei mo\u021biuni <strong>\u0219i de a impune Parlamentului respectarea, pe viitor, a dispozi\u021biilor constitu\u021bionale \u0219i legale<\/strong> privitoare la asigurarea caracterului secret al votului exprimat de parlamentari\u201d, \u00ee\u0219i \u00eencheie fostul prim-ministru PSD scrisoarea adresat\u0103 pre\u0219edintelui CCR, Valer Dorneanu.<\/p>\n<p data-index=\"5\">Sorin Grindeanu s-a ar\u0103tat nemul\u021bumit de modul \u00een care au fost obliga\u021bi s\u0103 voteze parlamentarii PSD \u0219i ALDE, cu bilele la vedere, \u0219i \u00een conferin\u021ba de bilan\u021b sus\u021binut\u0103 miercuri la Palatul Victoria.<\/p>\n<p data-index=\"6\">\u201eCe s-a \u00eent\u00e2mplat la mo\u0163iunea de cenzur\u0103, acel spectacol cu r\u00e2nduri de filtre \u015fi cu ar\u0103tatul votului, nu ar trebui s\u0103 se mai \u00eent\u00e2mple \u00een Parlamentul Rom\u00e2niei. Este o chestiune care \u0163ine \u015fi de lege \u015fi de demnitate \u015fi de onoare. I-am rugat pe cei de la Secretariatul General, poate g\u0103sesc o solu\u0163ie p\u00e2n\u0103 m\u00e2ine, de a face o solicitare la Curtea Constitu\u0163ional\u0103, \u00een numele Guvernului, prin care <strong>s\u0103 g\u0103sim o modalitate de a proteja dreptul parlamentarilor de a-\u015fi exprima votul f\u0103r\u0103 nicio constr\u00e2ngere. Votul trebuie s\u0103 fie secret<\/strong>\u201d, a declarat premierul interimar.<\/p>\n<p data-index=\"7\">El \u015fi-a exprimat speran\u0163a c\u0103 se va g\u0103si o solu\u0163ie \u201es\u0103 se spun\u0103 \u00abstop\u00bb acestor practici, mai ales \u00een Parlamentul Rom\u00e2niei\u201d.<\/p>\n<p data-index=\"8\">\u201dSper s\u0103 g\u0103seasc\u0103 o solu\u0163ie. Repet, pentru viitor, pentru ce va fi dup\u0103. E bine pentru s\u0103n\u0103tatea democra\u0163iei noastre s\u0103 avem a\u015fa ceva. Dac\u0103 nu vor g\u0103si cei din Secretariatul General p\u00e2n\u0103 m\u00e2ine, poate c\u0103 viitoarea echip\u0103 guvernamental\u0103 va g\u0103si o solu\u0163ie prin care s\u0103 sesiz\u0103m Curtea \u015fi s\u0103 se spun\u0103 \u00abstop\u00bb acestor practici, mai ales \u00een Parlamentul Rom\u00e2niei\u201d, a mai spus Grindeanu.<\/p>\n<\/div>\n<p> Source URL: https:\/\/www.digi24.ro\/stiri\/actualitate\/politica\/grindeanu-ataca-la-ccr-votul-la-motiunea-de-cenzura-751711<\/p>\n","protected":false},"excerpt":{"rendered":"<p>Premierul \u00eenc\u0103 \u00een func\u021bie, Sorin Grindeanu, a trimis c\u0103tre Curtea Constitu\u021bional\u0103 o sesizare cu privire la votul la vedere care a fost dat \u00een Parlament la mo\u021biunea de cenzur\u0103 ce a dus la c\u0103derea Cabinetului s\u0103u. Surs\u0103 foto: INQUAM PHOTOS \/ Octav Ganea \u00cen scrisoarea trimis\u0103 CCR, Sorin Grindeanu sus\u021bine c\u0103 modul \u00een care a [&hellip;]<\/p>\n","protected":false},"author":1,"featured_media":137547,"comment_status":"open","ping_status":"","sticky":false,"template":"","format":"standard","meta":{"footnotes":""},"categories":[2],"tags":[11],"class_list":["post-137546","post","type-post","status-publish","format-standard","has-post-thumbnail","hentry","category-politics","tag-digi24"],"_links":{"self":[{"href":"https:\/\/analyse.optim.biz\/index.php?rest_route=\/wp\/v2\/posts\/137546","targetHints":{"allow":["GET"]}}],"collection":[{"href":"https:\/\/analyse.optim.biz\/index.php?rest_route=\/wp\/v2\/posts"}],"about":[{"href":"https:\/\/analyse.optim.biz\/index.php?rest_route=\/wp\/v2\/types\/post"}],"author":[{"embeddable":true,"href":"https:\/\/analyse.optim.biz\/index.php?rest_route=\/wp\/v2\/users\/1"}],"replies":[{"embeddable":true,"href":"https:\/\/analyse.optim.biz\/index.php?rest_route=%2Fwp%2Fv2%2Fcomments&post=137546"}],"version-history":[{"count":0,"href":"https:\/\/analyse.optim.biz\/index.php?rest_route=\/wp\/v2\/posts\/137546\/revisions"}],"wp:featuredmedia":[{"embeddable":true,"href":"https:\/\/analyse.optim.biz\/index.php?rest_route=\/wp\/v2\/media\/137547"}],"wp:attachment":[{"href":"https:\/\/analyse.optim.biz\/index.php?rest_route=%2Fwp%2Fv2%2Fmedia&parent=137546"}],"wp:term":[{"taxonomy":"category","embeddable":true,"href":"https:\/\/analyse.optim.biz\/index.php?rest_route=%2Fwp%2Fv2%2Fcategories&post=137546"},{"taxonomy":"post_tag","embeddable":true,"href":"https:\/\/analyse.optim.biz\/index.php?rest_route=%2Fwp%2Fv2%2Ftags&post=137546"}],"curies":[{"name":"wp","href":"https:\/\/api.w.org\/{rel}","templated":true}]}}