{"id":137532,"date":"2017-06-29T12:45:56","date_gmt":"2017-06-29T09:45:56","guid":{"rendered":"https:\/\/analyse.optim.biz\/?p=137532"},"modified":"2017-06-29T12:45:56","modified_gmt":"2017-06-29T09:45:56","slug":"guvernul-tudose-romanii-vor-plati-noi-taxe-de-la-1-ianuarie-2018","status":"publish","type":"post","link":"https:\/\/analyse.optim.biz\/?p=137532","title":{"rendered":"Guvernul Tudose | Rom\u00e2nii vor pl\u0103ti noi taxe de la 1 ianuarie 2018"},"content":{"rendered":"<div class=\"entry data-app-meta data-app-meta-article\" data-embed-base-url-canonical=\"https:\/\/www.digi24.ro\/embed\/stiri\/actualitate\/politica\/guvernul-tudose-noi-dari-catre-stat-de-la-1-ianuarie-2018-751750\">\n<p data-index=\"1\"><strong>Programul de guvernare al Cabinetului Tudose, ce va fi votat de majoritatea PSD-ALDE \u0219i alia\u021bii de la UDMR \u0219i minorit\u0103\u021bile na\u021bionale, prezint\u0103 mai multe modific\u0103ri esen\u021biale fa\u021b\u0103 de programul de guvernare al Cabinetului Grindeanu, votat \u00een urm\u0103 cu mai pu\u021bin de \u0219ase luni. Dou\u0103 dintre modific\u0103ri vizeaz\u0103 introducerea a dou\u0103 noi d\u0103ri pe care popula\u021bia le va pl\u0103ti de la 1 ianuarie 2018.<\/strong><\/p>\n<figure class=\"article-thumb\"><img decoding=\"async\" src=\"https:\/\/analyse.optim.biz\/wp-content\/uploads\/2024\/09\/y2zlmzjkntqzm2rjode1nmm3ztc1mdawyjfh-thumb_.jpg\" alt=\"170628_CExN_PSD_00_INQUAM_Photos_Octav_Ganea\" data-skip-htmlfix=\"1\" title=\"y2zlmzjkntqzm2rjode1nmm3ztc1mdawyjfh-thumb_\"><figcaption> Surs\u0103 foto: INQUAM PHOTOS \/ Octav Ganea <\/figcaption><\/figure>\n<p data-index=\"2\">Este vorba de<strong> contribu\u021bia de solidaritate<\/strong> \u0219i de <strong>o tax\u0103 suplimentar\u0103 ce va fi pl\u0103tit\u0103 pe \u201eprodusele al c\u0103ror consum are un impact negativ major asupra s\u0103n\u0103t\u0103\u021bii popula\u021biei\u201d<\/strong>.<\/p>\n<p data-index=\"3\"><strong>Alte detalii despre ce vor presupune aceste dou\u0103 noi d\u0103ri nu apar \u00een programul de guvernare al cabinetului Tudose<\/strong>. De asemenea, nici unul dintre viitorii mini\u0219tri sau din reprezentan\u021bii PSD-ALDE nu au vorbit p\u00e2n\u0103 acum de ele \u0219i nu au explicat cine \u0219i cum le va pl\u0103ti.<\/p>\n<p data-index=\"4\">Introducerea celor dou\u0103 noi d\u0103ri ar urma \u00eens\u0103, potrivit noului program de guvernare, s\u0103 fie concomitent\u0103 cu eliminarea altora. \u201e\u00cencep\u00e2nd cu 1 ianuarie 2018, num\u0103rul taxelor, tarifelor \u0219i comisioanelor \u00een Rom\u00e2nia nu va fi mai mare de 50. Astfel, <strong>pentru popula\u021bie vor exista cel mult 10 taxe, dintre care CASS, CAS, impozitul pe venit, impozitul pe teren, impozitul pe bunuri imobile, impozitul pe ma\u0219in\u0103, contribu\u021bia de solidaritate, vignieta<\/strong>. Toate celelalte taxe, tarife \u0219i comisioane vor fi eliminate\u201d, se arat\u0103 \u00een documentul trimis Parlamentului.<\/p>\n<p data-index=\"5\">De remarcat c\u0103 <strong>\u00een enumerarea de mai sus au fost pomenite explicit doar opt taxe.<\/strong>\u00a0R\u0103m\u00e2ne de v\u0103zut care sunt celelalte dou\u0103 neinventariate, una din ele fiind, probabil, TVA.<\/p>\n<p data-index=\"6\">Tot \u00een documentul trimis Parlamentului se precizeaz\u0103 c\u0103, <strong>p\u00e2n\u0103 la 1 septembrie 2017, Guvernul va prezenta public nomenclatorul taxelor din Rom\u00e2nia, dar \u0219i taxele, tarifele \u0219i comisioanele ce vor fi eliminate<\/strong>.<\/p>\n<p data-index=\"7\">Potrivit unor surse politice, contribu\u021bia de solidaritate ar urma s\u0103 fie pl\u0103tit\u0103 de rom\u00e2nii care au venituri de peste 10 salarii minime pe economie (ar veni, \u00een acest moment, peste 14.500 lei). Banii astfel colecta\u021bi ar urma s\u0103 se duc\u0103 la S\u0103n\u0103tate.<\/p>\n<p data-index=\"8\">Ideea unei taxe de solidaritate a fost vehiculat\u0103 \u0219i \u00een timpul guvern\u0103rii Ponta. Se spunea, atunci, c\u0103 ea va fi pl\u0103tit\u0103 de cei care au venituri ce dep\u0103\u0219esc echivalentul a 1.000 de euro pe lun\u0103. \u00cen prima faz\u0103, Ponta spunea c\u0103 taxa va fi aplicat\u0103 doar angaja\u021bilor din sectorul bugetar \u0219i c\u0103 va fi de 16%. Planul era ca taxa s\u0103 fie aplicat\u0103 de la 1 ianuarie 2013. Ulterior, Ponta a vorbit de o tax\u0103 de 10% din salariu \u0219i a spus c\u0103 banii puteau fi folosi\u021bi pentru tariful social la energie sau pentru pensiile recalculate ale militarilor. \u00cen cele din urm\u0103, taxa nu a fost introdus\u0103.<\/p>\n<\/div>\n<p> Source URL: https:\/\/www.digi24.ro\/stiri\/actualitate\/politica\/guvernul-tudose-noi-dari-catre-stat-de-la-1-ianuarie-2018-751750<\/p>\n","protected":false},"excerpt":{"rendered":"<p>Programul de guvernare al Cabinetului Tudose, ce va fi votat de majoritatea PSD-ALDE \u0219i alia\u021bii de la UDMR \u0219i minorit\u0103\u021bile na\u021bionale, prezint\u0103 mai multe modific\u0103ri esen\u021biale fa\u021b\u0103 de programul de guvernare al Cabinetului Grindeanu, votat \u00een urm\u0103 cu mai pu\u021bin de \u0219ase luni. Dou\u0103 dintre modific\u0103ri vizeaz\u0103 introducerea a dou\u0103 noi d\u0103ri pe care popula\u021bia [&hellip;]<\/p>\n","protected":false},"author":1,"featured_media":137533,"comment_status":"open","ping_status":"","sticky":false,"template":"","format":"standard","meta":{"footnotes":""},"categories":[2],"tags":[11],"class_list":["post-137532","post","type-post","status-publish","format-standard","has-post-thumbnail","hentry","category-politics","tag-digi24"],"_links":{"self":[{"href":"https:\/\/analyse.optim.biz\/index.php?rest_route=\/wp\/v2\/posts\/137532","targetHints":{"allow":["GET"]}}],"collection":[{"href":"https:\/\/analyse.optim.biz\/index.php?rest_route=\/wp\/v2\/posts"}],"about":[{"href":"https:\/\/analyse.optim.biz\/index.php?rest_route=\/wp\/v2\/types\/post"}],"author":[{"embeddable":true,"href":"https:\/\/analyse.optim.biz\/index.php?rest_route=\/wp\/v2\/users\/1"}],"replies":[{"embeddable":true,"href":"https:\/\/analyse.optim.biz\/index.php?rest_route=%2Fwp%2Fv2%2Fcomments&post=137532"}],"version-history":[{"count":0,"href":"https:\/\/analyse.optim.biz\/index.php?rest_route=\/wp\/v2\/posts\/137532\/revisions"}],"wp:featuredmedia":[{"embeddable":true,"href":"https:\/\/analyse.optim.biz\/index.php?rest_route=\/wp\/v2\/media\/137533"}],"wp:attachment":[{"href":"https:\/\/analyse.optim.biz\/index.php?rest_route=%2Fwp%2Fv2%2Fmedia&parent=137532"}],"wp:term":[{"taxonomy":"category","embeddable":true,"href":"https:\/\/analyse.optim.biz\/index.php?rest_route=%2Fwp%2Fv2%2Fcategories&post=137532"},{"taxonomy":"post_tag","embeddable":true,"href":"https:\/\/analyse.optim.biz\/index.php?rest_route=%2Fwp%2Fv2%2Ftags&post=137532"}],"curies":[{"name":"wp","href":"https:\/\/api.w.org\/{rel}","templated":true}]}}