{"id":1374524,"date":"2016-06-03T07:09:49","date_gmt":"2016-06-03T04:09:49","guid":{"rendered":"https:\/\/analyse.optim.biz\/?p=1374524"},"modified":"2016-06-03T07:09:49","modified_gmt":"2016-06-03T04:09:49","slug":"femeie-accidentata-pe-o-trecere-de-pietoni-din-suceava-suceavalive","status":"publish","type":"post","link":"https:\/\/analyse.optim.biz\/?p=1374524","title":{"rendered":"Femeie accidentat\u0103 pe o trecere de pietoni din Suceava &#8211; SuceavaLIVE"},"content":{"rendered":"<article id=\"post-75517\" class=\"clearfix post-75517 post type-post status-publish format-standard has-post-thumbnail hentry category-comunicate tag-accident tag-accident-2016-suceava tag-accident-calea-obcinilor tag-accident-martie-2016 tag-accident-obcini tag-accident-suceava tag-accident-trecere-de-pietoni tag-bucovina tag-editorial-suceava tag-furt-martie-2016 tag-furt-suceava tag-informatia tag-informatii-interesante tag-media tag-monitorul-suceava tag-news tag-noutati-suceava tag-obiectiv-suceava tag-orasul-suceava tag-plus-stiri tag-politia-judeteana-suceava tag-politia-suceava tag-reportaje tag-spitalul-judetean-suceava tag-stirea-zilei tag-stiri-de-ultima-ora tag-stiri-suceava tag-stirile-zilei tag-suceava tag-suceavalive tag-ultimele-stiri tag-urgente-suceava tag-victime-accident-suceava tag-victime-suceava\">\n<header id=\"cb-standard-featured\">\n<div id=\"cb-fis-wrap\" class=\"cb-entry-header cb-fis cb-style-standard\"><span class=\"cb-title-fi\"><\/p>\n<h1 class=\"entry-title cb-entry-title cb-single-title\">Femeie accidentat\u0103 pe o trecere de pietoni din Suceava<\/h1>\n<div class=\"cb-byline cb-font-header\">\n<div class=\"cb-date cb-byline-element\"><time datetime=\"2016-06-03\">3 iunie 2016<\/time><\/div>\n<\/div>\n<p><\/span><\/div>\n<div class=\"cb-mask\"><img decoding=\"async\" width=\"240\" height=\"160\" src=\"https:\/\/analyse.optim.biz\/wp-content\/uploads\/2026\/01\/accident-trecere-pietoni-3.jpg\" class=\"attachment-cb-full-full size-cb-full-full wp-post-image\" loading=\"lazy\" title=\"accident-trecere-pietoni-3\"><\/div>\n<\/header>\n<p>Un t\u00e2n\u0103r de 20 de ani din municipiul F\u0103lticeni, \u00een timp ce conducea autoturismul pe strada Calea Obcinilor din municipiul Suceava, miercuri, 1 iunie, \u00een jurul orei 08:30, a surprins \u015fi accidentat u\u0219or o femeie de 39 ani din localitate, angajat\u0103 \u00een traversare regulamentar\u0103 a str\u0103zii pe trecerea de pietoni.<\/p>\n<section class=\"cb-entry-content entry-content clearfix\">\n<p>Cei doi participan\u021bi la trafic au fost testa\u0163i cu aparatul etilotest, rezultatele fiind negative, dup\u0103 care, conduc\u0103torul auto a fost condus la spital, unde, i s-au prelevat mostre biologice \u00een vederea stabilirii alcoolemiei.<\/p>\n<p>Oamenii legii au \u00eentocmit dosar penal, ce va fi solu\u021bionat procedural.<\/p>\n<\/section>\n<footer class=\"article-footer\">\n<p class=\"cb-tags\"><a href=\"https:\/\/suceavalive.ro\/tag\/accident\/\" rel=\"tag\">accident<\/a><a href=\"https:\/\/suceavalive.ro\/tag\/accident-2016-suceava\/\" rel=\"tag\">accident 2016 suceava<\/a><a href=\"https:\/\/suceavalive.ro\/tag\/accident-calea-obcinilor\/\" rel=\"tag\">accident calea obcinilor<\/a><a href=\"https:\/\/suceavalive.ro\/tag\/accident-martie-2016\/\" rel=\"tag\">accident martie 2016<\/a><a href=\"https:\/\/suceavalive.ro\/tag\/accident-obcini\/\" rel=\"tag\">accident obcini<\/a><a href=\"https:\/\/suceavalive.ro\/tag\/accident-suceava\/\" rel=\"tag\">accident suceava<\/a><a href=\"https:\/\/suceavalive.ro\/tag\/accident-trecere-de-pietoni\/\" rel=\"tag\">accident trecere de pietoni<\/a><a href=\"https:\/\/suceavalive.ro\/tag\/bucovina\/\" rel=\"tag\">bucovina<\/a><a href=\"https:\/\/suceavalive.ro\/tag\/editorial-suceava\/\" rel=\"tag\">editorial suceava<\/a><a href=\"https:\/\/suceavalive.ro\/tag\/furt-martie-2016\/\" rel=\"tag\">furt martie 2016<\/a><a href=\"https:\/\/suceavalive.ro\/tag\/furt-suceava\/\" rel=\"tag\">furt suceava<\/a><a href=\"https:\/\/suceavalive.ro\/tag\/informatia\/\" rel=\"tag\">informatia<\/a><a href=\"https:\/\/suceavalive.ro\/tag\/informatii-interesante\/\" rel=\"tag\">informatii interesante<\/a><a href=\"https:\/\/suceavalive.ro\/tag\/media\/\" rel=\"tag\">media<\/a><a href=\"https:\/\/suceavalive.ro\/tag\/monitorul-suceava\/\" rel=\"tag\">monitorul suceava<\/a><a href=\"https:\/\/suceavalive.ro\/tag\/news\/\" rel=\"tag\">news<\/a><a href=\"https:\/\/suceavalive.ro\/tag\/noutati-suceava\/\" rel=\"tag\">noutati suceava<\/a><a href=\"https:\/\/suceavalive.ro\/tag\/obiectiv-suceava\/\" rel=\"tag\">obiectiv suceava<\/a><a href=\"https:\/\/suceavalive.ro\/tag\/orasul-suceava\/\" rel=\"tag\">orasul suceava<\/a><a href=\"https:\/\/suceavalive.ro\/tag\/plus-stiri\/\" rel=\"tag\">plus stiri<\/a><a href=\"https:\/\/suceavalive.ro\/tag\/politia-judeteana-suceava\/\" rel=\"tag\">politia judeteana suceava<\/a><a href=\"https:\/\/suceavalive.ro\/tag\/politia-suceava\/\" rel=\"tag\">politia suceava<\/a><a href=\"https:\/\/suceavalive.ro\/tag\/reportaje\/\" rel=\"tag\">reportaje<\/a><a href=\"https:\/\/suceavalive.ro\/tag\/spitalul-judetean-suceava\/\" rel=\"tag\">Spitalul Jude\u0163ean Suceava<\/a><a href=\"https:\/\/suceavalive.ro\/tag\/stirea-zilei\/\" rel=\"tag\">stirea zilei<\/a><a href=\"https:\/\/suceavalive.ro\/tag\/stiri-de-ultima-ora\/\" rel=\"tag\">stiri de ultima ora<\/a><a href=\"https:\/\/suceavalive.ro\/tag\/stiri-suceava\/\" rel=\"tag\">stiri suceava<\/a><a href=\"https:\/\/suceavalive.ro\/tag\/stirile-zilei\/\" rel=\"tag\">stirile zilei<\/a><a href=\"https:\/\/suceavalive.ro\/tag\/suceava\/\" rel=\"tag\">Suceava<\/a><a href=\"https:\/\/suceavalive.ro\/tag\/suceavalive\/\" rel=\"tag\">suceavalive<\/a><a href=\"https:\/\/suceavalive.ro\/tag\/ultimele-stiri\/\" rel=\"tag\">ultimele stiri<\/a><a href=\"https:\/\/suceavalive.ro\/tag\/urgente-suceava\/\" rel=\"tag\">urgente suceava<\/a><a href=\"https:\/\/suceavalive.ro\/tag\/victime-accident-suceava\/\" rel=\"tag\">victime accident suceava<\/a><a href=\"https:\/\/suceavalive.ro\/tag\/victime-suceava\/\" rel=\"tag\">victime suceava<\/a><\/p>\n<div class=\"cb-social-sharing cb-post-footer-block cb-beside clearfix\">\n<div class=\"cb-title-subtle\">Share On:<\/div>\n<div class=\"cb-twitter\"><a href=\"https:\/\/twitter.com\/share\" class=\"twitter-share-button\" data-dnt=\"true\" data-count=\"horizontal\">Tweet<\/a><\/div>\n<\/div>\n<div id=\"cb-previous-next-links\" class=\"cb-post-footer-block clearfix\">\n<div id=\"cb-previous-link\"><a href=\"https:\/\/suceavalive.ro\/barbat-retinut-pentru-24-de-ore-de-oamenii-legii-acesta-s-ales-cu-dosar-penal-pentru-mai-multe-infractiuni\/\" rel=\"prev\">B\u0103rbat re\u021binut pentru 24 de ore de oamenii legii. Acesta s-a ales cu dosar penal pentru mai multe infrac\u021biuni<\/a><\/div>\n<div id=\"cb-next-link\"><a href=\"https:\/\/suceavalive.ro\/sub-pretextul-ca-vor-sa-cumpere-cereale-au-furat-bani-din-casa-unor-batrani\/\" rel=\"next\">Sub pretextul c\u0103 vor s\u0103 cumpere cereale, au furat bani din casa unor b\u0103tr\u00e2ni<\/a><\/div>\n<\/div>\n<div id=\"cb-author-box\" class=\"clearfix\">\n<h3 class=\"cb-block-title\">Despre autor<\/h3>\n<div class=\"cb-mask\"><a href=\"https:\/\/suceavalive.ro\/author\/suceavalive\/\"><img decoding=\"async\" src=\"https:\/\/analyse.optim.biz\/wp-content\/uploads\/2026\/01\/d542cd85af72d7d3afad0d26982263c9a64170e87d978956298bfb0122b00b8c-421.jpg\" class=\"avatar avatar-120 photo\" height=\"120\" width=\"120\" loading=\"lazy\" title=\"d542cd85af72d7d3afad0d26982263c9a64170e87d978956298bfb0122b00b8c-421\"><\/a><\/div>\n<div class=\"cb-meta\">\n<div class=\"cb-info\">\n<div class=\"cb-author-title vcard\"><a href=\"https:\/\/suceavalive.ro\/author\/suceavalive\/\"><span class=\"fn\">SuceavaLive<\/span><\/a><\/div>\n<\/div>\n<\/div>\n<\/div>\n<div id=\"cb-related-posts\" class=\"cb-related-posts-block cb-post-end-block clearfix\">\n<h3 class=\"cb-block-title\">Postari asemanatoare<\/h3>\n<ul>\n<li class=\"cb-style-overlay cb-grid-entry cb-related-post no-1\">\n<div class=\"cb-mask\"><a href=\"https:\/\/suceavalive.ro\/calendarul-zilei-de-22-ianuarie\/\"><img decoding=\"async\" width=\"360\" height=\"240\" src=\"https:\/\/analyse.optim.biz\/wp-content\/uploads\/2026\/01\/george-motoi-360x240-7.jpg\" class=\"attachment-cb-360-240 size-cb-360-240 wp-post-image\" loading=\"lazy\" title=\"george-motoi-360x240-7\"><\/a><\/div>\n<div class=\"cb-meta cb-article-meta\">\n<h4 class=\"h3 cb-post-title\"><a href=\"https:\/\/suceavalive.ro\/calendarul-zilei-de-22-ianuarie\/\">Calendarul zilei de 22 ianuarie<\/a><\/h4>\n<div class=\"cb-byline cb-font-header\">\n<div class=\"cb-date cb-byline-element\"><time datetime=\"2026-01-22\">22 ianuarie 2026<\/time><\/div>\n<\/div>\n<\/div>\n<\/li>\n<li class=\"cb-style-overlay cb-grid-entry cb-related-post no-2\">\n<div class=\"cb-mask\"><a href=\"https:\/\/suceavalive.ro\/calendarul-zilei-de-21-ianuarie\/\"><img decoding=\"async\" width=\"360\" height=\"240\" src=\"https:\/\/analyse.optim.biz\/wp-content\/uploads\/2026\/01\/avt_eugene-ionesco_2068-360x240-1-17.jpeg\" class=\"attachment-cb-360-240 size-cb-360-240 wp-post-image\" loading=\"lazy\" title=\"avt_eugene-ionesco_2068-360x240-1-17\"><\/a><\/div>\n<div class=\"cb-meta cb-article-meta\">\n<h4 class=\"h3 cb-post-title\"><a href=\"https:\/\/suceavalive.ro\/calendarul-zilei-de-21-ianuarie\/\">Calendarul zilei de 21 ianuarie<\/a><\/h4>\n<div class=\"cb-byline cb-font-header\">\n<div class=\"cb-date cb-byline-element\"><time datetime=\"2026-01-21\">21 ianuarie 2026<\/time><\/div>\n<\/div>\n<\/div>\n<\/li>\n<\/ul>\n<\/div>\n<\/footer>\n<div id=\"respond\" class=\"comment-respond\">\n<h3 id=\"reply-title\" class=\"comment-reply-title\">Lasa un raspuns <small><a rel=\"nofollow\" id=\"cancel-comment-reply-link\" href=\"https:\/\/suceavalive.ro\/femeie-accidentata-pe-o-trecere-de-pietoni-din-suceava\/#respond\">Anuleaza raspunsul<\/a><\/small><\/h3>\n<p class=\"comment-notes\">Adresa ta de email nu va fi publicat\u0103.<\/p>\n<\/div>\n<\/article>\n<p> Source URL: https:\/\/suceavalive.ro\/femeie-accidentata-pe-o-trecere-de-pietoni-din-suceava\/<\/p>\n","protected":false},"excerpt":{"rendered":"<p>Femeie accidentat\u0103 pe o trecere de pietoni din Suceava 3 iunie 2016 Un t\u00e2n\u0103r de 20 de ani din municipiul F\u0103lticeni, \u00een timp ce conducea autoturismul pe strada Calea Obcinilor din municipiul Suceava, miercuri, 1 iunie, \u00een jurul orei 08:30, a surprins \u015fi accidentat u\u0219or o femeie de 39 ani din localitate, angajat\u0103 \u00een traversare [&hellip;]<\/p>\n","protected":false},"author":1,"featured_media":1374525,"comment_status":"open","ping_status":"","sticky":false,"template":"","format":"standard","meta":{"footnotes":""},"categories":[89],"tags":[173],"class_list":["post-1374524","post","type-post","status-publish","format-standard","has-post-thumbnail","hentry","category-romania","tag-suceavalive-ro"],"_links":{"self":[{"href":"https:\/\/analyse.optim.biz\/index.php?rest_route=\/wp\/v2\/posts\/1374524","targetHints":{"allow":["GET"]}}],"collection":[{"href":"https:\/\/analyse.optim.biz\/index.php?rest_route=\/wp\/v2\/posts"}],"about":[{"href":"https:\/\/analyse.optim.biz\/index.php?rest_route=\/wp\/v2\/types\/post"}],"author":[{"embeddable":true,"href":"https:\/\/analyse.optim.biz\/index.php?rest_route=\/wp\/v2\/users\/1"}],"replies":[{"embeddable":true,"href":"https:\/\/analyse.optim.biz\/index.php?rest_route=%2Fwp%2Fv2%2Fcomments&post=1374524"}],"version-history":[{"count":0,"href":"https:\/\/analyse.optim.biz\/index.php?rest_route=\/wp\/v2\/posts\/1374524\/revisions"}],"wp:featuredmedia":[{"embeddable":true,"href":"https:\/\/analyse.optim.biz\/index.php?rest_route=\/wp\/v2\/media\/1374525"}],"wp:attachment":[{"href":"https:\/\/analyse.optim.biz\/index.php?rest_route=%2Fwp%2Fv2%2Fmedia&parent=1374524"}],"wp:term":[{"taxonomy":"category","embeddable":true,"href":"https:\/\/analyse.optim.biz\/index.php?rest_route=%2Fwp%2Fv2%2Fcategories&post=1374524"},{"taxonomy":"post_tag","embeddable":true,"href":"https:\/\/analyse.optim.biz\/index.php?rest_route=%2Fwp%2Fv2%2Ftags&post=1374524"}],"curies":[{"name":"wp","href":"https:\/\/api.w.org\/{rel}","templated":true}]}}