{"id":136256,"date":"2017-07-20T22:02:43","date_gmt":"2017-07-20T19:02:43","guid":{"rendered":"https:\/\/analyse.optim.biz\/?p=136256"},"modified":"2017-07-20T22:02:43","modified_gmt":"2017-07-20T19:02:43","slug":"premierul-contrazis-de-liviu-pop-nu-vor-fi-inghetate-angajarile","status":"publish","type":"post","link":"https:\/\/analyse.optim.biz\/?p=136256","title":{"rendered":"Premierul, contrazis de Liviu Pop: Nu vor fi \u00eenghe\u021bate angaj\u0103rile"},"content":{"rendered":"<div class=\"entry data-app-meta data-app-meta-article\" data-embed-base-url-canonical=\"https:\/\/www.digi24.ro\/embed\/stiri\/actualitate\/politica\/premierul-contrazis-de-liviu-pop-nu-vor-fi-inghetate-angajarile-764416\">\n<p data-index=\"1\"><strong>Ministrul Educa\u021biei, Liviu Pop, a dat asigur\u0103ri joi c\u0103 nu vor fi \u00eenghe\u021bate angaj\u0103rile nici \u00een sistemul de Educa\u021bie, nici \u00een cel de S\u0103n\u0103tate. \u201e\u00cenghe\u021barea angaj\u0103rilor la stat nu vizeaz\u0103 nici Educa\u021bia, nici S\u0103n\u0103tatea. Prin memorandum intern, \u0219i \u00een Educa\u021bie, \u0219i \u00een S\u0103n\u0103tate, \u0219i \u00een orice alt serviciu, \u00een orice alt\u0103 institu\u021bie se pot face angaj\u0103ri, doar c\u0103 este un comitet interministerial care decide lucrul acesta. (&#8230;) Sunt controlate, dac\u0103 putem spune a\u0219a (angaj\u0103rile &#8211; n.r.). (&#8230;) \u0218i noi vom veni cu un memorandum pentru c\u0103 vor fi profesori care pleac\u0103 \u00een timpul anului \u0219colar, se pensioneaz\u0103\u201d, a declarat Liviu Pop.<\/strong><\/p>\n<figure class=\"article-thumb\"><img decoding=\"async\" src=\"https:\/\/analyse.optim.biz\/wp-content\/uploads\/2024\/09\/emm9mszoyxnoptm5nzfhzmi4ogy1zmviztezzgniymyyotyxngm1zdbl-thumb_.jpg\" alt=\"liviu pop\" data-skip-htmlfix=\"1\" title=\"emm9mszoyxnoptm5nzfhzmi4ogy1zmviztezzgniymyyotyxngm1zdbl-thumb_\"><figcaption> Foto: Agerpres <\/figcaption><\/figure>\n<p data-index=\"2\">\u00centrebat dac\u0103 exist\u0103 un deficit de personal \u00een sistemul de Educa\u021bie, Liviu Pop a r\u0103spuns c\u0103 da.<\/p>\n<p data-index=\"3\"><strong>\u201eAvem profesori necalifica\u021bi \u00een sistemul de \u00eenv\u0103\u021b\u0103m\u00e2nt, unul dintre obiectivele Guvernului este acela de a nu mai avea profesori necalifica\u021bi la clas\u0103. (&#8230;) Avem 280 de mii profesori efectiv, 330 de mii angaja\u021bi. (&#8230;) Nici \u00een Educa\u021bie, nici \u00een S\u0103n\u0103tate, nici \u00eentr-un alt domeniu unde se justific\u0103 crearea unor posturi, nu vor fi \u00eenghe\u021bate angaj\u0103rile. Va fi un memorandum \u00een Guvern, aprobare special\u0103 pe zona respectiv\u0103, explicat de ce se face chestiunea aceasta (&#8230;). \u00cen fa\u021ba clasei trebuie s\u0103 ai profesor, la capul pacientului trebuie s\u0103 ai medic\u201d<\/strong>, a spus Liviu Pop.<\/p>\n<p data-index=\"4\">Toate posturile din administra\u021bia public\u0103 central\u0103 vor fi auditate p\u00e2n\u0103 la sf\u00e2r\u0219itul acestui an de un comitet interministerial, p\u00e2n\u0103 atunci urm\u00e2nd s\u0103 fie suspendat\u0103 ocuparea prin concurs sau examen a posturilor vacante sau temporar vacante, potrivit unei ordonan\u021be adoptat\u0103 joi de Guvern.<\/p>\n<p data-index=\"5\"><strong>\u201eRolul acestui comitet interministerial este s\u0103 analizeze cum sunt organizate institu\u021biile \u0219i func\u021biile din autorit\u0103\u021bile \u0219i institu\u021biile publice din administra\u021bia public\u0103 central\u0103 \u0219i s\u0103 propun\u0103 m\u0103suri pentru eficientizarea managementului \u00een resursele umane. Analiza va viza ministerele, institu\u021bii centrale subordonate Guvernului sau ministerelor, inclusiv servicii publice deconcentrate ale acestora \u0219i institu\u021biile prefectului\u201d<\/strong>, precizeaz\u0103 un comunicat al Executivului.<\/p>\n<p data-index=\"6\">Joi, la \u00eenceputul \u0219edin\u021bei Executivului, premierul Mihai Tudose afirma c\u0103 ordonan\u021ba referitoare la bloc\u0103rile de angaj\u0103ri \u00een sistemul bugetar are \u00een vedere un inventar <strong>\u201efoarte clar al celor care lucreaz\u0103 la stat\u201d<\/strong>.<\/p>\n<p data-index=\"7\"><strong>\u201eAst\u0103zi vom lua \u00een discu\u021bie, spre aprobare, acel celebru act privind m\u0103suri privind administra\u021bia central\u0103. Nu d\u0103m pe nimeni afar\u0103, pur \u0219i simplu se blocheaz\u0103 angaj\u0103rile \u0219i \u00eencerc\u0103m \u0219i vom reu\u0219i s\u0103 eficientiz\u0103m actul administrativ, dac\u0103 este vorba de reorganizare, de descentralizare\u201d<\/strong>, explica Tudose.<\/p>\n<p data-index=\"8\">El mai afirma c\u0103 aparatul birocratic este din ce \u00een ce mai mare \u0219i sunt cereri de angajare a sute de oameni, \u201epurt\u0103tori de \u0219tampil\u0103, de semn\u0103tur\u0103\u201d.<\/p>\n<\/div>\n<p> Source URL: https:\/\/www.digi24.ro\/stiri\/actualitate\/politica\/premierul-contrazis-de-liviu-pop-nu-vor-fi-inghetate-angajarile-764416<\/p>\n","protected":false},"excerpt":{"rendered":"<p>Ministrul Educa\u021biei, Liviu Pop, a dat asigur\u0103ri joi c\u0103 nu vor fi \u00eenghe\u021bate angaj\u0103rile nici \u00een sistemul de Educa\u021bie, nici \u00een cel de S\u0103n\u0103tate. \u201e\u00cenghe\u021barea angaj\u0103rilor la stat nu vizeaz\u0103 nici Educa\u021bia, nici S\u0103n\u0103tatea. Prin memorandum intern, \u0219i \u00een Educa\u021bie, \u0219i \u00een S\u0103n\u0103tate, \u0219i \u00een orice alt serviciu, \u00een orice alt\u0103 institu\u021bie se pot face [&hellip;]<\/p>\n","protected":false},"author":1,"featured_media":136257,"comment_status":"open","ping_status":"","sticky":false,"template":"","format":"standard","meta":{"footnotes":""},"categories":[2],"tags":[11],"class_list":["post-136256","post","type-post","status-publish","format-standard","has-post-thumbnail","hentry","category-politics","tag-digi24"],"_links":{"self":[{"href":"https:\/\/analyse.optim.biz\/index.php?rest_route=\/wp\/v2\/posts\/136256","targetHints":{"allow":["GET"]}}],"collection":[{"href":"https:\/\/analyse.optim.biz\/index.php?rest_route=\/wp\/v2\/posts"}],"about":[{"href":"https:\/\/analyse.optim.biz\/index.php?rest_route=\/wp\/v2\/types\/post"}],"author":[{"embeddable":true,"href":"https:\/\/analyse.optim.biz\/index.php?rest_route=\/wp\/v2\/users\/1"}],"replies":[{"embeddable":true,"href":"https:\/\/analyse.optim.biz\/index.php?rest_route=%2Fwp%2Fv2%2Fcomments&post=136256"}],"version-history":[{"count":0,"href":"https:\/\/analyse.optim.biz\/index.php?rest_route=\/wp\/v2\/posts\/136256\/revisions"}],"wp:featuredmedia":[{"embeddable":true,"href":"https:\/\/analyse.optim.biz\/index.php?rest_route=\/wp\/v2\/media\/136257"}],"wp:attachment":[{"href":"https:\/\/analyse.optim.biz\/index.php?rest_route=%2Fwp%2Fv2%2Fmedia&parent=136256"}],"wp:term":[{"taxonomy":"category","embeddable":true,"href":"https:\/\/analyse.optim.biz\/index.php?rest_route=%2Fwp%2Fv2%2Fcategories&post=136256"},{"taxonomy":"post_tag","embeddable":true,"href":"https:\/\/analyse.optim.biz\/index.php?rest_route=%2Fwp%2Fv2%2Ftags&post=136256"}],"curies":[{"name":"wp","href":"https:\/\/api.w.org\/{rel}","templated":true}]}}