{"id":136253,"date":"2017-07-20T23:19:27","date_gmt":"2017-07-20T20:19:27","guid":{"rendered":"https:\/\/analyse.optim.biz\/?p=136253"},"modified":"2017-07-20T23:19:27","modified_gmt":"2017-07-20T20:19:27","slug":"basescu-va-garantez-ca-nota-publicata-de-rise-project-e-reala","status":"publish","type":"post","link":"https:\/\/analyse.optim.biz\/?p=136253","title":{"rendered":"B\u0103sescu: V\u0103 garantez c\u0103 nota publicat\u0103 de Rise Project e real\u0103"},"content":{"rendered":"<div class=\"entry data-app-meta data-app-meta-article\" data-embed-base-url-canonical=\"https:\/\/www.digi24.ro\/embed\/stiri\/actualitate\/politica\/basescu-va-garantez-ca-nota-publicata-de-rise-project-e-reala-764445\">\n<p data-index=\"1\"><strong>Fostul pre\u0219edinte Traian B\u0103sescu, senator PMP, a afirmat, joi, c\u0103 <a href=\"https:\/\/www.digi24.ro\/stiri\/actualitate\/politica\/legatura-dragnea-tel-drum-investigatia-rise-project-publicata-dupa-controlul-anaf-756368\" target=\"_blank\" rel=\"noopener noreferrer\" data-skip-linkfix=\"1\">nota publicat\u0103 de Rise Project cu referire la Liviu Dragnea<\/a> este real\u0103, problema este c\u00e2t de reale sunt faptele descrise \u00een aceasta.<\/strong><\/p>\n<p data-index=\"2\"><img loading=\"lazy\" decoding=\"async\" class=\"alignnone size-full wp-image-764448\" src=\"https:\/\/analyse.optim.biz\/wp-content\/uploads\/2024\/09\/pwy2yzrhmdjhnmvkmjc5mtlmnza3ogm1zdhjmdgxm2u4-thumb_-2.jpg\" width=\"1157\" height=\"735\" data-skip-htmlfix=\"1\" title=\"pwy2yzrhmdjhnmvkmjc5mtlmnza3ogm1zdhjmdgxm2u4-thumb_-2\"><\/p>\n<p data-index=\"3\"><strong>\u201eUrm\u0103resc evolu\u021bia dezbaterii publice \u0219i ea a devenit mai consistent\u0103 dup\u0103 ce a ap\u0103rut acea not\u0103 atribuit\u0103 serviciului de informa\u021bii al Ministerului de Interne \u0219i a fost procesat\u0103 de Rise Project, \u0219i au ad\u0103ugat \u0219i din investiga\u021biile lor. Punctul meu de vedere este c\u0103 acea not\u0103 este real\u0103, oric\u00e2t ar \u00eencerca doamna ministru Dan s\u0103 spun\u0103 \u00abnu \u0219tiu\u00bb, \u00abn-am g\u0103sit-o\u00bb. Problema este c\u00e2t de reale sunt faptele relatate. Eu v\u0103 garantez c\u0103 este o not\u0103 real\u0103, problema este c\u00e2t de reale sunt faptele descrise \u00een not\u0103 \u0219i de ce ridic\u0103 acest semn de \u00eentrebare. Pentru c\u0103, la r\u00e2ndu-mi, t\u00e2r\u0103sc dup\u0103 mine povestea Flotei, de\u0219i nimeni n-a reu\u0219it s\u0103 arate o singur\u0103 aprobare semnat\u0103 de mine pentru v\u00e2nzarea unei singure nave. Deci, plec\u00e2nd de la propria mea experien\u021b\u0103, pun un semn de \u00eentrebare \u0219i pe aceast\u0103 poveste\u201d<\/strong>, a declarat B\u0103sescu.<\/p>\n<p data-index=\"4\">El a reamintit c\u0103 l-a cunoscut destul de bine pe pre\u0219edintele PSD, Liviu Dragnea, \u00een perioada \u00een care acesta a fost membru PD, pe care l-a calificat ca fiind <strong>\u201eviclean\u201d<\/strong> \u0219i <strong>\u201einsistent\u201d<\/strong>.<\/p>\n<p data-index=\"5\"><strong>\u201eC\u00e2t a fost prefect, dar \u0219i pre\u0219edinte al Consiliului Jude\u021bean, indiferent dac\u0103 a fost la PD sau la PSD, era cel mai insistent personaj politic care se b\u0103tea s\u0103 aloce bani din fondul special al drumurilor pentru Teleorman. \u0218i i-am dat destui bani la vremea respectiv\u0103, c\u00e2nd eram ministrul Transporturilor\u201d<\/strong>, a spus B\u0103sescu.<\/p>\n<p data-index=\"6\">El a ad\u0103ugat c\u0103 plecarea lui Liviu Dragnea s-a produs <strong>\u201e\u00eentr-o noapte\u201d<\/strong> \u0219i a aflat despre aceasta din pres\u0103.<\/p>\n<p data-index=\"7\">B\u0103sescu a sus\u021binut totodat\u0103 c\u0103 Liviu Dragnea l-a l\u0103sat pe <strong>\u201eMircea Geoan\u0103 s\u0103 se fac\u0103 de r\u00e2s\u201d<\/strong> \u00een noaptea de 6 decembrie 2009.<\/p>\n<p data-index=\"8\"><strong>\u201eCred c\u0103 Adrian N\u0103stase a avut un rol, pentru c\u0103 el trecea drept un politician din teritoriu extrem de descurc\u0103re\u021b. Numai c\u0103 (&#8230;) el e un om limitat din punct de vedere al capacit\u0103\u021bii de a \u00een\u021belege lucrurile despre care vorbe\u0219te, \u00eens\u0103 este un viclean \u0219i p\u0103c\u0103le\u0219te cu asta, mul\u021bi o iau drept inteligen\u021b\u0103, viclenia i-o iau drept inteligen\u021b\u0103. El e doar viclean, extrem de lipicios, unsuros chiar \u00een unele situa\u021bii c\u00e2nd are interese \u0219i trebuie tratat drept la nivelul de unsuros. (&#8230;) Dac\u0103 vre\u021bi s\u0103-l vede\u021bi pe Dragnea cel adev\u0103rat, privi\u021bi momentul c\u00e2nd \u021bop\u0103ia Geoan\u0103 cu \u00abMihaela, dragostea mea\u00bb: \u00een spate ve\u021bi vedea un Dragnea trist, care \u0219tia c\u0103 a pierdut alegerile, dar nu i-a spus, l-a l\u0103sat s\u0103 se fac\u0103 de r\u00e2s p\u00e2n\u0103 la cap\u0103t. \u0102sta e omul, deci e viclean. Aduce\u021bi-v\u0103 aminte c\u0103 Ponta, care era purt\u0103torul de cuv\u00e2nt al lui Geoan\u0103 \u00een campanie, nu apare \u00een poza aia. \u0218i Ponta \u0219i Dragnea \u0219tiau c\u0103 Geoan\u0103 a pierdut alegerile. A fost un barona\u0219 al PD (&#8230;) A avut calit\u0103\u021bi s\u0103 fie un barona\u0219 \u00eenc\u0103 de mic, acea viclenie care l-a f\u0103cut s\u0103 fie simpatic tuturor \u0219i s\u0103-i execute pe m\u0103sur\u0103 ce i-a prins\u201d<\/strong>, a afirmat fostul pre\u0219edinte.<\/p>\n<p data-index=\"9\">Traian B\u0103sescu a sus\u021binut c\u0103 <strong>\u201eLiviu Dragnea a v\u00e2ndut\u201d<\/strong> PSD <strong>\u201e\u0219i interesele partidului\u201d<\/strong> \u0219i s-a ar\u0103tat totodat\u0103 convins c\u0103 acesta nu poate duce r\u0103zboiul cu DNA.<\/p>\n<p data-index=\"10\"><em>Sursa: Agerpres<\/em><\/p>\n<\/div>\n<p> Source URL: https:\/\/www.digi24.ro\/stiri\/actualitate\/politica\/basescu-va-garantez-ca-nota-publicata-de-rise-project-e-reala-764445<\/p>\n","protected":false},"excerpt":{"rendered":"<p>Fostul pre\u0219edinte Traian B\u0103sescu, senator PMP, a afirmat, joi, c\u0103 nota publicat\u0103 de Rise Project cu referire la Liviu Dragnea este real\u0103, problema este c\u00e2t de reale sunt faptele descrise \u00een aceasta. \u201eUrm\u0103resc evolu\u021bia dezbaterii publice \u0219i ea a devenit mai consistent\u0103 dup\u0103 ce a ap\u0103rut acea not\u0103 atribuit\u0103 serviciului de informa\u021bii al Ministerului de [&hellip;]<\/p>\n","protected":false},"author":1,"featured_media":136254,"comment_status":"open","ping_status":"","sticky":false,"template":"","format":"standard","meta":{"footnotes":""},"categories":[2],"tags":[11],"class_list":["post-136253","post","type-post","status-publish","format-standard","has-post-thumbnail","hentry","category-politics","tag-digi24"],"_links":{"self":[{"href":"https:\/\/analyse.optim.biz\/index.php?rest_route=\/wp\/v2\/posts\/136253","targetHints":{"allow":["GET"]}}],"collection":[{"href":"https:\/\/analyse.optim.biz\/index.php?rest_route=\/wp\/v2\/posts"}],"about":[{"href":"https:\/\/analyse.optim.biz\/index.php?rest_route=\/wp\/v2\/types\/post"}],"author":[{"embeddable":true,"href":"https:\/\/analyse.optim.biz\/index.php?rest_route=\/wp\/v2\/users\/1"}],"replies":[{"embeddable":true,"href":"https:\/\/analyse.optim.biz\/index.php?rest_route=%2Fwp%2Fv2%2Fcomments&post=136253"}],"version-history":[{"count":0,"href":"https:\/\/analyse.optim.biz\/index.php?rest_route=\/wp\/v2\/posts\/136253\/revisions"}],"wp:featuredmedia":[{"embeddable":true,"href":"https:\/\/analyse.optim.biz\/index.php?rest_route=\/wp\/v2\/media\/136254"}],"wp:attachment":[{"href":"https:\/\/analyse.optim.biz\/index.php?rest_route=%2Fwp%2Fv2%2Fmedia&parent=136253"}],"wp:term":[{"taxonomy":"category","embeddable":true,"href":"https:\/\/analyse.optim.biz\/index.php?rest_route=%2Fwp%2Fv2%2Fcategories&post=136253"},{"taxonomy":"post_tag","embeddable":true,"href":"https:\/\/analyse.optim.biz\/index.php?rest_route=%2Fwp%2Fv2%2Ftags&post=136253"}],"curies":[{"name":"wp","href":"https:\/\/api.w.org\/{rel}","templated":true}]}}