{"id":136250,"date":"2017-07-21T06:35:40","date_gmt":"2017-07-21T03:35:40","guid":{"rendered":"https:\/\/analyse.optim.biz\/?p=136250"},"modified":"2017-07-21T06:35:40","modified_gmt":"2017-07-21T03:35:40","slug":"premierul-tudose-in-vizita-oficiala-in-republica-moldova","status":"publish","type":"post","link":"https:\/\/analyse.optim.biz\/?p=136250","title":{"rendered":"Premierul Tudose, \u00een vizit\u0103 oficial\u0103 \u00een Republica Moldova"},"content":{"rendered":"<div class=\"entry data-app-meta data-app-meta-article\" data-embed-base-url-canonical=\"https:\/\/www.digi24.ro\/embed\/stiri\/externe\/moldova\/premierul-tudose-in-vizita-oficiala-in-republica-moldova-764524\">\n<p data-index=\"1\"><strong>Mihai Tudose face, vineri, o vizit\u0103 oficial\u0103 \u00een Moldova, unde va avea convorbiri cu primul-ministru Pavel Filip \u015fi pre\u015fedintele Parlamentului, Andrian Candu. \u00cen programul oficial al vizitei premierului nu este trecut\u0103 o \u00eentrevedere cu pre\u015fedintele Igor Dodon, noteaz\u0103 News.ro.<\/strong><\/p>\n<figure class=\"article-thumb\"><img decoding=\"async\" src=\"https:\/\/analyse.optim.biz\/wp-content\/uploads\/2024\/09\/jnpjptemagfzad1mywiwowm4mwjmndlkogzmngjlnta2zjizode1zja5na-thumb_-1.jpg\" alt=\"tudose bruxelles agerpres_10039046\" data-skip-htmlfix=\"1\" title=\"jnpjptemagfzad1mywiwowm4mwjmndlkogzmngjlnta2zjizode1zja5na-thumb_-1\"><figcaption> Foto: Agerpres <\/figcaption><\/figure>\n<p data-index=\"2\">Este a doua destina\u021bie extern\u0103 a premierului Tudose, de la \u00eenvestire, dup\u0103 ce s\u0103pt\u0103m\u00e2na trecut\u0103 a fost la Bruxelles.<\/p>\n<p data-index=\"3\">Vizita intervine \u00eentr-un context tensionat la Chi\u0219in\u0103u, unde de c\u00e2teva zile sunt<a href=\"https:\/\/www.digi24.ro\/stiri\/externe\/moldova\/tulburari-la-chisinau-schimbarea-sistemului-electoral-a-fost-votata-de-parlament-oamenii-au-iesit-in-strada-764010\" target=\"_blank\" rel=\"noopener noreferrer\" data-skip-linkfix=\"1\"> proteste fa\u021b\u0103 de schimbarea sistemului electoral<\/a> \u0219i introducerea unui sistem de vot mixt. Legea &#8211; care i-ar avantaja pe sociali\u0219ti (partidul cu cei mai mul\u021bi deputa\u021bi) &#8211; a fost votat\u0103 \u00een lectur\u0103 definitiv\u0103 joi de Parlament \u0219i <a href=\"https:\/\/www.digi24.ro\/stiri\/externe\/dodon-sfideaza-protestatarii-din-moldova-presedintele-a-promulgat-legea-care-a-scos-sute-de-oameni-in-strada-764246\" target=\"_blank\" rel=\"noopener noreferrer\" data-skip-linkfix=\"1\">promulgat\u0103 imediat de pre\u0219edintele Dodon.<\/a><\/p>\n<p data-index=\"4\">Mihai Tudose \u0219i Pavel Filip se vor \u00eent\u00e2lni la ora 10:00, la sediul Guvernului din Chi\u015fin\u0103u, pentru discu\u0163ii\u00a0t\u00eate-\u00e0-t\u00eate, urmate de convorbiri \u00een plenul celor dou\u0103 delega\u0163ii guvernamentale. La ora 11:25, Mihai Tudose \u015fi Pavel Filip vor sus\u0163ine o conferin\u0163\u0103 de pres\u0103 comun\u0103, apoi Tudose va participa la\u00a0ceremonia de <strong>donare a 96 de microbuze \u015fcolare acordate de Guvernul Rom\u00e2niei autorit\u0103\u0163ilor din Republica Moldova.<\/strong><\/p>\n<p data-index=\"5\">La ora 13:00, premierii rom\u00e2n \u015fi moldovean vor fi prezen\u0163i la un dejun de lucru, dup\u0103 care Tudose se \u00eent\u00e2lne\u015fte, de la ora 15:00, cu pre\u015fedintele Parlamentului Moldovei, Andrian Candu.\u00a0<\/p>\n<p data-index=\"6\">Tudose nu are programat\u0103 o \u00eentrevedere cu pre\u015fedintele pro-rus al Moldovei, Igor Dodon.<\/p>\n<p data-index=\"7\"><strong>\u00cent\u00e2lnirea dintre premierii celor dou\u0103 \u0163\u0103ri a fost convenit\u0103 imediat dup\u0103 ce Mihai Tudose a devenit prim-ministru<\/strong>.\u00a0Premierul Republicii Moldova, Pavel Filip, a purtat o prim\u0103 discu\u0163ie telefonic\u0103 cu noul prim-ministru de la Bucure\u015fti pe 30 iunie, iar cei doi oficiali au stabilit s\u0103 aib\u0103 o \u00eentrevedere \u201e\u00een timpul apropiat\u201d, dupp cum relata Deschide.md.<\/p>\n<p data-index=\"8\">Premierul moldovean l-a felicitat pe Mihai Tudose cu prilejul \u00eenvestirii \u015fi a \u0163inut s\u0103-i ureze succes. &#8220;Sunt sigur c\u0103 \u015fi pe viitor vom men\u0163ine un dialog activ \u015fi ne vom bucura de tot suportul Rom\u00e2niei \u015fi al dvs. personal \u00een realizarea priorit\u0103\u0163ilor agendei bilaterale \u015fi a obiectivelor majore de modernizare \u015fi integrare european\u0103 a Republicii Moldova\u201d, se ar\u0103ta \u00eentr-un mesaj semnat de premierul de la Chi\u015fin\u0103u.<\/p>\n<p data-index=\"9\">Pavel Filip a apreciat ritmul ascendent al rela\u0163iilor moldo-rom\u00e2ne \u015fi intensificarea colabor\u0103rii bilaterale dup\u0103 instituirea Parteneriatului Strategic pentru Integrarea European\u0103 a R. Moldova.<\/p>\n<p data-index=\"10\"><strong>\u00cen ziua de dinaintea vizitei la Chi\u015fin\u0103u, premierul Mihai Tudose a discutat la telefon cu pre\u015fedintele Consiliului European, Donald Tusk, despre Republica Moldova \u015fi i-a transmis liderului european c\u0103 Rom\u00e2nia \u00ee\u015fi continu\u0103 rolul de cel mai implicat stat membru \u00een atragerea Moldovei pe calea european\u0103.<\/strong><\/p>\n<p data-index=\"11\">\u201dRom\u00e2nia continu\u0103 programele de asisten\u0163\u0103 cu Republica Moldova. Sprijinim traseul proeuropean al Moldovei \u015fi Rom\u00e2nia \u00ee\u015fi continu\u0103 rolul european \u015fi pe cel de cel mai implicat stat membru \u00een atragerea Moldovei pe calea european\u0103\u201d, au afirmat, pentru News.ro, surse guvernamentale.<\/p>\n<\/div>\n<p> Source URL: https:\/\/www.digi24.ro\/stiri\/externe\/moldova\/premierul-tudose-in-vizita-oficiala-in-republica-moldova-764524<\/p>\n","protected":false},"excerpt":{"rendered":"<p>Mihai Tudose face, vineri, o vizit\u0103 oficial\u0103 \u00een Moldova, unde va avea convorbiri cu primul-ministru Pavel Filip \u015fi pre\u015fedintele Parlamentului, Andrian Candu. \u00cen programul oficial al vizitei premierului nu este trecut\u0103 o \u00eentrevedere cu pre\u015fedintele Igor Dodon, noteaz\u0103 News.ro. Foto: Agerpres Este a doua destina\u021bie extern\u0103 a premierului Tudose, de la \u00eenvestire, dup\u0103 ce s\u0103pt\u0103m\u00e2na [&hellip;]<\/p>\n","protected":false},"author":1,"featured_media":136251,"comment_status":"open","ping_status":"","sticky":false,"template":"","format":"standard","meta":{"footnotes":""},"categories":[2],"tags":[11],"class_list":["post-136250","post","type-post","status-publish","format-standard","has-post-thumbnail","hentry","category-politics","tag-digi24"],"_links":{"self":[{"href":"https:\/\/analyse.optim.biz\/index.php?rest_route=\/wp\/v2\/posts\/136250","targetHints":{"allow":["GET"]}}],"collection":[{"href":"https:\/\/analyse.optim.biz\/index.php?rest_route=\/wp\/v2\/posts"}],"about":[{"href":"https:\/\/analyse.optim.biz\/index.php?rest_route=\/wp\/v2\/types\/post"}],"author":[{"embeddable":true,"href":"https:\/\/analyse.optim.biz\/index.php?rest_route=\/wp\/v2\/users\/1"}],"replies":[{"embeddable":true,"href":"https:\/\/analyse.optim.biz\/index.php?rest_route=%2Fwp%2Fv2%2Fcomments&post=136250"}],"version-history":[{"count":0,"href":"https:\/\/analyse.optim.biz\/index.php?rest_route=\/wp\/v2\/posts\/136250\/revisions"}],"wp:featuredmedia":[{"embeddable":true,"href":"https:\/\/analyse.optim.biz\/index.php?rest_route=\/wp\/v2\/media\/136251"}],"wp:attachment":[{"href":"https:\/\/analyse.optim.biz\/index.php?rest_route=%2Fwp%2Fv2%2Fmedia&parent=136250"}],"wp:term":[{"taxonomy":"category","embeddable":true,"href":"https:\/\/analyse.optim.biz\/index.php?rest_route=%2Fwp%2Fv2%2Fcategories&post=136250"},{"taxonomy":"post_tag","embeddable":true,"href":"https:\/\/analyse.optim.biz\/index.php?rest_route=%2Fwp%2Fv2%2Ftags&post=136250"}],"curies":[{"name":"wp","href":"https:\/\/api.w.org\/{rel}","templated":true}]}}