{"id":136247,"date":"2017-07-21T09:22:10","date_gmt":"2017-07-21T06:22:10","guid":{"rendered":"https:\/\/analyse.optim.biz\/?p=136247"},"modified":"2017-07-21T09:22:10","modified_gmt":"2017-07-21T06:22:10","slug":"seful-demis-al-anaf-numit-vicepresedinte-al-institutiei","status":"publish","type":"post","link":"https:\/\/analyse.optim.biz\/?p=136247","title":{"rendered":"\u0218eful demis al ANAF, numit vicepre\u0219edinte al institu\u021biei"},"content":{"rendered":"<div class=\"entry data-app-meta data-app-meta-article\" data-embed-base-url-canonical=\"https:\/\/www.digi24.ro\/embed\/stiri\/actualitate\/seful-demis-al-anaf-numit-vicepresedinte-al-institutiei-764574\">\n<p data-index=\"1\"><strong>Premierul Mihai Tudose a decis numirea a patru vicepre\u0219edin\u021bi, cu rang de subsecretar de stat, la nivelul Agen\u021biei Na\u021bionale de Administrare Fiscal\u0103, unul dintre cei desemna\u021bi fiind fostul \u0219ef al ANAF Bogdan-Nicolae Stan.<\/strong><\/p>\n<p data-index=\"2\"><img loading=\"lazy\" decoding=\"async\" class=\"alignnone size-full wp-image-763468\" src=\"https:\/\/analyse.optim.biz\/wp-content\/uploads\/2024\/09\/mtazyjrhzmq4njc0nzrlmji3mgi0nwiwnzyznjk-thumb_.jpg\" width=\"713\" height=\"426\" data-skip-htmlfix=\"1\" title=\"mtazyjrhzmq4njc0nzrlmji3mgi0nwiwnzyznjk-thumb_\"><\/p>\n<p data-index=\"3\">Dup\u0103 demiterea pre\u015fedintelui ANAF, a r\u0103mas f\u0103r\u0103 func\u0163ie \u015fi \u015feful direc\u0163iei Antifraud\u0103. Numit de fostul premier Sorin Grindeanu, Marin Marius Florea conducea direc\u0163ia de numai \u015fase luni. Locul s\u0103u va fi luat de Daniel Mihail Tudor, fost director \u00een cadrul ANAF Bucure\u0219ti. Fostul \u015fef al Fiscului, Bogdan Stan, demis acum dou\u0103 zile, a fost numit vicepre\u015fedinte al institu\u0163iei.<\/p>\n<p data-index=\"4\">Totodat\u0103, Mihai Tudose a mai semnat eliberarea fin func\u0163ia de vicepre\u015fedinte al ANAF a lui Sorin Cristian Giuvelea, dar \u015fi numirea \u00een aceast\u0103 func\u0163ie a lui Daniel Florin Anghel \u015fi a lui Nicolae Pietr\u0103reanu.<\/p>\n<\/div>\n<p> Source URL: https:\/\/www.digi24.ro\/stiri\/actualitate\/seful-demis-al-anaf-numit-vicepresedinte-al-institutiei-764574<\/p>\n","protected":false},"excerpt":{"rendered":"<p>Premierul Mihai Tudose a decis numirea a patru vicepre\u0219edin\u021bi, cu rang de subsecretar de stat, la nivelul Agen\u021biei Na\u021bionale de Administrare Fiscal\u0103, unul dintre cei desemna\u021bi fiind fostul \u0219ef al ANAF Bogdan-Nicolae Stan. Dup\u0103 demiterea pre\u015fedintelui ANAF, a r\u0103mas f\u0103r\u0103 func\u0163ie \u015fi \u015feful direc\u0163iei Antifraud\u0103. Numit de fostul premier Sorin Grindeanu, Marin Marius Florea conducea [&hellip;]<\/p>\n","protected":false},"author":1,"featured_media":136248,"comment_status":"open","ping_status":"","sticky":false,"template":"","format":"standard","meta":{"footnotes":""},"categories":[2],"tags":[11],"class_list":["post-136247","post","type-post","status-publish","format-standard","has-post-thumbnail","hentry","category-politics","tag-digi24"],"_links":{"self":[{"href":"https:\/\/analyse.optim.biz\/index.php?rest_route=\/wp\/v2\/posts\/136247","targetHints":{"allow":["GET"]}}],"collection":[{"href":"https:\/\/analyse.optim.biz\/index.php?rest_route=\/wp\/v2\/posts"}],"about":[{"href":"https:\/\/analyse.optim.biz\/index.php?rest_route=\/wp\/v2\/types\/post"}],"author":[{"embeddable":true,"href":"https:\/\/analyse.optim.biz\/index.php?rest_route=\/wp\/v2\/users\/1"}],"replies":[{"embeddable":true,"href":"https:\/\/analyse.optim.biz\/index.php?rest_route=%2Fwp%2Fv2%2Fcomments&post=136247"}],"version-history":[{"count":0,"href":"https:\/\/analyse.optim.biz\/index.php?rest_route=\/wp\/v2\/posts\/136247\/revisions"}],"wp:featuredmedia":[{"embeddable":true,"href":"https:\/\/analyse.optim.biz\/index.php?rest_route=\/wp\/v2\/media\/136248"}],"wp:attachment":[{"href":"https:\/\/analyse.optim.biz\/index.php?rest_route=%2Fwp%2Fv2%2Fmedia&parent=136247"}],"wp:term":[{"taxonomy":"category","embeddable":true,"href":"https:\/\/analyse.optim.biz\/index.php?rest_route=%2Fwp%2Fv2%2Fcategories&post=136247"},{"taxonomy":"post_tag","embeddable":true,"href":"https:\/\/analyse.optim.biz\/index.php?rest_route=%2Fwp%2Fv2%2Ftags&post=136247"}],"curies":[{"name":"wp","href":"https:\/\/api.w.org\/{rel}","templated":true}]}}