{"id":136244,"date":"2017-07-21T12:57:42","date_gmt":"2017-07-21T09:57:42","guid":{"rendered":"https:\/\/analyse.optim.biz\/?p=136244"},"modified":"2017-07-21T12:57:42","modified_gmt":"2017-07-21T09:57:42","slug":"explicatie-pentru-al-doilea-deficit-bugetar-ca-marime-din-ue","status":"publish","type":"post","link":"https:\/\/analyse.optim.biz\/?p=136244","title":{"rendered":"Explica\u021bie pentru al doilea deficit bugetar ca m\u0103rime din UE"},"content":{"rendered":"<div class=\"entry data-app-meta data-app-meta-article\" data-embed-base-url-canonical=\"https:\/\/www.digi24.ro\/embed\/stiri\/economie\/finante-economie\/explicatie-pentru-al-doilea-deficit-bugetar-ca-marime-din-ue-764754\">\n<p data-index=\"1\"><strong>O zi dup\u0103 ce Eurostat a informat c\u0103 Rom\u00e2nia a avut \u00een primul trimestru al doilea deficit bugetar din UE, Ministerul de Finan\u021be a g\u0103sit \u0219i explica\u021bia: PIB-ul mic din trimestrul luat \u00een calcul.<\/strong><\/p>\n<p data-index=\"2\"><img loading=\"lazy\" decoding=\"async\" class=\"alignnone size-full wp-image-764759\" src=\"https:\/\/analyse.optim.biz\/wp-content\/uploads\/2024\/09\/lmpwzyz3ptgwmczoyxnoptizowzjzjuxzta3zji1nte2n2niztezzthimme0nwmx-thumb_.jpg\" width=\"1000\" height=\"971\" data-skip-htmlfix=\"1\" title=\"lmpwzyz3ptgwmczoyxnoptizowzjzjuxzta3zji1nte2n2niztezzthimme0nwmx-thumb_\"><\/p>\n<p data-index=\"3\">Rom\u00e2nia se va \u00eencadra \u00een \u021binta de deficit \u00een 2017, iar valoarea de 3,2% din PIB comunicat\u0103 joi de Eurostat a fost calculat\u0103 pe baza soldului ESA, ajustat sezonier, \u0219i raportat\u0103 la PIB-ul din trimestrul I, trimestrul \u00een care PIB-ul \u00eenregistreaz\u0103 de obicei cea mai redus\u0103 valoare nominal\u0103, potrivit unui comunicat al Ministerului Finan\u021belor Publice (MFP), informeaz\u0103 <a href=\"https:\/\/www.agerpres.ro\/economie\/2017\/07\/21\/ministerul-finantelor-romania-se-incadreaza-in-tinta-de-deficit-in-2017-12-22-50\" data-skip-linkfix=\"1\"><strong>Agerpres<\/strong><\/a>.<\/p>\n<p data-index=\"4\">Deficitul ESA reprezint\u0103 deficitul care, spre deosebire de cel pe cash, include \u0219i angajamentele de plat\u0103 luate de Guvern.<\/p>\n<p data-index=\"5\">\u201dValoarea comunicat\u0103 de 3,2% din PIB este (&#8230;) raportat\u0103 la PIB din trimestrul I, trimestru \u00een care PIB \u00eenregistreaz\u0103 de obicei cea mai redus\u0103 valoare nominal\u0103 din cele 4 trimestre ale anului\u201d, spune ministerul.<\/p>\n<p data-index=\"6\">\u00cen 2016 PIB \u00een trimestrul I a fost de 146,4 miliarde de lei \u00een timp ce valoarea cea mai ridicat\u0103 a PIB-ului trimestrial s-a \u00eenregistrat \u00een trimestrul IV de 228,9 miliarde de lei, spun reprezentan\u021bii Ministerului Finan\u021belor.<\/p>\n<p data-index=\"7\">Evolu\u021biile de anul trecut nu au fost mai bune dec\u00e2t cele din acest an. \u201dDe asemenea, \u00een datele publicate de Eurostat se observ\u0103 c\u0103 acela\u0219i indicator a \u00eenregistrat un maxim de 3,6% din PIB \u00een trimestrul II 2016, \u00een timp ce valoarea \u00eenregistrat\u0103 \u00een trimestrul I din 2016 a fost de 3,1% din PIB\u201d, se mai arat\u0103 \u00een comunicat.<\/p>\n<p data-index=\"8\">&#8220;Raportat la perioada comparabil\u0103 din 2016 (trimestrul I) se observ\u0103 c\u0103 deficitul bugetar a crescut doar marginal cu 0,1 pp la 3,2% din PIB, ceea ce sugereaz\u0103 c\u0103 \u021binta de deficit pentru finalul anului 2017 este \u00een program&#8221;, potrivit MFP.<\/p>\n<p data-index=\"9\">Datele publicate joi de Oficiul European de Statistic\u0103 (Eurostat) arat\u0103 c\u0103, \u00een timp ce \u00een Uniunea European\u0103 \u0219i \u00een zona euro, deficitul guvernamental a sc\u0103zut cu 0,2 puncte procentuale \u00een primul trimestru al acestui an comparativ cu ultimul trimestru al anului trecut, \u00een Rom\u00e2nia valoarea indicatorului a \u00eenregistrat cea mai mare cre\u0219tere din r\u00e2ndul statelor membre, 1,3 puncte procentuale, de la un deficit de 1,8% din PIB \u00een trimestrul patru 2016, p\u00e2n\u0103 la un deficit de 3,2% din PIB \u00een primul trimestru al acestui an.<\/p>\n<p data-index=\"10\">Deficitul guvernamental al Rom\u00e2niei a fost \u00een primul trimestru al acestui an de trei ori mai mare dec\u00e2t cel din UE (1% din PIB), iar \u00een r\u00e2ndul statelor membre UE doar Fran\u021ba a avut \u00een primele trei luni ale acestui an un deficit guvernamental mai mare dec\u00e2t cel al Rom\u00e2niei (3,3% din PIB).<\/p>\n<\/div>\n<p> Source URL: https:\/\/www.digi24.ro\/stiri\/economie\/finante-economie\/explicatie-pentru-al-doilea-deficit-bugetar-ca-marime-din-ue-764754<\/p>\n","protected":false},"excerpt":{"rendered":"<p>O zi dup\u0103 ce Eurostat a informat c\u0103 Rom\u00e2nia a avut \u00een primul trimestru al doilea deficit bugetar din UE, Ministerul de Finan\u021be a g\u0103sit \u0219i explica\u021bia: PIB-ul mic din trimestrul luat \u00een calcul. Rom\u00e2nia se va \u00eencadra \u00een \u021binta de deficit \u00een 2017, iar valoarea de 3,2% din PIB comunicat\u0103 joi de Eurostat a [&hellip;]<\/p>\n","protected":false},"author":1,"featured_media":136245,"comment_status":"open","ping_status":"","sticky":false,"template":"","format":"standard","meta":{"footnotes":""},"categories":[2],"tags":[11],"class_list":["post-136244","post","type-post","status-publish","format-standard","has-post-thumbnail","hentry","category-politics","tag-digi24"],"_links":{"self":[{"href":"https:\/\/analyse.optim.biz\/index.php?rest_route=\/wp\/v2\/posts\/136244","targetHints":{"allow":["GET"]}}],"collection":[{"href":"https:\/\/analyse.optim.biz\/index.php?rest_route=\/wp\/v2\/posts"}],"about":[{"href":"https:\/\/analyse.optim.biz\/index.php?rest_route=\/wp\/v2\/types\/post"}],"author":[{"embeddable":true,"href":"https:\/\/analyse.optim.biz\/index.php?rest_route=\/wp\/v2\/users\/1"}],"replies":[{"embeddable":true,"href":"https:\/\/analyse.optim.biz\/index.php?rest_route=%2Fwp%2Fv2%2Fcomments&post=136244"}],"version-history":[{"count":0,"href":"https:\/\/analyse.optim.biz\/index.php?rest_route=\/wp\/v2\/posts\/136244\/revisions"}],"wp:featuredmedia":[{"embeddable":true,"href":"https:\/\/analyse.optim.biz\/index.php?rest_route=\/wp\/v2\/media\/136245"}],"wp:attachment":[{"href":"https:\/\/analyse.optim.biz\/index.php?rest_route=%2Fwp%2Fv2%2Fmedia&parent=136244"}],"wp:term":[{"taxonomy":"category","embeddable":true,"href":"https:\/\/analyse.optim.biz\/index.php?rest_route=%2Fwp%2Fv2%2Fcategories&post=136244"},{"taxonomy":"post_tag","embeddable":true,"href":"https:\/\/analyse.optim.biz\/index.php?rest_route=%2Fwp%2Fv2%2Ftags&post=136244"}],"curies":[{"name":"wp","href":"https:\/\/api.w.org\/{rel}","templated":true}]}}