{"id":136241,"date":"2017-07-21T12:59:29","date_gmt":"2017-07-21T09:59:29","guid":{"rendered":"https:\/\/analyse.optim.biz\/?p=136241"},"modified":"2017-07-21T12:59:29","modified_gmt":"2017-07-21T09:59:29","slug":"miscare-de-trupe-anti-dragnea-in-interior-s-a-lucrat-la-un-nou-psd-curat-modern-credibil","status":"publish","type":"post","link":"https:\/\/analyse.optim.biz\/?p=136241","title":{"rendered":"Mi\u015fcare de trupe anti-Dragnea. \u00cen interior s-a lucrat la un nou PSD: &#8220;curat&#8221;, &#8220;modern&#8221;, &#8220;credibil&#8221;"},"content":{"rendered":"<div class=\"entry data-app-meta data-app-meta-article\" data-embed-base-url-canonical=\"https:\/\/www.digi24.ro\/embed\/stiri\/actualitate\/politica\/miscare-de-trupe-anti-dragnea-in-interior-s-a-lucrat-la-un-nou-psd-curat-modern-credibil-764750\">\n<p data-index=\"1\"><strong>\u00cen PSD exist\u0103 un grup care lucreaz\u0103 la un proiect politic nou, menit s\u0103 scoat\u0103 partidul de sub influen\u0163a unui singur om \u015fi s\u0103 ia distan\u0163\u0103 de agenda personal\u0103 a unor lideri\u00a0cu probleme\u00a0penale. Existen\u0163a acestui proiect a fost anun\u0163at\u0103 vineri de\u00a0C\u0103t\u0103lin Ivan, europarlamentar social-democrat care \u00een ultima vreme s-a pozi\u0163ionat constant \u00eempotriva lui Liviu Dragnea.<\/strong><\/p>\n<p data-index=\"2\"><img loading=\"lazy\" decoding=\"async\" class=\"alignnone size-full wp-image-247803\" src=\"https:\/\/analyse.optim.biz\/wp-content\/uploads\/2024\/09\/dz04mdamagfzad1jogi3mddmnmi0ody1zjk0mwiyotfjywiwodayzmy3yw-thumb_.jpg\" width=\"800\" height=\"533\" data-skip-htmlfix=\"1\" title=\"dz04mdamagfzad1jogi3mddmnmi0ody1zjk0mwiyotfjywiwodayzmy3yw-thumb_\"><\/p>\n<p data-index=\"3\">&#8220;Lucr\u0103m deja la un nou proiect politic pentru PSD, \u00een interiorul partidului. Cred c\u0103 nu ai voie s\u0103 critici dac\u0103 nu pui m\u0103car o solu\u0163ie \u00een loc. L-am tot criticat pe Liviu Dragnea pentru modul \u00eenchis, autoritar spre dictatorial, \u00een care conduce partidul, pentru lipsa de viziune \u015fi de direc\u0163ie din ultimul timp&#8221;, scrie europarlamentarul C\u0103t\u0103lin Ivan (foto), \u00een introducerea unei <a href=\"https:\/\/www.facebook.com\/catalin.ivan.7528\" data-skip-linkfix=\"1\">post\u0103ri pe Facebook<\/a> \u00een care vorbe\u015fte de o ini\u0163iativ\u0103 care \u0163inte\u015fte spre &#8220;un partid de st\u00e2nga curat, modern, european, credibil&#8221;.<\/p>\n<p data-index=\"4\">Potrivit eurodeputatului, lucrul la acest proiect ar fi\u00a0\u00een stadii destul de\u00a0avansate. &#8220;Foarte cur\u00e2nd vom prezen\u0163a public propunerea noastr\u0103 de proiect politic pentru colegii no\u015ftri, membri ai PSD. Vom analiza atunci c\u00e2te din propunerile noastre vor fi bune \u015fi c\u00e2te nu. Important este s\u0103 avem o dezbatere intern\u0103 nu despre cum \u00eent\u0103rim puterea unei persoane \u00een partid, \u00een niciun caz despre cum s\u0103-i ap\u0103r\u0103m pe unii s\u0103 nu ajung\u0103 \u00een fa\u0163\u0103 instan\u0163ei sau cum s\u0103-i ajut\u0103m s\u0103 se \u00eembog\u0103\u0163easc\u0103 mai u\u015for din banii publici, ci despre cum trebuie s\u0103 arate un partid de st\u00e2nga curat, modern, european, credibil&#8221;.<br \/> Din cine este alc\u0103tuit nucleul acestui proiect? C\u0103t\u0103lin Ivan nu precizeaz\u0103, dar spune c\u0103 vor ap\u0103rea detalii \u015fi asupra acestui aspect. &#8220;Unii se vor \u00eentreba, pe bun\u0103 dreptate, cine suntem cei care vom prezenta acest proiect. Toate la momentul potrivit&#8221;, completeaz\u0103 Ivan.<\/p>\n<p data-index=\"5\">C\u0103t\u0103lin Ivan \u015fi-a asumat \u00een ultimele luni pozi\u0163ii vehemente \u00eempotriva actualei conduceri a PSD. \u00cen februarie, pre\u0219edintele partidului, Liviu Dragnea, a spus c\u0103 europarlamentarul Ivan &#8220;<span lang=\"ro-RO\">nu mai e membru al partidului demult. A fost exclus de Organizatia sectorului 1 de ceva vreme. Deci, nu e cazul\u201d. \u00cen replic\u0103, Ivan a\u00a0prezentat un document care ar sus\u0163ine contrariul. Detalii <a href=\"https:\/\/www.digi24.ro\/stiri\/actualitate\/politica\/catalin-ivan-publica-dovezi-ca-nu-a-fost-exclus-din-psd-678472\" data-skip-linkfix=\"1\">AICI<\/a>.\u00a0<\/span><\/p>\n<p data-index=\"6\">Secretarul general adjunct al PSD, Codrin \u015etef\u0103nescu, a reac\u0163ionat, vineri, la informa\u0163ia potrivit c\u0103reia \u00een interiorul partidului se lucreaz\u0103 la proiectul unui nou PSD. Detalii <a href=\"https:\/\/www.digi24.ro\/stiri\/actualitate\/politica\/prima-replica-data-de-nucleul-dur-al-psd-miscarii-anti-dragnea-764877\" data-skip-linkfix=\"1\">AICI<\/a>.<\/p>\n<p data-index=\"7\">Alte detalii <a href=\"https:\/\/www.digi24.ro\/stiri\/actualitate\/politica\/catalin-ivan-asistam-la-teleormanizarea-romaniei-746861\" data-skip-linkfix=\"1\">AICI <\/a>\u015fi <a href=\"https:\/\/www.digi24.ro\/stiri\/actualitate\/politica\/europarlamentar-catre-dragnea-ati-reusit-sa-lasati-fara-cuvinte-o-europa-intreaga-743720\" data-skip-linkfix=\"1\">AICI<\/a>.<\/p>\n<p data-index=\"8\">\u00a0<\/p>\n<\/div>\n<p> Source URL: https:\/\/www.digi24.ro\/stiri\/actualitate\/politica\/miscare-de-trupe-anti-dragnea-in-interior-s-a-lucrat-la-un-nou-psd-curat-modern-credibil-764750<\/p>\n","protected":false},"excerpt":{"rendered":"<p>\u00cen PSD exist\u0103 un grup care lucreaz\u0103 la un proiect politic nou, menit s\u0103 scoat\u0103 partidul de sub influen\u0163a unui singur om \u015fi s\u0103 ia distan\u0163\u0103 de agenda personal\u0103 a unor lideri\u00a0cu probleme\u00a0penale. Existen\u0163a acestui proiect a fost anun\u0163at\u0103 vineri de\u00a0C\u0103t\u0103lin Ivan, europarlamentar social-democrat care \u00een ultima vreme s-a pozi\u0163ionat constant \u00eempotriva lui Liviu Dragnea. [&hellip;]<\/p>\n","protected":false},"author":1,"featured_media":136242,"comment_status":"open","ping_status":"","sticky":false,"template":"","format":"standard","meta":{"footnotes":""},"categories":[2],"tags":[11],"class_list":["post-136241","post","type-post","status-publish","format-standard","has-post-thumbnail","hentry","category-politics","tag-digi24"],"_links":{"self":[{"href":"https:\/\/analyse.optim.biz\/index.php?rest_route=\/wp\/v2\/posts\/136241","targetHints":{"allow":["GET"]}}],"collection":[{"href":"https:\/\/analyse.optim.biz\/index.php?rest_route=\/wp\/v2\/posts"}],"about":[{"href":"https:\/\/analyse.optim.biz\/index.php?rest_route=\/wp\/v2\/types\/post"}],"author":[{"embeddable":true,"href":"https:\/\/analyse.optim.biz\/index.php?rest_route=\/wp\/v2\/users\/1"}],"replies":[{"embeddable":true,"href":"https:\/\/analyse.optim.biz\/index.php?rest_route=%2Fwp%2Fv2%2Fcomments&post=136241"}],"version-history":[{"count":0,"href":"https:\/\/analyse.optim.biz\/index.php?rest_route=\/wp\/v2\/posts\/136241\/revisions"}],"wp:featuredmedia":[{"embeddable":true,"href":"https:\/\/analyse.optim.biz\/index.php?rest_route=\/wp\/v2\/media\/136242"}],"wp:attachment":[{"href":"https:\/\/analyse.optim.biz\/index.php?rest_route=%2Fwp%2Fv2%2Fmedia&parent=136241"}],"wp:term":[{"taxonomy":"category","embeddable":true,"href":"https:\/\/analyse.optim.biz\/index.php?rest_route=%2Fwp%2Fv2%2Fcategories&post=136241"},{"taxonomy":"post_tag","embeddable":true,"href":"https:\/\/analyse.optim.biz\/index.php?rest_route=%2Fwp%2Fv2%2Ftags&post=136241"}],"curies":[{"name":"wp","href":"https:\/\/api.w.org\/{rel}","templated":true}]}}