{"id":136238,"date":"2017-07-21T13:13:55","date_gmt":"2017-07-21T10:13:55","guid":{"rendered":"https:\/\/analyse.optim.biz\/?p=136238"},"modified":"2017-07-21T13:13:55","modified_gmt":"2017-07-21T10:13:55","slug":"iohannis-se-opune-pensiei-speciale-pe-care-o-va-primi-avocatul-poporului","status":"publish","type":"post","link":"https:\/\/analyse.optim.biz\/?p=136238","title":{"rendered":"Iohannis se opune pensiei speciale pe care o va primi Avocatul Poporului"},"content":{"rendered":"<div class=\"entry data-app-meta data-app-meta-article\" data-embed-base-url-canonical=\"https:\/\/www.digi24.ro\/embed\/stiri\/actualitate\/politica\/iohannis-se-opune-pensiei-speciale-pe-care-o-va-primi-avocatul-poporului-presedintele-a-cerut-reexaminarea-legii-764779\">\n<p data-index=\"1\"><strong>Pre\u015fedintele Klaus Iohannis solicit\u0103 reexaminarea legii prin care Avocatul Poporului va beneficia de o pensie special\u0103, egal\u0103 cu cea a judec\u0103torilor CCR, \u00eens\u0103 care nu poate sc\u0103dea \u00een func\u0163ie de fluctua\u0163iile indemniza\u0163iilor acestor judec\u0103tori, ceea ce \u015feful statului consider\u0103 &#8220;un privilegiu nejustificat&#8221;, relateaz\u0103 News.ro.<\/strong><\/p>\n<p data-index=\"2\"><img loading=\"lazy\" decoding=\"async\" class=\"alignnone size-full wp-image-764780\" src=\"https:\/\/analyse.optim.biz\/wp-content\/uploads\/2024\/09\/pwyyzjm5mme3zgfkzgnhodiyymexywiwzge5mmm1mjvl-thumb_.jpg\" width=\"640\" height=\"480\" data-skip-htmlfix=\"1\" title=\"pwyyzjm5mme3zgfkzgnhodiyymexywiwzge5mmm1mjvl-thumb_\"><\/p>\n<p data-index=\"3\">Noua lege introduce prevederi conform c\u0103rora pensia de serviciu a Avocatului Poporului se actualizeaz\u0103 ori de c\u00e2te ori se majoreaz\u0103 indemniza\u0163ia brut\u0103 lunar\u0103 a judec\u0103torului de la Curtea Constitu\u0163ional\u0103, aflat \u00een activitate. Dac\u0103 \u00een urma actualiz\u0103rii rezult\u0103 o pensie de serviciu mai mic\u0103, Avocatul Poporului \u00ee\u015fi p\u0103streaz\u0103 pensia aflat\u0103 \u00een plat\u0103. Iohannis contest\u0103 acest mecanism.<\/p>\n<p data-index=\"4\">&#8220;Judec\u0103torii Cur\u0163ii Constitu\u0163ionale, la data pension\u0103rii sau recalcul\u0103rii pensiilor anterior stabilite, beneficiaz\u0103 de pensie de serviciu egal\u0103 cu 80% din indemniza\u0163ia lor brut\u0103 lunar\u0103. Pensia astfel stabilit\u0103 se actualizeaz\u0103 \u00een raport cu indemniza\u0163ia judec\u0103torilor Cur\u0163ii Constitu\u0163ionale \u015fi se impoziteaz\u0103 potrivit legii. Se poate observa c\u0103 legiuitorul a urm\u0103rit instituirea unei pensii speciale pentru judec\u0103torii Cur\u0163ii Constitu\u0163ionale, \u00een cuantum variabil, prin stabilirea unui procent din indemniza\u0163ia lor brut\u0103 lunar\u0103 \u015fi nu prin instituirea celei mai mari pensii aflate \u00een plat\u0103 indiferent de fluctua\u0163ia nivelului indemniza\u0163iei brute lunare. (&#8230;) Excep\u0163ia stabilit\u0103 (&#8230;) \u00een legea aflat\u0103 la promulgare \u00eencalc\u0103 principiul egalit\u0103\u0163ii consacrat \u00een art. 16 alin. (1) din Constitu\u0163ie, instituind un privilegiu nejustificat pe baza unor criterii rezonabile \u015fi obiective cu privire la procedura de stabilire a cuantumului pensiei Avocatului Poporului prin raportare la procedura de stabilire a pensiei judec\u0103torilor Cur\u0163ii Constitu\u0163ionale&#8221;, explic\u0103 pre\u015fedintele.<\/p>\n<p data-index=\"5\">O alt\u0103 critic\u0103 se refer\u0103 la procedura de numire a Avocatului Poporului interimar, solicit\u00e2nd un termen maxim pentru acest interimat, care nu este specificat \u00een lege.<\/p>\n<p data-index=\"6\">Legea prevede \u015fi c\u0103, la \u00eencetarea mandatului, adjunc\u0163ii Avocatului Poporului pot fi numi\u0163i, la solicitarea acestora, \u00eentr-o func\u0163ie de conducere sau de execu\u0163ie pe posturile vacante din cadrul institu\u0163iei, prin ordin al Avocatului Poporului, ceea ce Administra\u0163ia Preziden\u0163ial\u0103 apreciaz\u0103 a fi &#8220;un privilegiu&#8221; \u00een detrimentul altor persoane care ar \u00eendeplini criteriile cerute pentru ocuparea respectivului post prin concurs.<\/p>\n<p data-index=\"7\">&#8220;O astfel de dispozi\u0163ie derogatorie de la regimul general al angaj\u0103rii \u00eencalc\u0103 art. 16 alin. (1) din Constitu\u0163ie conform c\u0103ruia cet\u0103\u0163enii sunt egali \u00een fa\u0163a legii \u015fi a autorit\u0103\u0163ilor publice, f\u0103r\u0103 privilegii \u015fi f\u0103r\u0103 discrimin\u0103ri&#8221;, se arat\u0103 \u00een cerere.<\/p>\n<p data-index=\"8\">Dispozi\u0163ia contravine \u015fi Legii privind salarizarea personalului pl\u0103tit din fonduri publice, unde se arat\u0103 c\u0103 pentru personalul contractual sau alte categorii de personal care nu beneficiaz\u0103 de statute speciale ocuparea unui post vacant sau temporar vacant se face prin concurs sau examen, pe baza regulamentului-cadru care se aprob\u0103 prin hot\u0103r\u00e2re a Guvernului.<\/p>\n<p data-index=\"9\">&#8220;\u00cen cazul prev\u0103zut de legea aflat\u0103 la promulgare se stabile\u015fte o modalitate de \u00eencadrare pe func\u0163ii vacante derogatorie de la legea salariz\u0103rii personalului pl\u0103tit din fonduri publice, f\u0103r\u0103 o justificare obiectiv\u0103 \u015fi \u00een absen\u0163a unei legi care s\u0103 stabileasc\u0103 un statut special al personalului din cadrul institu\u0163iei Avocatului Poporului&#8221;, se arat\u0103 \u00een cerere.<\/p>\n<p data-index=\"10\">Este criticat\u0103 \u015fi dispozi\u0163ia prin care personalul care efectueaz\u0103 vizite sau anchete \u00een spa\u0163ii unde exist\u0103 factori cu grad de pericol ridicat ce pot afecta s\u0103n\u0103tatea \u015fi integritatea fizic\u0103 \u015fi psihic\u0103 beneficiaz\u0103 de un spor al c\u0103rui cuantum \u015fi ale c\u0103rui condi\u0163ii de acordare se vor stabili prin ordin, de c\u0103tre Avocatul Poporului.<\/p>\n<p data-index=\"11\">&#8220;\u0162in\u00e2nd cont de faptul c\u0103 exist\u0103 o reglementare care con\u0163ine dispozi\u0163ii cu privire la salarizarea personalului pl\u0103tit din fonduri publice, inclusiv cu privire la cuantumul sporurilor care pot fi acordate, consider\u0103m c\u0103 modific\u0103rile avute \u00een vedere de legea aflat\u0103 la promulgare trebuie s\u0103 se raporteze la regulile stabilite \u00een legea cadru \u00een materie (Legea nr. 153\/2017 privind salarizarea personalului pl\u0103tit din fonduri publice)&#8221;, explic\u0103 Iohannis.<\/p>\n<p data-index=\"12\">Senatul a adoptat, \u00een iunie, cu majoritate de voturi, modific\u0103rile la Legea de organizare \u015fi func\u0163ionare a Avocatului Poporului, potrivit c\u0103rora persoana care va \u00eendeplini aceast\u0103 func\u0163ie va avea rang \u015fi indemniza\u0163ie de ministru \u015fi pensie egal\u0103 cu a judec\u0103torilor de la Curtea Constitu\u0163ional\u0103 (CCR).<\/p>\n<p data-index=\"13\">Potrivit noului act normativ, ini\u0163iat anul trecut de social-democra\u0163ii Florin Iordache \u015fi Marian Neac\u015fu, \u201dfunc\u0163ia de Avocat al Poporului este asimilat\u0103 ca rang \u015fi salarizare cu func\u0163ie de ministru\u201d.<\/p>\n<p data-index=\"14\">\u00cen ceea ce prive\u015fte pensia Avocatului Poporului, legea \u00een noua form\u0103 prevede c\u0103 acesta \u201dbeneficiaz\u0103 de pensie calculat\u0103 \u015fi stabilit\u0103 \u00een acelea\u015fi condi\u0163ii cu cea a judec\u0103torilor Cur\u0163ii Constitu\u0163ionale (\u2026) Pensia de serviciu astfel stabilit\u0103 poate fi cumulat\u0103 cu indemniza\u0163ia pentru mandatul \u00een curs de exercitare\u201d.<\/p>\n<p data-index=\"15\">Actul normativ prevede \u015fi faptul c\u0103 pensia de serviciu a Avocatului Poporului se actualizeaz\u0103 ori de c\u00e2te ori se majoreaz\u0103 indemniza\u0163ia brut\u0103 lunar\u0103 a judec\u0103torilor de la Curtea Constitu\u0163ional\u0103, iar dac\u0103 \u00een urma actualiz\u0103rii rezult\u0103 o pensie de serviciu mai mic\u0103, Avocatul Poporului \u00ee\u015fi p\u0103streaz\u0103 pensia aflat\u0103 \u00een plat\u0103.<\/p>\n<\/div>\n<p> Source URL: https:\/\/www.digi24.ro\/stiri\/actualitate\/politica\/iohannis-se-opune-pensiei-speciale-pe-care-o-va-primi-avocatul-poporului-presedintele-a-cerut-reexaminarea-legii-764779<\/p>\n","protected":false},"excerpt":{"rendered":"<p>Pre\u015fedintele Klaus Iohannis solicit\u0103 reexaminarea legii prin care Avocatul Poporului va beneficia de o pensie special\u0103, egal\u0103 cu cea a judec\u0103torilor CCR, \u00eens\u0103 care nu poate sc\u0103dea \u00een func\u0163ie de fluctua\u0163iile indemniza\u0163iilor acestor judec\u0103tori, ceea ce \u015feful statului consider\u0103 &#8220;un privilegiu nejustificat&#8221;, relateaz\u0103 News.ro. Noua lege introduce prevederi conform c\u0103rora pensia de serviciu a Avocatului [&hellip;]<\/p>\n","protected":false},"author":1,"featured_media":136239,"comment_status":"open","ping_status":"","sticky":false,"template":"","format":"standard","meta":{"footnotes":""},"categories":[2],"tags":[11],"class_list":["post-136238","post","type-post","status-publish","format-standard","has-post-thumbnail","hentry","category-politics","tag-digi24"],"_links":{"self":[{"href":"https:\/\/analyse.optim.biz\/index.php?rest_route=\/wp\/v2\/posts\/136238","targetHints":{"allow":["GET"]}}],"collection":[{"href":"https:\/\/analyse.optim.biz\/index.php?rest_route=\/wp\/v2\/posts"}],"about":[{"href":"https:\/\/analyse.optim.biz\/index.php?rest_route=\/wp\/v2\/types\/post"}],"author":[{"embeddable":true,"href":"https:\/\/analyse.optim.biz\/index.php?rest_route=\/wp\/v2\/users\/1"}],"replies":[{"embeddable":true,"href":"https:\/\/analyse.optim.biz\/index.php?rest_route=%2Fwp%2Fv2%2Fcomments&post=136238"}],"version-history":[{"count":0,"href":"https:\/\/analyse.optim.biz\/index.php?rest_route=\/wp\/v2\/posts\/136238\/revisions"}],"wp:featuredmedia":[{"embeddable":true,"href":"https:\/\/analyse.optim.biz\/index.php?rest_route=\/wp\/v2\/media\/136239"}],"wp:attachment":[{"href":"https:\/\/analyse.optim.biz\/index.php?rest_route=%2Fwp%2Fv2%2Fmedia&parent=136238"}],"wp:term":[{"taxonomy":"category","embeddable":true,"href":"https:\/\/analyse.optim.biz\/index.php?rest_route=%2Fwp%2Fv2%2Fcategories&post=136238"},{"taxonomy":"post_tag","embeddable":true,"href":"https:\/\/analyse.optim.biz\/index.php?rest_route=%2Fwp%2Fv2%2Ftags&post=136238"}],"curies":[{"name":"wp","href":"https:\/\/api.w.org\/{rel}","templated":true}]}}