{"id":136235,"date":"2017-07-21T15:18:03","date_gmt":"2017-07-21T12:18:03","guid":{"rendered":"https:\/\/analyse.optim.biz\/?p=136235"},"modified":"2017-07-21T15:18:03","modified_gmt":"2017-07-21T12:18:03","slug":"prima-replica-data-de-nucleul-dur-al-psd-miscarii-anti-dragnea","status":"publish","type":"post","link":"https:\/\/analyse.optim.biz\/?p=136235","title":{"rendered":"Prima replic\u0103 dat\u0103 de nucleul dur al PSD mi\u015fc\u0103rii anti-Dragnea"},"content":{"rendered":"<div class=\"entry data-app-meta data-app-meta-article\" data-embed-base-url-canonical=\"https:\/\/www.digi24.ro\/embed\/stiri\/actualitate\/politica\/prima-replica-data-de-nucleul-dur-al-psd-miscarii-anti-dragnea-764877\">\n<p data-index=\"1\"><strong>Secretarul general adjunct al PSD, Codrin \u015etef\u0103nescu, reac\u0163ioneaz\u0103 la informa\u0163ia potrivit c\u0103reia \u00een interiorul partidului se lucreaz\u0103 la proiectul unui nou PSD, anun\u0163 f\u0103cut, vineri diminea\u0163\u0103, de europarlamentarul C\u0103t\u0103lin Ivan.\u00a0<\/strong><\/p>\n<p data-index=\"2\"><img loading=\"lazy\" decoding=\"async\" class=\"alignnone size-full wp-image-535822\" src=\"https:\/\/analyse.optim.biz\/wp-content\/uploads\/2024\/09\/cgcmdz04mdamagfzad1hnze0mmjjowzkmzizowm2yjhiowq4ywu3owjimjjimg-thumb_.jpg\" width=\"800\" height=\"533\" data-skip-htmlfix=\"1\" title=\"cgcmdz04mdamagfzad1hnze0mmjjowzkmzizowm2yjhiowq4ywu3owjimjjimg-thumb_\"><\/p>\n<p data-index=\"3\">\u201eToat\u0103 Rom\u00e2nia a \u00een\u021beles, toat\u0103 Europa a \u00een\u021beles, planeta Terra a \u00een\u021beles \u0219i sunt convins c\u0103 \u00eentreaga galaxie a \u00een\u021beles. Lucrurile sunt simple. Un partid politic care a c\u00e2\u0219tigat alegerile politice prin votul popular, cu un program, \u0219i-a f\u0103cut un guvern \u0219i a rugat un coleg s\u0103 conduc\u0103 acest guvern. C\u00e2nd programul n-a mers, partidul care a luat voturile a cerut guvernului s\u0103 fac\u0103 o remaniere. Primul ministru nu a vrut s\u0103 plece \u0219i s-a baricadat \u00een Guvern&#8221;, a fost replica secretarului general adjunct al PSD, Codrin \u015etef\u0103nescu, citat de pres\u0103.<\/p>\n<p data-index=\"4\">Potrivit acestuia, mo\u0163iunea de cenzur\u0103 \u00eempotriva Cabinetului Grindeanu a fost legitim\u0103, insist\u00e2nd totodat\u0103 c\u0103 eurodeputatul C\u0103t\u0103lin Ivan nu mai este membru PSD (detalii despre aceasta disput\u0103 mai veche \u00eentre Dragnea \u015fi Ivan, <a href=\"https:\/\/www.digi24.ro\/stiri\/actualitate\/politica\/catalin-ivan-publica-dovezi-ca-nu-a-fost-exclus-din-psd-678472\" data-skip-linkfix=\"1\">AICI<\/a>).<\/p>\n<p data-index=\"5\">&#8220;Am fost nevoi\u021bi s\u0103 facem mo\u021biune nu \u00eempotriva unui guvern, ci \u00eempotriva unui singur om. (&#8230;) Am numit un alt guvern, care func\u021bioneaz\u0103 bine. Trebuie s\u0103 recuper\u0103m \u00een aceast\u0103 var\u0103 tot ce n-au f\u0103cut cei din Guvernul Grindeanu. (&#8230;) Eu nu pot s\u0103 intru \u00een dialog cu dl. Ivan. Dvs pune\u021bi \u00een dialog cu mine oameni, care nu mai sunt membri de partid. E ca \u0219i cum a\u0219 spune eu acum la dvs c\u0103 vreau s\u0103 reformez PNL. \u00ce\u0219i face cruce Orban. (&#8230;) Ce treab\u0103 mai au oamenii \u0103\u0219tia, care sunt exclu\u0219i din partid cu PSD. Dac\u0103 dvs vre\u021bi s\u0103-i promova\u021bi, este treaba dvs.\u201d, mai arat\u0103 Codrin \u015etef\u0103nescu.<\/p>\n<p data-index=\"6\">Interven\u0163ia acestuia e prima replic\u0103 dat\u0103 de nucleul dur al PSD post\u0103rii \u00een care C\u0103t\u0103lin Ivan anun\u0163a c\u0103 \u00een interiorul partidului exist\u0103 un grup care preg\u0103te\u015fte un proiect menit s\u0103 scoat\u0103 PSD de sub influen\u0163a unui singur om \u015fi s\u0103 ia distan\u0163\u0103 de agenda personal\u0103 a unor lideri\u00a0cu probleme\u00a0penale.\u00a0<\/p>\n<p data-index=\"7\">Lucrul la acest proiect ar fi, potrivit lui Ivan, \u00een stadii destul de\u00a0avansate. &#8220;Foarte cur\u00e2nd vom prezen\u0163a public propunerea noastr\u0103 de proiect politic pentru colegii no\u015ftri, membri ai PSD. Vom analiza atunci c\u00e2te din propunerile noastre vor fi bune \u015fi c\u00e2te nu. Important este s\u0103 avem o dezbatere intern\u0103 nu despre cum \u00eent\u0103rim puterea unei persoane \u00een partid, \u00een niciun caz despre cum s\u0103-i ap\u0103r\u0103m pe unii s\u0103 nu ajung\u0103 \u00een fa\u0163\u0103 instan\u0163ei sau cum s\u0103-i ajut\u0103m s\u0103 se \u00eembog\u0103\u0163easc\u0103 mai u\u015for din banii publici, ci despre cum trebuie s\u0103 arate un partid de st\u00e2nga curat, modern, european, credibil&#8221;, a scris C\u0103t\u0103lin Ivan, \u00eentr-o postare pe Facebook. Mai multe detalii <a href=\"https:\/\/www.digi24.ro\/stiri\/actualitate\/politica\/miscare-de-trupe-anti-dragnea-in-interior-s-a-lucrat-la-un-nou-psd-curat-modern-credibil-764750\" data-skip-linkfix=\"1\">AICI<\/a>.<\/p>\n<\/div>\n<p> Source URL: https:\/\/www.digi24.ro\/stiri\/actualitate\/politica\/prima-replica-data-de-nucleul-dur-al-psd-miscarii-anti-dragnea-764877<\/p>\n","protected":false},"excerpt":{"rendered":"<p>Secretarul general adjunct al PSD, Codrin \u015etef\u0103nescu, reac\u0163ioneaz\u0103 la informa\u0163ia potrivit c\u0103reia \u00een interiorul partidului se lucreaz\u0103 la proiectul unui nou PSD, anun\u0163 f\u0103cut, vineri diminea\u0163\u0103, de europarlamentarul C\u0103t\u0103lin Ivan.\u00a0 \u201eToat\u0103 Rom\u00e2nia a \u00een\u021beles, toat\u0103 Europa a \u00een\u021beles, planeta Terra a \u00een\u021beles \u0219i sunt convins c\u0103 \u00eentreaga galaxie a \u00een\u021beles. Lucrurile sunt simple. Un partid [&hellip;]<\/p>\n","protected":false},"author":1,"featured_media":136236,"comment_status":"open","ping_status":"","sticky":false,"template":"","format":"standard","meta":{"footnotes":""},"categories":[2],"tags":[11],"class_list":["post-136235","post","type-post","status-publish","format-standard","has-post-thumbnail","hentry","category-politics","tag-digi24"],"_links":{"self":[{"href":"https:\/\/analyse.optim.biz\/index.php?rest_route=\/wp\/v2\/posts\/136235","targetHints":{"allow":["GET"]}}],"collection":[{"href":"https:\/\/analyse.optim.biz\/index.php?rest_route=\/wp\/v2\/posts"}],"about":[{"href":"https:\/\/analyse.optim.biz\/index.php?rest_route=\/wp\/v2\/types\/post"}],"author":[{"embeddable":true,"href":"https:\/\/analyse.optim.biz\/index.php?rest_route=\/wp\/v2\/users\/1"}],"replies":[{"embeddable":true,"href":"https:\/\/analyse.optim.biz\/index.php?rest_route=%2Fwp%2Fv2%2Fcomments&post=136235"}],"version-history":[{"count":0,"href":"https:\/\/analyse.optim.biz\/index.php?rest_route=\/wp\/v2\/posts\/136235\/revisions"}],"wp:featuredmedia":[{"embeddable":true,"href":"https:\/\/analyse.optim.biz\/index.php?rest_route=\/wp\/v2\/media\/136236"}],"wp:attachment":[{"href":"https:\/\/analyse.optim.biz\/index.php?rest_route=%2Fwp%2Fv2%2Fmedia&parent=136235"}],"wp:term":[{"taxonomy":"category","embeddable":true,"href":"https:\/\/analyse.optim.biz\/index.php?rest_route=%2Fwp%2Fv2%2Fcategories&post=136235"},{"taxonomy":"post_tag","embeddable":true,"href":"https:\/\/analyse.optim.biz\/index.php?rest_route=%2Fwp%2Fv2%2Ftags&post=136235"}],"curies":[{"name":"wp","href":"https:\/\/api.w.org\/{rel}","templated":true}]}}