{"id":136224,"date":"2017-07-21T17:09:34","date_gmt":"2017-07-21T14:09:34","guid":{"rendered":"https:\/\/analyse.optim.biz\/?p=136224"},"modified":"2017-07-21T17:09:34","modified_gmt":"2017-07-21T14:09:34","slug":"reactia-premierului-tudose-la-schimbarea-sistemului-electoral-in-moldova","status":"publish","type":"post","link":"https:\/\/analyse.optim.biz\/?p=136224","title":{"rendered":"Reac\u021bia premierului Tudose la schimbarea sistemului electoral \u00een Moldova"},"content":{"rendered":"<div class=\"entry data-app-meta data-app-meta-article\" data-embed-base-url-canonical=\"https:\/\/www.digi24.ro\/embed\/stiri\/actualitate\/politica\/reactia-premierului-tudose-la-schimbarea-sistemului-electoral-in-moldova-764942\">\n<p data-index=\"1\"><strong>Premierul Mihai Tudose spune c\u0103 are \u00eencredere c\u0103 institu\u0163iile democratice din Republica Moldova vor func\u0163iona dup\u0103 schimbarea sistemului electroral. El a f\u0103cut aceste declara\u0163ii la Chi\u015fin\u0103u, dup\u0103 ce reprezentan\u0163ii Partidului Popular European au denun\u0163at modific\u0103rile f\u0103cute de \u0163ara vecin\u0103. Acestea reprezint\u0103 \u00een opinia lor o ignorare a recomand\u0103rilor Comisiei de la Vene\u021bia c\u0103tre Parlamentul de la Chi\u0219in\u0103u. Parlamentul Republicii Moldova a votat ieri o lege care prevede ca 51 de deputa\u021bi s\u0103 fie ale\u0219i pe baza votului uninominal, iar ceilal\u021bi 50 pe liste de partid.<\/strong><\/p>\n<p data-index=\"2\">\u201e<span lang=\"ro-RO\">Ceea ce e ie\u0219it din comun \u2013 \u0219i v\u0103 spun sincer c\u0103 \u0219i Rom\u00e2nia a trecut prin a\u0219a ceva &#8211; este distorsionarea realit\u0103\u021bii de cei neprieteni, care au ajuns cu mesajul la Bruxelles \u00eentors complet\u201d, a spus Mihai Tudose.<\/span><\/p>\n<p data-index=\"3\">\u201e<span lang=\"ro-RO\">Vreau s\u0103 v\u0103 atrag aten\u021bia c\u0103 aceste declara\u021bii au fost f\u0103cute de c\u0103tre o familie politic\u0103 \u0219i nu de c\u0103tre oficialii de la Bruxelles\u201d, a spus Pavel Filip, premierul Republicii Moldova.<\/span><\/p>\n<p data-index=\"4\"><span lang=\"ro-RO\">Pre\u015fedintele Republicii Moldova, Igor Dodon, <a href=\"https:\/\/www.digi24.ro\/stiri\/externe\/dodon-sfideaza-protestatarii-din-moldova-presedintele-a-promulgat-legea-care-a-scos-sute-de-oameni-in-strada-764246\" target=\"_blank\" rel=\"noopener noreferrer\" data-skip-linkfix=\"1\">a promulgat ieri legea<\/a> privind trecerea de la sistemul de vot uninominal la cel mixt. Aceasta, chiar dac\u0103 sute de oameni, mii potrivit organizatorilor, <a href=\"https:\/\/www.digi24.ro\/stiri\/externe\/moldova\/tulburari-la-chisinau-schimbarea-sistemului-electoral-a-fost-votata-de-parlament-oamenii-au-iesit-in-strada-764010\" target=\"_blank\" rel=\"noopener noreferrer\" data-skip-linkfix=\"1\">au protestat joi, \u00een fa\u0163a Parlamentului de la Chi\u015fin\u0103u<\/a>, fa\u0163\u0103 de sistemul mixt de vot.<\/span><\/p>\n<p data-index=\"5\"><span lang=\"ro-RO\">Manifesta\u0163ia a fost marcat\u0103 de \u00eembr\u00e2nceli \u00eentre protestatari \u015fi for\u0163ele de ordine. <\/span><\/p>\n<\/div>\n<p> Source URL: https:\/\/www.digi24.ro\/stiri\/actualitate\/politica\/reactia-premierului-tudose-la-schimbarea-sistemului-electoral-in-moldova-764942<\/p>\n","protected":false},"excerpt":{"rendered":"<p>Premierul Mihai Tudose spune c\u0103 are \u00eencredere c\u0103 institu\u0163iile democratice din Republica Moldova vor func\u0163iona dup\u0103 schimbarea sistemului electroral. El a f\u0103cut aceste declara\u0163ii la Chi\u015fin\u0103u, dup\u0103 ce reprezentan\u0163ii Partidului Popular European au denun\u0163at modific\u0103rile f\u0103cute de \u0163ara vecin\u0103. Acestea reprezint\u0103 \u00een opinia lor o ignorare a recomand\u0103rilor Comisiei de la Vene\u021bia c\u0103tre Parlamentul de [&hellip;]<\/p>\n","protected":false},"author":1,"featured_media":136225,"comment_status":"open","ping_status":"","sticky":false,"template":"","format":"standard","meta":{"footnotes":""},"categories":[2],"tags":[11],"class_list":["post-136224","post","type-post","status-publish","format-standard","has-post-thumbnail","hentry","category-politics","tag-digi24"],"_links":{"self":[{"href":"https:\/\/analyse.optim.biz\/index.php?rest_route=\/wp\/v2\/posts\/136224","targetHints":{"allow":["GET"]}}],"collection":[{"href":"https:\/\/analyse.optim.biz\/index.php?rest_route=\/wp\/v2\/posts"}],"about":[{"href":"https:\/\/analyse.optim.biz\/index.php?rest_route=\/wp\/v2\/types\/post"}],"author":[{"embeddable":true,"href":"https:\/\/analyse.optim.biz\/index.php?rest_route=\/wp\/v2\/users\/1"}],"replies":[{"embeddable":true,"href":"https:\/\/analyse.optim.biz\/index.php?rest_route=%2Fwp%2Fv2%2Fcomments&post=136224"}],"version-history":[{"count":0,"href":"https:\/\/analyse.optim.biz\/index.php?rest_route=\/wp\/v2\/posts\/136224\/revisions"}],"wp:featuredmedia":[{"embeddable":true,"href":"https:\/\/analyse.optim.biz\/index.php?rest_route=\/wp\/v2\/media\/136225"}],"wp:attachment":[{"href":"https:\/\/analyse.optim.biz\/index.php?rest_route=%2Fwp%2Fv2%2Fmedia&parent=136224"}],"wp:term":[{"taxonomy":"category","embeddable":true,"href":"https:\/\/analyse.optim.biz\/index.php?rest_route=%2Fwp%2Fv2%2Fcategories&post=136224"},{"taxonomy":"post_tag","embeddable":true,"href":"https:\/\/analyse.optim.biz\/index.php?rest_route=%2Fwp%2Fv2%2Ftags&post=136224"}],"curies":[{"name":"wp","href":"https:\/\/api.w.org\/{rel}","templated":true}]}}