{"id":136221,"date":"2017-07-21T17:36:02","date_gmt":"2017-07-21T14:36:02","guid":{"rendered":"https:\/\/analyse.optim.biz\/?p=136221"},"modified":"2017-07-21T17:36:02","modified_gmt":"2017-07-21T14:36:02","slug":"legea-care-obliga-sefii-institutiilor-publice-sa-participe-la-audierile-din-parlament-promulgata","status":"publish","type":"post","link":"https:\/\/analyse.optim.biz\/?p=136221","title":{"rendered":"Legea care oblig\u0103 \u015fefii institu\u0163iilor publice s\u0103 participe la audierile din Parlament, promulgat\u0103"},"content":{"rendered":"<div class=\"entry data-app-meta data-app-meta-article\" data-embed-base-url-canonical=\"https:\/\/www.digi24.ro\/embed\/stiri\/actualitate\/politica\/legea-care-obliga-sefii-institutiilor-publice-sa-participe-la-audierile-din-parlament-promulgata-764976\">\n<p data-index=\"1\"><strong>Pre\u015fedintele Klaus Iohannis a promulgat, vineri, legea prin care \u015fefii institu\u0163iilor publice din Rom\u00e2nia sunt obliga\u0163i s\u0103 participe la audierile comisiilor de anchet\u0103 din Parlament, dup\u0103 ce Curtea Constitu\u021bional\u0103 a decis c\u0103 actul este constitu\u0163ional, relateaz\u0103 <a href=\"http:\/\/www.news.ro\" target=\"_blank\" rel=\"noopener noreferrer\" data-skip-linkfix=\"1\">News.ro.<\/a><\/strong><\/p>\n<figure class=\"article-thumb\"><img decoding=\"async\" src=\"https:\/\/analyse.optim.biz\/wp-content\/uploads\/2024\/09\/ptkwmdkyy2jkoddln2e2odrjyta3ywjmm2m1ndy1yzdj-thumb_-1.jpg\" alt=\"PARLAMENT agerpres_7827797\" data-skip-htmlfix=\"1\" title=\"ptkwmdkyy2jkoddln2e2odrjyta3ywjmm2m1ndy1yzdj-thumb_-1\"><figcaption> Foto: Agerpres <\/figcaption><\/figure>\n<p data-index=\"2\"><span lang=\"ro-RO\">Modific\u0103rile la Statutul parlamentarilor au fost f\u0103cute ca urmare a \u00eenceperii activit\u0103\u0163ii Comisiei de anchet\u0103 privind preziden\u0163ialele din 2009.<\/span><\/p>\n<p data-index=\"3\">CCR a respins sesizarea opozi\u0163iei cu privire la acest proiect, el fiind trimis la promulgare.<\/p>\n<p data-index=\"4\"><span lang=\"ro-RO\">Curtea Constitu\u0163ional\u0103 arat\u0103, \u00een motivarea respingerii sesiz\u0103rii opozi\u0163iei privind comisiile parlamentare de anchet\u0103, c\u0103 orice persoan\u0103 poate fi citat\u0103 sau invitat\u0103, dac\u0103 reprezint\u0103 o institu\u0163ie public\u0103, \u00eens\u0103 refuzul nu poate fi sanc\u0163ionat de Parlament, ci doar de c\u0103tre &#8220;titularul ac\u0163iunii disciplinare&#8221;, respectiv institu\u0163ia sau persoana de care depind ierarhic. CCR subliniaz\u0103 \u015fi c\u0103 anchetele parlamentare nu pot fi \u00eentrerupte de efectuarea unei anchete penale, ele put\u00e2nd coexista.<\/span><\/p>\n<p data-index=\"5\"><span lang=\"ro-RO\">Motivarea se refer\u0103 la decizia Cur\u0163ii, din 21 iunie, prin care a fost respins\u0103 sesizarea PNL-USR privind modific\u0103rile aduse Regulamentului comun al Parlamentului, care a instituit obligativitatea prezen\u0163ei la comisiile parlamentare de anchet\u0103 a oric\u0103rei persoane, sub riscul unei pl\u00e2ngeri penale \u00een cazul refuzului. Acelea\u015fi modific\u0103ri dispun \u015fi ca anchetele parlamentare s\u0103 poat\u0103 fi desf\u0103\u015furate \u00een parlalel cu anchetele judiciare.<\/span><\/p>\n<p data-index=\"6\"><span lang=\"ro-RO\">Curtea arat\u0103 c\u0103 textul Regulamentului diferen\u0163iaz\u0103 \u00eentre trei categorii de persoane care pot fi invitate: cei care trebuie s\u0103 se prezinte \u00een fa\u0163a comisiilor de anchet\u0103 \u00een considerarea faptului c\u0103 activitatea institu\u0163iilor\/ autorit\u0103\u0163ilor din care fac parte sunt sub control parlamentar \u015fi care sunt citate \u00een acest sens \u015fi, pe de alt\u0103 parte, persoanele care sunt invitate, respectiv cele care reprezint\u0103, \u00een virtutea func\u0163iei lor de conducere autorit\u0103\u0163i\/ institu\u0163ii publice ce nu se afl\u0103 sub control parlamentar, care, \u00een considerarea principiului colabor\u0103rii loiale \u00eentre institu\u0163iile\/ autorit\u0103\u0163ile statului, au obliga\u0163ia s\u0103 ia parte la lucr\u0103rile comisiei \u00een toate cazurile \u015fi indiferent de obiectul anchetei parlamentare.<\/span><\/p>\n<p data-index=\"7\"><span lang=\"ro-RO\">Exist\u0103 \u015fi o alt\u0103 categorie, respectiv persoanele care pot s\u0103 nu aib\u0103 nici o tangen\u0163\u0103 cu institu\u0163iile statului, caz \u00een care participarea acestora este la latitudinea lor.<\/span><\/p>\n<p data-index=\"8\"><span lang=\"ro-RO\">Decizia Cur\u0163ii arat\u0103 astfel c\u0103, spre exemplu, procurorii nu ar putea fi chema\u0163i la audieri, \u00eens\u0103 \u015fefii Parchetelor pot fi invita\u0163i, de\u015fi Ministerul Public nu se afl\u0103 sub control parlamentar.<\/span><\/p>\n<p data-index=\"9\"><span lang=\"ro-RO\">Judec\u0103torii CCR explic\u0103 \u00eens\u0103 c\u0103 ei nu pot fi sanc\u0163iona\u0163i pentru refuzul de a participa de c\u0103tre Parlament, prin orice mijloc.<\/span><\/p>\n<\/div>\n<p> Source URL: https:\/\/www.digi24.ro\/stiri\/actualitate\/politica\/legea-care-obliga-sefii-institutiilor-publice-sa-participe-la-audierile-din-parlament-promulgata-764976<\/p>\n","protected":false},"excerpt":{"rendered":"<p>Pre\u015fedintele Klaus Iohannis a promulgat, vineri, legea prin care \u015fefii institu\u0163iilor publice din Rom\u00e2nia sunt obliga\u0163i s\u0103 participe la audierile comisiilor de anchet\u0103 din Parlament, dup\u0103 ce Curtea Constitu\u021bional\u0103 a decis c\u0103 actul este constitu\u0163ional, relateaz\u0103 News.ro. Foto: Agerpres Modific\u0103rile la Statutul parlamentarilor au fost f\u0103cute ca urmare a \u00eenceperii activit\u0103\u0163ii Comisiei de anchet\u0103 privind [&hellip;]<\/p>\n","protected":false},"author":1,"featured_media":136222,"comment_status":"open","ping_status":"","sticky":false,"template":"","format":"standard","meta":{"footnotes":""},"categories":[2],"tags":[11],"class_list":["post-136221","post","type-post","status-publish","format-standard","has-post-thumbnail","hentry","category-politics","tag-digi24"],"_links":{"self":[{"href":"https:\/\/analyse.optim.biz\/index.php?rest_route=\/wp\/v2\/posts\/136221","targetHints":{"allow":["GET"]}}],"collection":[{"href":"https:\/\/analyse.optim.biz\/index.php?rest_route=\/wp\/v2\/posts"}],"about":[{"href":"https:\/\/analyse.optim.biz\/index.php?rest_route=\/wp\/v2\/types\/post"}],"author":[{"embeddable":true,"href":"https:\/\/analyse.optim.biz\/index.php?rest_route=\/wp\/v2\/users\/1"}],"replies":[{"embeddable":true,"href":"https:\/\/analyse.optim.biz\/index.php?rest_route=%2Fwp%2Fv2%2Fcomments&post=136221"}],"version-history":[{"count":0,"href":"https:\/\/analyse.optim.biz\/index.php?rest_route=\/wp\/v2\/posts\/136221\/revisions"}],"wp:featuredmedia":[{"embeddable":true,"href":"https:\/\/analyse.optim.biz\/index.php?rest_route=\/wp\/v2\/media\/136222"}],"wp:attachment":[{"href":"https:\/\/analyse.optim.biz\/index.php?rest_route=%2Fwp%2Fv2%2Fmedia&parent=136221"}],"wp:term":[{"taxonomy":"category","embeddable":true,"href":"https:\/\/analyse.optim.biz\/index.php?rest_route=%2Fwp%2Fv2%2Fcategories&post=136221"},{"taxonomy":"post_tag","embeddable":true,"href":"https:\/\/analyse.optim.biz\/index.php?rest_route=%2Fwp%2Fv2%2Ftags&post=136221"}],"curies":[{"name":"wp","href":"https:\/\/api.w.org\/{rel}","templated":true}]}}