{"id":136218,"date":"2017-07-21T23:32:07","date_gmt":"2017-07-21T20:32:07","guid":{"rendered":"https:\/\/analyse.optim.biz\/?p=136218"},"modified":"2017-07-21T23:32:07","modified_gmt":"2017-07-21T20:32:07","slug":"noul-sistem-de-vot-din-r-moldova-criticat-de-ue-laudat-de-tudose","status":"publish","type":"post","link":"https:\/\/analyse.optim.biz\/?p=136218","title":{"rendered":"Noul sistem de vot din R. Moldova, criticat de UE, l\u0103udat de Tudose"},"content":{"rendered":"<div class=\"entry data-app-meta data-app-meta-article\" data-embed-base-url-canonical=\"https:\/\/www.digi24.ro\/embed\/stiri\/actualitate\/politica\/noul-sistem-de-vot-din-r-moldova-criticat-de-ue-laudat-de-tudose-765119\">\n<p data-index=\"1\"><strong>Premierul Mihai Tudose a declarat, vineri sear\u0103, la TVR, c\u0103 proiectul de lege privind schimbarea sistemului electoral din uninominal \u00een mixt, \u00een Republica Moldova, este criticat din cauz\u0103 c\u0103 s-ar fi comunicat \u201eprost\u201d despre el, acest sistem fiind folosit \u015fi \u00een \u0163\u0103ri din Europa. \u015eeful Executivului a precizat c\u0103 a fost un proces democratic corect.<\/strong><\/p>\n<p data-index=\"2\"><img loading=\"lazy\" decoding=\"async\" class=\"alignnone size-full wp-image-765121\" src=\"https:\/\/analyse.optim.biz\/wp-content\/uploads\/2024\/09\/ptgwndhkmtrmywvjyjnkztm2zgrhyzjlyjuzmzliytfj-thumb_.jpg\" width=\"1600\" height=\"1066\" data-skip-htmlfix=\"1\" title=\"ptgwndhkmtrmywvjyjnkztm2zgrhyzjlyjuzmzliytfj-thumb_\"><\/p>\n<p data-index=\"3\"><span lang=\"ro-RO\">Comisia European\u0103 a criticat aspru decizia de joi a autorit\u0103\u021bilor de la Chi\u0219in\u0103u de a adopta sistemul electoral mixt \u0219i a spus c\u0103 aceast\u0103 schimbare contravine direct recentelor recomand\u0103ri ale Comisiei de la Vene\u021bia \u0219i Oficiului OSCE pentru Institu\u021bii Democratice \u0219i Drepturile Omului (ODIHR), care au avertizat c\u0103 reforma electoral\u0103 nu se bucur\u0103 de consens.<\/span><\/p>\n<p data-index=\"4\"><strong>\u201eEste criticat Guvernul de la Moldova c\u0103 a implementat un sistem de vot care se folose\u015fte chiar \u015fi \u00een Europa, adic\u0103 este un proces democratic care respect\u0103 toate condi\u0163ionalit\u0103\u0163ile de la Vene\u0163ia, f\u0103cut din timp, cu mult \u00eenainte de alegeri. Am discutat cu premierul (Pavel Filip &#8211; n.r.) acest subiect\u201d<\/strong>, a afirmat Mihai Tudose.<\/p>\n<p data-index=\"5\">Premierul a precizat c\u0103 singura problem\u0103 a fost legat\u0103 de comunicare, aceasta realiz\u00e2ndu-se <strong>\u201eprost\u201d<\/strong> \u015fi a subliniat c\u0103 adoptarea unui nou sistem electoral \u00een Moldova a fost votat\u0103 de aproximativ 70% dintre parlamentari, acest lucru ar\u0103t\u00e2nd o legitimare clar\u0103.<\/p>\n<p data-index=\"6\"><strong>\u201eSingura problem\u0103 a fost c\u0103 a fost comunicat prost sau\/\u015fi tardiv &#8211; \u00eent\u00e2i a apucat s\u0103 fie prezentat de c\u0103tre un anumit tip ge grup politic la Bruxelles ca fiind un derapaj democratic, ceea ce nu este a\u015fa. A fost votat \u00een Parlament, \u00een\u0163eleg, cu aproape 70%\u201d<\/strong>, a punctat prim-ministrul.<\/p>\n<p data-index=\"7\">Referitor la faptul c\u0103 au fost proteste \u00eempotriva acestui sistem nou, premierul a afirmat c\u0103 <strong>\u201eproteste sunt peste tot\u201d<\/strong>.<\/p>\n<p data-index=\"8\"><strong>\u201eProteste sunt de pe peluza de la Casa Alb\u0103 p\u00e2n\u0103 la Bucure\u015fti, unde se \u00eent\u00e2mpl\u0103 \u00een acela\u015fi timp proteste \u015fi pro \u015fi contra aceleia\u015fi institu\u0163ii. Este o prob\u0103 de democra\u0163ie, sunt libere\u201d<\/strong>, a ar\u0103tat Tudose.<\/p>\n<p data-index=\"9\">Premierul Mihai Tudose a afirmat, vineri, la Chi\u015fin\u0103u, c\u0103 adoptarea unui nou sistem electoral \u00een Moldova nu afecteaz\u0103 procesul democratic, primul-ministru apreciind c\u0103 declara\u0163iile critice la adresa modific\u0103rilor vin dup\u0103 <strong>\u201eo distorsionare a realit\u0103\u0163ii de neprieteni\u201d<\/strong>.<\/p>\n<p data-index=\"10\">Pre\u015fedintele Republicii Moldova, Igor Dodon, a anun\u0163at joi, pe Facebook, c\u0103 a promulgat legea privind trecerea de la sistemul de vot uninominal la cel mixt.<\/p>\n<p data-index=\"11\">Sute de oameni, mii potrivit organizatorilor, au protestat joi, timp de peste patru ore, \u00een fa\u0163a Parlamentului de la Chi\u015fin\u0103u, fa\u0163\u0103 de sistemul mixt de vot.<\/p>\n<p data-index=\"12\">Proiectul de lege privind introducerea sistemului mixt \u00een locul celui uninominal \u00een Republica Moldova a fost votat joi \u00een lectura a doua, final\u0103, \u00een Parlament, chiar dac\u0103 aceast\u0103 ini\u0163iativ\u0103 legislativ\u0103 a fost avizat\u0103 negativ de c\u0103tre Comisa de la Vene\u0163ia, iar liderii politici au recomandat s\u0103 nu fie schimbat sistemul de vot.<\/p>\n<p data-index=\"13\">\u00cen favoarea proiectului s-au pronun\u0163at 74 de deputa\u0163i. Reforma electoral\u0103 a fost aprobat\u0103 de c\u0103tre legislatori \u00een timp record. Parlamentarii au avut nevoie de doar 4 minute pentru aceasta. Deputa\u0163ii PCRM, PLDM \u015fi PL au p\u0103r\u0103sit sala unde a avut loc \u015fedin\u0163a Parlamentului.<\/p>\n<\/div>\n<p> Source URL: https:\/\/www.digi24.ro\/stiri\/actualitate\/politica\/noul-sistem-de-vot-din-r-moldova-criticat-de-ue-laudat-de-tudose-765119<\/p>\n","protected":false},"excerpt":{"rendered":"<p>Premierul Mihai Tudose a declarat, vineri sear\u0103, la TVR, c\u0103 proiectul de lege privind schimbarea sistemului electoral din uninominal \u00een mixt, \u00een Republica Moldova, este criticat din cauz\u0103 c\u0103 s-ar fi comunicat \u201eprost\u201d despre el, acest sistem fiind folosit \u015fi \u00een \u0163\u0103ri din Europa. \u015eeful Executivului a precizat c\u0103 a fost un proces democratic corect. [&hellip;]<\/p>\n","protected":false},"author":1,"featured_media":136219,"comment_status":"open","ping_status":"","sticky":false,"template":"","format":"standard","meta":{"footnotes":""},"categories":[2],"tags":[11],"class_list":["post-136218","post","type-post","status-publish","format-standard","has-post-thumbnail","hentry","category-politics","tag-digi24"],"_links":{"self":[{"href":"https:\/\/analyse.optim.biz\/index.php?rest_route=\/wp\/v2\/posts\/136218","targetHints":{"allow":["GET"]}}],"collection":[{"href":"https:\/\/analyse.optim.biz\/index.php?rest_route=\/wp\/v2\/posts"}],"about":[{"href":"https:\/\/analyse.optim.biz\/index.php?rest_route=\/wp\/v2\/types\/post"}],"author":[{"embeddable":true,"href":"https:\/\/analyse.optim.biz\/index.php?rest_route=\/wp\/v2\/users\/1"}],"replies":[{"embeddable":true,"href":"https:\/\/analyse.optim.biz\/index.php?rest_route=%2Fwp%2Fv2%2Fcomments&post=136218"}],"version-history":[{"count":0,"href":"https:\/\/analyse.optim.biz\/index.php?rest_route=\/wp\/v2\/posts\/136218\/revisions"}],"wp:featuredmedia":[{"embeddable":true,"href":"https:\/\/analyse.optim.biz\/index.php?rest_route=\/wp\/v2\/media\/136219"}],"wp:attachment":[{"href":"https:\/\/analyse.optim.biz\/index.php?rest_route=%2Fwp%2Fv2%2Fmedia&parent=136218"}],"wp:term":[{"taxonomy":"category","embeddable":true,"href":"https:\/\/analyse.optim.biz\/index.php?rest_route=%2Fwp%2Fv2%2Fcategories&post=136218"},{"taxonomy":"post_tag","embeddable":true,"href":"https:\/\/analyse.optim.biz\/index.php?rest_route=%2Fwp%2Fv2%2Ftags&post=136218"}],"curies":[{"name":"wp","href":"https:\/\/api.w.org\/{rel}","templated":true}]}}