{"id":136212,"date":"2017-07-22T16:10:45","date_gmt":"2017-07-22T13:10:45","guid":{"rendered":"https:\/\/analyse.optim.biz\/?p=136212"},"modified":"2017-07-22T16:10:45","modified_gmt":"2017-07-22T13:10:45","slug":"teodorovici-decizia-demiterii-mele-apartine-cuiva-care-doar-crede-ca-stie-tot-ce-misca-in-romania","status":"publish","type":"post","link":"https:\/\/analyse.optim.biz\/?p=136212","title":{"rendered":"Teodorovici: Decizia demiterii mele apar\u0163ine cuiva care doar crede c\u0103 \u015ftie tot ce mi\u015fc\u0103 \u00een Rom\u00e2nia"},"content":{"rendered":"<div class=\"entry data-app-meta data-app-meta-article\" data-embed-base-url-canonical=\"https:\/\/www.digi24.ro\/embed\/stiri\/actualitate\/politica\/teodorovici-decizia-demiterii-mele-apartine-cuiva-care-doar-crede-ca-stie-tot-ce-misca-in-romania-765280\">\n<p data-index=\"1\"><strong>Senatorul PSD Eugen Orlando Teodorovici a afirmat, s\u00e2mb\u0103t\u0103, pe Facebook, c\u0103 decizia demiterii sale din postul de consul onorific al primului-ministru Mihai Tudose a fost luat\u0103 de c\u0103tre o persoan\u0103 care \u201edoar crede c\u0103 \u015ftie tot ce mi\u015fc\u0103 \u00een Rom\u00e2nia\u201d.<\/strong><\/p>\n<p data-index=\"2\"><img loading=\"lazy\" decoding=\"async\" class=\"alignnone size-full wp-image-760659\" src=\"https:\/\/analyse.optim.biz\/wp-content\/uploads\/2024\/09\/agfzad1mody1yjm5ymnlntmzytgyodviyzc5ymnly2iyywnmng-thumb_.jpg\" width=\"756\" height=\"429\" data-skip-htmlfix=\"1\" title=\"agfzad1mody1yjm5ymnlntmzytgyodviyzc5ymnly2iyywnmng-thumb_\"><\/p>\n<p data-index=\"3\">Eugen Teodorovici sus\u0163ine c\u0103 era con\u015ftient de riscul de a fi demis \u00eenc\u0103 de la numirea sa \u00een postul de consilier onorific. \u201eAm \u015ftiut \u00eentotdeauna c\u0103 acest fel de a fi, de a spune lucrurilor pe nume \u015fi mai ales de a ac\u0163iona, nu este ceea ce accept\u0103 \u015fi promoveaz\u0103 o mare parte din clasa politic\u0103 actual\u0103&#8230; \u00ceNC\u0102. Totu\u015fi, a\u015fa cum am spus, \u015fansa \u015fi speran\u0163a pe care le acorzi oric\u0103rui \u00eenceput de drum m-au f\u0103cut s\u0103 cred (unii ar spune naivitate, idealism), c\u0103 lucrurile se vor \u00eent\u00e2mpla altfel&#8230;\u201d, a scris senatorul, citat de News.ro.<\/p>\n<p data-index=\"4\">Teodorovici sus\u0163ine c\u0103 opiniile care i-au adus demiterea sunt \u00eemp\u0103rt\u0103\u015fite de mai mul\u0163i oameni afla\u0163i \u00een func\u0163ii importante, \u00eens\u0103 sunt pu\u0163ini cei care \u015fi le asum\u0103 public, fiind vorba despre faptul c\u0103 banii publici trebuie utiliza\u0163i \u201e\u00een mod legal, eficient, transparent \u015fi mai ales pentru nevoile reale \u015fi, EXCLUSIV, \u00een interesul rom\u00e2nilor\u201d.<\/p>\n<div>\n<p data-index=\"5\">\u201eCui apar\u0163ine aceast\u0103 decizie? Cu siguran\u0163\u0103 cuiva care doar crede c\u0103 \u015ftie tot ce mi\u015fc\u0103 \u00een Rom\u00e2nia, de la economie la justi\u0163ie, de la s\u0103n\u0103tate la sistemul social \u015fi educatie, de la industrie la agricultur\u0103 etc., lu\u00e2nd decizii, din p\u0103cate, \u00een consecin\u0163\u0103! Pe scurt, ARGUMENTUL FOR\u0162EI A \u00ceNVINS FOR\u0162A ARGUMENTELOR!\u201d, a mai scris Eugen Teodorovici.<\/p>\n<p data-index=\"6\">Senatorul PSD a criticat, pe 13 iulie, <a href=\"https:\/\/www.digi24.ro\/cautare?q=teodorovici\" target=\"_blank\" rel=\"noopener noreferrer\" data-skip-linkfix=\"1\">la Digi24<\/a>, finan\u0163area unui stadion din Teleorman, cu 12 milioane euro, a\u015fa cum a decis Ministerul Dezvolt\u0103rii. El a vorbit \u015fi despre posibilitatea impozit\u0103rii Bisericii, idee care a fost criticat\u0103 a doua zi de c\u0103tre liderul PSD, Liviu Dragnea. \u00cen aceea\u015fi zi, Mihai Tudose l-a demis pe Teodorovici din postul de consilier onorific, la numai 10 zile de la numire.<\/p>\n<p data-index=\"7\">\u201eDomnul Teodorovici a fost colaboratorul meu \u015fi am crezut c\u0103 putem colabora pe consultan\u0163\u0103, dac\u0103 dori\u0163i, la ceea ce dumnealui se pricepe pe financiar-fiscal. Numai c\u0103 domnia sa probabil c\u0103 a \u00een\u0163eles gre\u015fit \u015fi s-a transformat \u00eentr-un purt\u0103tor de cuv\u00e2nt, iar eu \u00een\u0163eleg ca ideile pe care domnia sa le are s\u0103 le aflu de la el, nu prin intermediul presei&#8221;, a motivat Tudose demiterea lui Teodorovici.<\/p>\n<p data-index=\"8\">Eugen-Orlando Teodorovici a fost ministru \u00een dou\u0103 guverne ale lui Victor Ponta: ministru al Fondurilor Europene (decembrie 2012-martie 2015) \u015fi ministru de Finan\u0163e (martie 2015-noiembrie 2015).<\/p>\n<\/div>\n<\/div>\n<p> Source URL: https:\/\/www.digi24.ro\/stiri\/actualitate\/politica\/teodorovici-decizia-demiterii-mele-apartine-cuiva-care-doar-crede-ca-stie-tot-ce-misca-in-romania-765280<\/p>\n","protected":false},"excerpt":{"rendered":"<p>Senatorul PSD Eugen Orlando Teodorovici a afirmat, s\u00e2mb\u0103t\u0103, pe Facebook, c\u0103 decizia demiterii sale din postul de consul onorific al primului-ministru Mihai Tudose a fost luat\u0103 de c\u0103tre o persoan\u0103 care \u201edoar crede c\u0103 \u015ftie tot ce mi\u015fc\u0103 \u00een Rom\u00e2nia\u201d. Eugen Teodorovici sus\u0163ine c\u0103 era con\u015ftient de riscul de a fi demis \u00eenc\u0103 de la [&hellip;]<\/p>\n","protected":false},"author":1,"featured_media":136213,"comment_status":"open","ping_status":"","sticky":false,"template":"","format":"standard","meta":{"footnotes":""},"categories":[2],"tags":[11],"class_list":["post-136212","post","type-post","status-publish","format-standard","has-post-thumbnail","hentry","category-politics","tag-digi24"],"_links":{"self":[{"href":"https:\/\/analyse.optim.biz\/index.php?rest_route=\/wp\/v2\/posts\/136212","targetHints":{"allow":["GET"]}}],"collection":[{"href":"https:\/\/analyse.optim.biz\/index.php?rest_route=\/wp\/v2\/posts"}],"about":[{"href":"https:\/\/analyse.optim.biz\/index.php?rest_route=\/wp\/v2\/types\/post"}],"author":[{"embeddable":true,"href":"https:\/\/analyse.optim.biz\/index.php?rest_route=\/wp\/v2\/users\/1"}],"replies":[{"embeddable":true,"href":"https:\/\/analyse.optim.biz\/index.php?rest_route=%2Fwp%2Fv2%2Fcomments&post=136212"}],"version-history":[{"count":0,"href":"https:\/\/analyse.optim.biz\/index.php?rest_route=\/wp\/v2\/posts\/136212\/revisions"}],"wp:featuredmedia":[{"embeddable":true,"href":"https:\/\/analyse.optim.biz\/index.php?rest_route=\/wp\/v2\/media\/136213"}],"wp:attachment":[{"href":"https:\/\/analyse.optim.biz\/index.php?rest_route=%2Fwp%2Fv2%2Fmedia&parent=136212"}],"wp:term":[{"taxonomy":"category","embeddable":true,"href":"https:\/\/analyse.optim.biz\/index.php?rest_route=%2Fwp%2Fv2%2Fcategories&post=136212"},{"taxonomy":"post_tag","embeddable":true,"href":"https:\/\/analyse.optim.biz\/index.php?rest_route=%2Fwp%2Fv2%2Ftags&post=136212"}],"curies":[{"name":"wp","href":"https:\/\/api.w.org\/{rel}","templated":true}]}}