{"id":136209,"date":"2017-07-23T21:33:54","date_gmt":"2017-07-23T18:33:54","guid":{"rendered":"https:\/\/analyse.optim.biz\/?p=136209"},"modified":"2017-07-23T21:33:54","modified_gmt":"2017-07-23T18:33:54","slug":"ponta-despre-viitorul-sau-partid-se-porneste-un-start-up-in-septembrie-voi-lua-o-decizie","status":"publish","type":"post","link":"https:\/\/analyse.optim.biz\/?p=136209","title":{"rendered":"Ponta, despre viitorul s\u0103u partid: Se porne\u015fte un start-up; \u00een septembrie voi lua o decizie"},"content":{"rendered":"<div class=\"entry data-app-meta data-app-meta-article\" data-embed-base-url-canonical=\"https:\/\/www.digi24.ro\/embed\/stiri\/actualitate\/politica\/ponta-despre-viitorul-sau-partid-se-porneste-un-start-up-in-septembrie-voi-lua-o-decizie-765846\">\n<p data-index=\"1\"><strong>Victor Ponta a afirmat c\u0103 \u00een luna septembrie va lua o decizie legat\u0103 de viitorul s\u0103u \u00een politic\u0103, preciz\u00e2nd c\u0103 vrea s\u0103 \u00eenfiin\u0163eze un nou partid, \u201dun start-up\u201d.<\/strong><\/p>\n<p data-index=\"2\"><img loading=\"lazy\" decoding=\"async\" class=\"alignnone size-full wp-image-765847\" src=\"https:\/\/analyse.optim.biz\/wp-content\/uploads\/2024\/09\/ad1lzja2nmnmy2e4yzqwztdjyju0mdlmnzvlnza2zdbjnq-thumb_.jpg\" width=\"633\" height=\"633\" data-skip-htmlfix=\"1\" title=\"ad1lzja2nmnmy2e4yzqwztdjyju0mdlmnzvlnza2zdbjnq-thumb_\"><\/p>\n<p data-index=\"3\">\u201d\u00cen septembrie voi lua o decizie legat\u0103 de modul \u00een care \u00eemi desf\u0103\u015for activitatea politic\u0103 pentru c\u0103 mai am \u00eenc\u0103 trei ani \u015fi jum\u0103tate de deputat \u015fi pentru c\u0103 p\u0103rerea mea \u015fi a celor cu care vorbesc este c\u0103 pot s\u0103 am un cuv\u00e2nt de spus \u00een politic\u0103 \u015fi, \u00een special, \u00eencerc\u00e2nd s\u0103-i aduc\u0103 al\u0103turi de mine pe cei care, ca \u015fi mine, au votat PSD, au votat ALDE &#8211; nu PNL c\u0103 nu cred c\u0103 o s\u0103 conving peneli\u015fti &#8211; \u015fi care acum sunt foarte dezam\u0103gi\u0163i. Sunt asemenea oameni \u015fi sunt foarte mul\u0163i\u201d, a declarat Victor Ponta la un post de televiziune, citat de News.ro.<\/p>\n<p data-index=\"4\">\u00centrebat dac\u0103 se g\u00e2nde\u015fte s\u0103 porneasc\u0103 o nou\u0103 construc\u0163ie politic\u0103, Ponta a r\u0103spuns afirmativ. \u201dSe porne\u015fte un start-up\u201d, a precizat Victor Ponta.<\/p>\n<p data-index=\"5\">El a precizat c\u0103 nu a vorbit cu C\u0103t\u0103lin Ivan, care a anun\u0163at c\u0103 lucreaz\u0103 la un nou proiect politic pentru PSD, \u015fi c\u0103 nu \u015ftie care sunt inten\u0163iile europarlamentarului social-democrat.<\/p>\n<p data-index=\"6\">Prima dat\u0103 c\u00e2nd Victor Ponta \u015fi-a anun\u0163at inten\u0163ia de a \u00eenfiin\u0163a un nou partid a fost pe 6 iulie.<\/p>\n<p data-index=\"7\">\u201dNu am fost niciodat\u0103 \u00een alt partid cu excep\u0163ia PSD \/ dup\u0103 15 ani de activitate am fost exclus pentru c\u0103 l-am ap\u0103rat pe Sorin Grindeanu (care era \u00een PSD din 1996) \u00eempotriva lui Liviu Dragnea (care a venit de la PD)!!! Acum sunt independent dar cu siguran\u0163\u0103 din Septembrie voi face politic\u0103 \u00eentr-un partid nou (sub nicio form\u0103 \u00een vreunul din cele aflate acum \u00een Parlament)!\u201d, a scris Victor Ponta pe Facebook, r\u0103spunz\u00e2nd unui comentariu la o postare.<\/p>\n<p data-index=\"8\">Ponta fusese \u00eentrebat c\u00e2nd \u00ee\u015fi face partid.<\/p>\n<p data-index=\"9\">Europarlamentarul C\u0103t\u0103lin Ivan a scris vineri, pe Facebook, c\u0103 lucreaz\u0103 la un nou proiect politic pentru PSD, \u00een interiorul partidului, \u00een condi\u0163iile \u00een care nu ai voie s\u0103 critici dac\u0103 nu pui m\u0103car o solu\u0163ie \u00een loc, iar el l-a criticat \u00een nenum\u0103rate r\u00e2nduri pe liderul PSD, Liviu Dragnea, pentru modul \u201e\u00eenchis, autoritar spre dictatorial\u201d \u00een care conduce forma\u0163iunea.<\/p>\n<p data-index=\"10\">\u201eLucr\u0103m deja la un nou proiect politic pentru PSD, \u00een interiorul partidului. Cred c\u0103 nu ai voie s\u0103 critici dac\u0103 nu pui m\u0103car o solu\u0163ie \u00een loc. L-am tot criticat pe Liviu Dragnea pentru modul \u00eenchis, autoritar spre dictatorial, \u00een care conduce partidul, pentru lipsa de viziune \u015fi de direc\u0163ie din ultimul timp\u201d, a precizat C\u0103t\u0103lin Ivan.<\/p>\n<\/div>\n<p> Source URL: https:\/\/www.digi24.ro\/stiri\/actualitate\/politica\/ponta-despre-viitorul-sau-partid-se-porneste-un-start-up-in-septembrie-voi-lua-o-decizie-765846<\/p>\n","protected":false},"excerpt":{"rendered":"<p>Victor Ponta a afirmat c\u0103 \u00een luna septembrie va lua o decizie legat\u0103 de viitorul s\u0103u \u00een politic\u0103, preciz\u00e2nd c\u0103 vrea s\u0103 \u00eenfiin\u0163eze un nou partid, \u201dun start-up\u201d. \u201d\u00cen septembrie voi lua o decizie legat\u0103 de modul \u00een care \u00eemi desf\u0103\u015for activitatea politic\u0103 pentru c\u0103 mai am \u00eenc\u0103 trei ani \u015fi jum\u0103tate de deputat \u015fi [&hellip;]<\/p>\n","protected":false},"author":1,"featured_media":136210,"comment_status":"open","ping_status":"","sticky":false,"template":"","format":"standard","meta":{"footnotes":""},"categories":[2],"tags":[11],"class_list":["post-136209","post","type-post","status-publish","format-standard","has-post-thumbnail","hentry","category-politics","tag-digi24"],"_links":{"self":[{"href":"https:\/\/analyse.optim.biz\/index.php?rest_route=\/wp\/v2\/posts\/136209","targetHints":{"allow":["GET"]}}],"collection":[{"href":"https:\/\/analyse.optim.biz\/index.php?rest_route=\/wp\/v2\/posts"}],"about":[{"href":"https:\/\/analyse.optim.biz\/index.php?rest_route=\/wp\/v2\/types\/post"}],"author":[{"embeddable":true,"href":"https:\/\/analyse.optim.biz\/index.php?rest_route=\/wp\/v2\/users\/1"}],"replies":[{"embeddable":true,"href":"https:\/\/analyse.optim.biz\/index.php?rest_route=%2Fwp%2Fv2%2Fcomments&post=136209"}],"version-history":[{"count":0,"href":"https:\/\/analyse.optim.biz\/index.php?rest_route=\/wp\/v2\/posts\/136209\/revisions"}],"wp:featuredmedia":[{"embeddable":true,"href":"https:\/\/analyse.optim.biz\/index.php?rest_route=\/wp\/v2\/media\/136210"}],"wp:attachment":[{"href":"https:\/\/analyse.optim.biz\/index.php?rest_route=%2Fwp%2Fv2%2Fmedia&parent=136209"}],"wp:term":[{"taxonomy":"category","embeddable":true,"href":"https:\/\/analyse.optim.biz\/index.php?rest_route=%2Fwp%2Fv2%2Fcategories&post=136209"},{"taxonomy":"post_tag","embeddable":true,"href":"https:\/\/analyse.optim.biz\/index.php?rest_route=%2Fwp%2Fv2%2Ftags&post=136209"}],"curies":[{"name":"wp","href":"https:\/\/api.w.org\/{rel}","templated":true}]}}