{"id":1361337,"date":"2026-01-21T11:30:30","date_gmt":"2026-01-21T08:30:30","guid":{"rendered":"https:\/\/analyse.optim.biz\/?p=1361337"},"modified":"2026-01-21T11:30:30","modified_gmt":"2026-01-21T08:30:30","slug":"la-scoala-gimnaziala-nicolae-balcescu-un-proiect-de-suflet-construit-pentru-copii-si-pentru-viitor","status":"publish","type":"post","link":"https:\/\/analyse.optim.biz\/?p=1361337","title":{"rendered":"La \u0218coala Gimnazial\u0103 \u201eNicolae B\u0103lcescu\u201d, un proiect de suflet, construit pentru copii \u0219i pentru viitor"},"content":{"rendered":"<article id=\"196011\" class=\"post-196011 post type-post status-publish format-standard has-post-thumbnail hentry category-eveniment-social category-invatamant category-social tag-copii tag-proiect tag-scoala-gimnaziala-nicolae-balcescu\">\n<header class=\"post-header\">\n<ul class=\"breadcrumbs\">\n<li><a href=\"https:\/\/www.curierul.ro\">Home<\/a><\/li>\n<li class=\"breadcrumbs-active .category-eveniment-social\"><a href=\"https:\/\/www.curierul.ro\/index.php?cat=928\">Eveniment<\/a><\/li>\n<li class=\"breadcrumbs-active .category-eveniment-social\">La \u0218coala Gimnazial\u0103 \u201eNicolae B\u0103lcescu\u201d, un proiect de suflet, construit pentru copii \u0219i pentru viitor<\/li>\n<\/ul>\n<div class=\"featured-photo\"><img loading=\"lazy\" decoding=\"async\" width=\"2048\" height=\"1366\" src=\"https:\/\/analyse.optim.biz\/wp-content\/uploads\/2026\/01\/scoala2-2.jpeg\" class=\"attachment-single size-single wp-post-image\" title=\"scoala2-2\"><\/div>\n<h1 class=\"headline\">La \u0218coala Gimnazial\u0103 \u201eNicolae B\u0103lcescu\u201d, un proiect de suflet, construit pentru copii \u0219i pentru viitor<\/h1>\n<p class=\"byline\">\n\t\tScris de<a href=\"https:\/\/www.curierul.ro\/author\/curierul\/\">Curierul de Valcea<\/a>, \t\t21 ianuarie 2026\t\t\t\t<\/p>\n<hr>\n<\/header>\n<p>\u0218coala Gimnazial\u0103 \u201eNicolae B\u0103lcescu\u201d din R\u00e2mnicu V\u00e2lcea traverseaz\u0103 una dintre cele mai importante \u0219i frumoase etape ale existen\u021bei sale. Nu vorbim doar despre o \u0219coal\u0103 reabilitat\u0103, modernizat\u0103 sau dotat\u0103, ci despre o comunitate educa\u021bional\u0103 care a crescut \u00eempreun\u0103, pas cu pas, \u00een jurul elevului. \u201eRena\u0219terea acestui spa\u021biu educa\u021bional este rezultatul unui proiect de suflet, ini\u021biat din convingerea c\u0103 fiecare copil merit\u0103 condi\u021bii reale pentru a-\u0219i descoperi poten\u021bialul, pentru a \u00eenv\u0103\u021ba cu bucurie \u0219i pentru a veni la \u0219coal\u0103 cu \u00eencredere. Acest drum nu ar fi fost posibil f\u0103r\u0103 sprijinul constant al Prim\u0103riei Municipiului R\u00e2mnicu V\u00e2lcea \u0219i, \u00een mod special, f\u0103r\u0103 deschiderea \u0219i implicarea domnului primar, care a \u00een\u021beles c\u0103 educa\u021bia este o investi\u021bie pe termen lung \u0219i c\u0103 vocea copiilor trebuie ascultat\u0103 \u0219i valorizat\u0103\u201d, spune prof. Cristian Cosmin Fait\u0103r, directorul institu\u021biei. De asemenea, conducerea Inspectoratului \u0218colar Jude\u021bean a sprijinit demersurile directorului Fait\u0103r de la \u0218coala Gimnazial\u0103 \u201eNicolae B\u0103lcescu\u201d.<\/p>\n<p><img loading=\"lazy\" decoding=\"async\" class=\"aligncenter wp-image-196013 size-full\" src=\"https:\/\/analyse.optim.biz\/wp-content\/uploads\/2026\/01\/scoala3.jpeg\" width=\"1600\" height=\"1200\" title=\"scoala3\"><\/p>\n<p>Finalizarea proiectului PNRR \u2013 \u201e\u0218coala Verde\u201d a \u00eensemnat reabilitarea integral\u0103 a \u00eentregii unit\u0103\u021bi cu personalitate juridic\u0103, inclusiv a s\u0103lii de sport, cre\u00e2nd un mediu sigur, modern \u0219i eficient energetic. \u00cen completare, printr-un proiect european de dotare, \u0219coala a fost echipat\u0103 cu mobilier nou \u0219i tehnologie de ultim\u0103 genera\u021bie:<\/p>\n<p>\u2013 table inteligente \u0219i sisteme de predare online;<br \/>\u2013 imprimante moderne;<br \/>\u2013 sisteme audio performante;<br \/>\u2013 echipamente care au transformat sala de clas\u0103 \u00eentr-un spa\u021biu interactiv \u0219i atractiv.<\/p>\n<p>Aceste condi\u021bii sunt prezente \u00een toate structurile \u0219colii: Gr\u0103dini\u021ba nr. 2, Gr\u0103dini\u021ba cu Program Prelungit \u201eN. B\u0103lcescu\u201d, \u0218coala Goranu \u0219i Gr\u0103dini\u021ba Goranu, loca\u021bii care au fost, la r\u00e2ndul lor, reabilitate recent, pentru a oferi copiilor un start corect \u0219i echitabil \u00een educa\u021bie. \u201eSchimbarea denumirii unit\u0103\u021bii din \u0218coala nr. 5 \u00een \u0218coala Gimnazial\u0103 \u00abNicolae B\u0103lcescu\u00bb nu a fost un simplu demers administrativ, ci un act de asumare identitar\u0103, prin care ne-am dorit s\u0103 d\u0103m greutate, apartenen\u021b\u0103 \u0219i continuitate istoric\u0103 acestei comunit\u0103\u021bi educa\u021bionale, demers concretizat simbolic \u0219i durabil prin ridicarea, prin for\u021be proprii, a bustului marelui revolu\u021bionar Nicolae B\u0103lcescu, monument al valorilor pe care dorim s\u0103 le transmitem genera\u021biilor viitoare. Dincolo de infrastructur\u0103 \u0219i dot\u0103ri, la \u0218coala \u00abNicolae B\u0103lcescu\u00bb credem cu t\u0103rie c\u0103 elevii trebuie s\u0103 fie parteneri reali \u00een via\u021ba \u0219colii. Vocea lor este ascultat\u0103, ideile lor sunt \u00eencurajate, iar ini\u021biativele lor devin puncte de plecare pentru proiecte autentice. Din aceast\u0103 filozofie s-a n\u0103scut un nou proiect de suflet al conducerii \u0219colii, realizat cu sprijinul domnului primar: radioul elevilor \u2013 RADIO CP-EIGHT. Acest proiect \u00ee\u0219i propune s\u0103 \u00eei responsabilizeze pe elevi, s\u0103 \u00eei motiveze, s\u0103 le dezvolte spiritul civic, creativitatea \u0219i abilit\u0103\u021bile de comunicare, oferindu-le un spa\u021biu \u00een care s\u0103 se exprime liber, asumat \u0219i constructiv. RADIO RADIO CP-EIGHT va fi nu doar un canal de informare, ci o voce a copiilor, o lumin\u0103 care s\u0103 \u00eei atrag\u0103, s\u0103 \u00eei educe \u0219i s\u0103 \u00eei apropie de valorile autentice. Rezultatele acestui demers complex se reflect\u0103 \u0219i \u00een performan\u021bele \u0219colare. Rezultatele la \u00eenv\u0103\u021b\u0103tur\u0103, inclusiv la Evaluarea Na\u021bional\u0103, au cunoscut o cre\u0219tere vizibil\u0103, confirm\u00e2nd faptul c\u0103 un mediu de \u00eenv\u0103\u021bare stabil, modern \u0219i uman genereaz\u0103 performan\u021b\u0103. Aceast\u0103 evolu\u021bie este meritul unui colectiv de cadre didactice extraordinar, implicat, unit \u0219i profund dedicat copiilor. Am construit, \u00eempreun\u0103 cu colegii mei, un climat educa\u021bional apropiat de elevi \u0219i de p\u0103rin\u021bi, bazat pe dialog, transparen\u021b\u0103, echitate \u0219i respect. Conducerea \u0219colii este \u0219i va r\u0103m\u00e2ne \u00een slujba elevilor, cu u\u0219a deschis\u0103, cu decizii asumate \u0219i cu responsabilitatea de a crea \u0219anse egale pentru fiecare copil\u201d, mai spune directorul Cristian Cosmin Fait\u0103r.<\/p>\n<p><img decoding=\"async\" loading=\"lazy\" class=\"aligncenter wp-image-196014 size-full\" src=\"https:\/\/analyse.optim.biz\/wp-content\/uploads\/2026\/01\/scoala4.jpeg\" width=\"2048\" height=\"1536\" title=\"scoala4\"><\/p>\n<p>Ast\u0103zi, \u0218coala Gimnazial\u0103 \u201eNicolae B\u0103lcescu\u201d nu este doar o institu\u021bie modernizat\u0103, ci o comunitate vie, \u00een care educa\u021bia se face cu suflet, cu rigoare \u0219i cu viziune. Este dovada clar\u0103 c\u0103 atunci c\u00e2nd \u0219coala, administra\u021bia local\u0103, profesorii, elevii \u0219i p\u0103rin\u021bii merg \u00een aceea\u0219i direc\u021bie, rezultatele nu sunt doar vizibile, ci durabile. \u0218coala Gimnazial\u0103 \u201eNicolae B\u0103lcescu\u201d r\u0103m\u00e2ne un exemplu de bun\u0103 practic\u0103, un proiect de suflet \u0219i un pas sigur spre educa\u021bia de m\u00e2ine.<\/p>\n<p><img decoding=\"async\" loading=\"lazy\" class=\"aligncenter wp-image-196015 size-full\" src=\"https:\/\/analyse.optim.biz\/wp-content\/uploads\/2026\/01\/scoala5.jpeg\" width=\"1600\" height=\"1200\" title=\"scoala5\"><\/p>\n<div class=\"sharedaddy sd-sharing-enabled\">\n<div class=\"robots-nocontent sd-block sd-social sd-social-official sd-sharing\">\n<h3 class=\"sd-title\">Distribuie pe:<\/h3>\n<div class=\"sd-content\">\n<ul>\n<li class=\"share-facebook\">\n<li class=\"share-twitter\"><a href=\"https:\/\/twitter.com\/share\" class=\"twitter-share-button\" data-url=\"https:\/\/www.curierul.ro\/la-scoala-gimnaziala-nicolae-balcescu-un-proiect-de-suflet-construit-pentru-copii-si-pentru-viitor\/\" data-text=\"La \u0218coala Gimnazial\u0103 \u201eNicolae B\u0103lcescu\u201d, un proiect de suflet, construit pentru copii \u0219i pentru viitor\" data-via=\"curierulvl\">Tweet<\/a><\/li>\n<li class=\"share-jetpack-whatsapp\"><a rel=\"nofollow noopener noreferrer\" data-shared=\"sharing-whatsapp-196011\" class=\"share-jetpack-whatsapp sd-button\" href=\"https:\/\/www.curierul.ro\/la-scoala-gimnaziala-nicolae-balcescu-un-proiect-de-suflet-construit-pentru-copii-si-pentru-viitor\/?share=jetpack-whatsapp\" target=\"_blank\" aria-labelledby=\"sharing-whatsapp-196011\"><span id=\"sharing-whatsapp-196011\" hidden>D\u0103 clic pentru partajare pe WhatsApp(Se deschide \u00eentr-o fereastr\u0103 nou\u0103)<\/span><span>WhatsApp<\/span><\/a><\/li>\n<li><a href=\"https:\/\/www.curierul.ro\/la-scoala-gimnaziala-nicolae-balcescu-un-proiect-de-suflet-construit-pentru-copii-si-pentru-viitor\/\" class=\"sharing-anchor sd-button share-more\"><span>Mai mult<\/span><\/a><\/li>\n<li class=\"share-end\"><\/ul>\n<div class=\"sharing-hidden\">\n<div class=\"inner\">\n<ul>\n<li class=\"share-email\"><a rel=\"nofollow noopener noreferrer\" data-shared=\"sharing-email-196011\" class=\"share-email sd-button\" href=\"mailto:?subject=%5BArticol%20partajat%5D%20La%20%C8%98coala%20Gimnazial%C4%83%20%E2%80%9ENicolae%20B%C4%83lcescu%E2%80%9D%2C%20un%20proiect%20de%20suflet%2C%20construit%20pentru%20copii%20%C8%99i%20pentru%20viitor&amp;body=https%3A%2F%2Fwww.curierul.ro%2Fla-scoala-gimnaziala-nicolae-balcescu-un-proiect-de-suflet-construit-pentru-copii-si-pentru-viitor%2F&amp;share=email\" target=\"_blank\" aria-labelledby=\"sharing-email-196011\" data-email-share-error-title=\"\u021ai-ai configurat emailul?\" data-email-share-error-text=\"Dac\u0103 ai probleme la partajarea prin email, probabil nu ai configurat emailul pentru navigator. Poate trebuie s\u0103 creezi singur un email nou.\" data-email-share-nonce=\"60a3edc8da\" data-email-share-track-url=\"https:\/\/www.curierul.ro\/la-scoala-gimnaziala-nicolae-balcescu-un-proiect-de-suflet-construit-pentru-copii-si-pentru-viitor\/?share=email\"><span id=\"sharing-email-196011\" hidden>D\u0103 clic pentru a trimite o leg\u0103tur\u0103 prin email unui prieten(Se deschide \u00eentr-o fereastr\u0103 nou\u0103)<\/span><span>Email<\/span><\/a><\/li>\n<li class=\"share-print\"><a rel=\"nofollow noopener noreferrer\" data-shared=\"sharing-print-196011\" class=\"share-print sd-button\" href=\"https:\/\/www.curierul.ro\/la-scoala-gimnaziala-nicolae-balcescu-un-proiect-de-suflet-construit-pentru-copii-si-pentru-viitor\/#print?share=print\" target=\"_blank\" aria-labelledby=\"sharing-print-196011\"><span id=\"sharing-print-196011\" hidden>D\u0103 clic pentru a imprima(Se deschide \u00eentr-o fereastr\u0103 nou\u0103)<\/span><span>Imprimare<\/span><\/a><\/li>\n<li class=\"share-end\"><\/ul>\n<\/div>\n<\/div>\n<\/div>\n<\/div>\n<\/div>\n<div id=\"jp-relatedposts\" class=\"jp-relatedposts\">\n<h3 class=\"jp-relatedposts-headline\"><em>Similare<\/em><\/h3>\n<\/div>\n<footer class=\"post-footer\">\n<p class=\"tags\"><strong>Tags: <\/strong><a href=\"https:\/\/www.curierul.ro\/tag\/copii\/\" rel=\"tag\">copii<\/a>, <a href=\"https:\/\/www.curierul.ro\/tag\/proiect\/\" rel=\"tag\">proiect<\/a>, <a href=\"https:\/\/www.curierul.ro\/tag\/scoala-gimnaziala-nicolae-balcescu\/\" rel=\"tag\">\u0218coala Gimnazial\u0103 Nicolae B\u0103lcescu<\/a><\/p>\n<div class=\"post-navigation clearfix\">\n<div class=\"previous-post\">\n<div class=\"featured-photo\"><img decoding=\"async\" width=\"2560\" height=\"2089\" src=\"https:\/\/analyse.optim.biz\/wp-content\/uploads\/2026\/01\/cvl36-scaled-1-35.jpg\" class=\"attachment-post-thumbnail size-post-thumbnail wp-post-image\" loading=\"lazy\" title=\"cvl36-scaled-1-35\"><\/div>\n<p class=\"paginate-title\">\u00ab\u00ab <a href=\"https:\/\/www.curierul.ro\/36-de-ani\/\" rel=\"prev\">36 de ani<\/a><\/p>\n<\/div>\n<div class=\"next-post\">\n<div class=\"featured-photo\"><img decoding=\"async\" width=\"734\" height=\"666\" src=\"https:\/\/analyse.optim.biz\/wp-content\/uploads\/2026\/01\/rotary-2.jpeg\" class=\"attachment-post-thumbnail size-post-thumbnail wp-post-image\" loading=\"lazy\" title=\"rotary-2\"><\/div>\n<p class=\"paginate-title\"><a href=\"https:\/\/www.curierul.ro\/primul-director-roman-al-rotary-international-a-trecut-la-cele-vesnice\/\" rel=\"next\">Primul director rom\u00e2n al Rotary International a trecut la cele ve\u0219nice<\/a> \u00bb\u00bb<\/p>\n<\/div>\n<\/div>\n<div id=\"comments\" class=\"comments-area\">\n<div id=\"respond\" class=\"comment-respond\">\n<h3 id=\"reply-title\" class=\"comment-reply-title\">Po\u021bi comenta aici<small><a rel=\"nofollow\" id=\"cancel-comment-reply-link\" href=\"https:\/\/www.curierul.ro\/la-scoala-gimnaziala-nicolae-balcescu-un-proiect-de-suflet-construit-pentru-copii-si-pentru-viitor\/#respond\">Anuleaz\u0103 r\u0103spunsul<\/a><\/small><\/h3>\n<\/div>\n<p class=\"akismet_comment_form_privacy_notice\">Acest site folose\u0219te Akismet pentru a reduce spamul. <a href=\"https:\/\/akismet.com\/privacy\/\" target=\"_blank\" rel=\"nofollow noopener\">Afl\u0103 cum sunt procesate datele comentariilor tale<\/a>.<\/p>\n<\/div>\n<section class=\"related-stories\">\n<h2>Related Stories<\/h2>\n<div class=\"stories-container\">\n<article id=\"latest-194511\" class=\"story post-194511 post type-post status-publish format-standard has-post-thumbnail hentry category-invatamant category-politica category-social tag-copii tag-intalnire-directori tag-interes tag-mircia-gutau-2 tag-scoli-2\">\n<div class=\"photo\"><img decoding=\"async\" width=\"735\" height=\"440\" src=\"https:\/\/analyse.optim.biz\/wp-content\/uploads\/2026\/01\/intalnire-directori-scoli-3.jpg\" class=\"attachment-giornalismo-single size-giornalismo-single wp-post-image\" loading=\"lazy\" title=\"intalnire-directori-scoli-3\"><\/div>\n<p class=\"headline\"><a href=\"https:\/\/www.curierul.ro\/primarul-mircia-gutau-la-intalnirea-cu-directorii-scolilor-din-ramnic-urmariti-interesul-copiilor\/\">Primarul Mircia Gut\u0103u, la \u00eent\u00e2lnirea cu directorii \u0219colilor din R\u00e2mnic: \u201eUrm\u0103ri\u021bi interesul copiilor!\u201d<\/a><\/p>\n<\/article>\n<article id=\"latest-191213\" class=\"story post-191213 post type-post status-publish format-standard has-post-thumbnail hentry category-actualitate category-headlines category-politica tag-cadouri tag-copii tag-mos-craciun tag-primaria-municipiului-rm-valcea\">\n<div class=\"photo\"><img decoding=\"async\" width=\"735\" height=\"440\" src=\"https:\/\/analyse.optim.biz\/wp-content\/uploads\/2026\/01\/mos-nicolae-3.jpg\" class=\"attachment-giornalismo-single size-giornalismo-single wp-post-image\" loading=\"lazy\" title=\"mos-nicolae-3\"><\/div>\n<p class=\"headline\"><a href=\"https:\/\/www.curierul.ro\/primaria-municipiului-il-ajuta-pe-mos-craciun-sa-duca-cadouri-la-10-000-de-copii-din-ramnic\/\">Prim\u0103ria Municipiului \u00eel ajut\u0103 pe Mo\u0219 Cr\u0103ciun s\u0103 duc\u0103 cadouri la 10.000 de copii din R\u00e2mnic<\/a><\/p>\n<\/article>\n<article id=\"latest-190573\" class=\"story post-190573 post type-post status-publish format-standard has-post-thumbnail hentry category-actualitate category-cultura tag-cioful-cel-viclean tag-copii tag-spectacol tag-teatrul-anton-pann\">\n<div class=\"photo\"><img decoding=\"async\" width=\"735\" height=\"440\" src=\"https:\/\/analyse.optim.biz\/wp-content\/uploads\/2026\/01\/cioful-cel-viclean-2.jpeg\" class=\"attachment-giornalismo-single size-giornalismo-single wp-post-image\" loading=\"lazy\" title=\"cioful-cel-viclean-2\"><\/div>\n<p class=\"headline\"><a href=\"https:\/\/www.curierul.ro\/cioful-cel-viclean-un-spectacol-educativ-pentru-parinti-si-copii-la-anton-pann\/\">\u201dCioful cel viclean\u201d un spectacol educativ pentru p\u0103rin\u021bi \u0219i copii, la Anton Pann<\/a><\/p>\n<\/article>\n<\/div>\n<\/section>\n<section class=\"latest-category clearfix\">\n<h2 class=\"title\">More Stories From Eveniment<\/h2>\n<\/section>\n<section class=\"author-bio clearfix\">\n<div class=\"mug-shot\"><img decoding=\"async\" src=\"https:\/\/analyse.optim.biz\/wp-content\/uploads\/2026\/01\/2a58d181c1d85262357d59db6fc29158130ca794fc45057783762a4c0eb9167f-68.jpg\" class=\"avatar avatar-96 photo\" height=\"96\" width=\"96\" loading=\"lazy\" title=\"2a58d181c1d85262357d59db6fc29158130ca794fc45057783762a4c0eb9167f-68\"><\/div>\n<div class=\"author-info\">\n<p class=\"title\">About Curierul de Valcea, <\/p>\n<div class=\"author-social-area\"><a href=\"mailto:curierul@curierul.ro\"><span class=\"fal fa-envelope\"><span class=\"screen-reader-text\">Email the Author<\/span><\/span><\/a><\/div>\n<\/div>\n<\/section>\n<\/footer>\n<\/article>\n<article id=\"latest-194511\" class=\"story post-194511 post type-post status-publish format-standard has-post-thumbnail hentry category-invatamant category-politica category-social tag-copii tag-intalnire-directori tag-interes tag-mircia-gutau-2 tag-scoli-2\">\n<div class=\"photo\"><img decoding=\"async\" width=\"735\" height=\"440\" src=\"https:\/\/analyse.optim.biz\/wp-content\/uploads\/2026\/01\/intalnire-directori-scoli-3.jpg\" class=\"attachment-giornalismo-single size-giornalismo-single wp-post-image\" loading=\"lazy\" title=\"intalnire-directori-scoli-3\"><\/div>\n<p class=\"headline\"><a href=\"https:\/\/www.curierul.ro\/primarul-mircia-gutau-la-intalnirea-cu-directorii-scolilor-din-ramnic-urmariti-interesul-copiilor\/\">Primarul Mircia Gut\u0103u, la \u00eent\u00e2lnirea cu directorii \u0219colilor din R\u00e2mnic: \u201eUrm\u0103ri\u021bi interesul copiilor!\u201d<\/a><\/p>\n<\/article>\n<article id=\"latest-191213\" class=\"story post-191213 post type-post status-publish format-standard has-post-thumbnail hentry category-actualitate category-headlines category-politica tag-cadouri tag-copii tag-mos-craciun tag-primaria-municipiului-rm-valcea\">\n<div class=\"photo\"><img decoding=\"async\" width=\"735\" height=\"440\" src=\"https:\/\/analyse.optim.biz\/wp-content\/uploads\/2026\/01\/mos-nicolae-3.jpg\" class=\"attachment-giornalismo-single size-giornalismo-single wp-post-image\" loading=\"lazy\" title=\"mos-nicolae-3\"><\/div>\n<p class=\"headline\"><a href=\"https:\/\/www.curierul.ro\/primaria-municipiului-il-ajuta-pe-mos-craciun-sa-duca-cadouri-la-10-000-de-copii-din-ramnic\/\">Prim\u0103ria Municipiului \u00eel ajut\u0103 pe Mo\u0219 Cr\u0103ciun s\u0103 duc\u0103 cadouri la 10.000 de copii din R\u00e2mnic<\/a><\/p>\n<\/article>\n<article id=\"latest-190573\" class=\"story post-190573 post type-post status-publish format-standard has-post-thumbnail hentry category-actualitate category-cultura tag-cioful-cel-viclean tag-copii tag-spectacol tag-teatrul-anton-pann\">\n<div class=\"photo\"><img decoding=\"async\" width=\"735\" height=\"440\" src=\"https:\/\/analyse.optim.biz\/wp-content\/uploads\/2026\/01\/cioful-cel-viclean-2.jpeg\" class=\"attachment-giornalismo-single size-giornalismo-single wp-post-image\" loading=\"lazy\" title=\"cioful-cel-viclean-2\"><\/div>\n<p class=\"headline\"><a href=\"https:\/\/www.curierul.ro\/cioful-cel-viclean-un-spectacol-educativ-pentru-parinti-si-copii-la-anton-pann\/\">\u201dCioful cel viclean\u201d un spectacol educativ pentru p\u0103rin\u021bi \u0219i copii, la Anton Pann<\/a><\/p>\n<\/article>\n<p> Source URL: https:\/\/www.curierul.ro\/la-scoala-gimnaziala-nicolae-balcescu-un-proiect-de-suflet-construit-pentru-copii-si-pentru-viitor\/<\/p>\n","protected":false},"excerpt":{"rendered":"<p>Home Eveniment La \u0218coala Gimnazial\u0103 \u201eNicolae B\u0103lcescu\u201d, un proiect de suflet, construit pentru copii \u0219i pentru viitor La \u0218coala Gimnazial\u0103 \u201eNicolae B\u0103lcescu\u201d, un proiect de suflet, construit pentru copii \u0219i pentru viitor Scris deCurierul de Valcea, 21 ianuarie 2026 \u0218coala Gimnazial\u0103 \u201eNicolae B\u0103lcescu\u201d din R\u00e2mnicu V\u00e2lcea traverseaz\u0103 una dintre cele mai importante \u0219i frumoase etape [&hellip;]<\/p>\n","protected":false},"author":1,"featured_media":1361338,"comment_status":"open","ping_status":"","sticky":false,"template":"","format":"standard","meta":{"footnotes":""},"categories":[89],"tags":[213],"class_list":["post-1361337","post","type-post","status-publish","format-standard","has-post-thumbnail","hentry","category-romania","tag-curierul-ro"],"_links":{"self":[{"href":"https:\/\/analyse.optim.biz\/index.php?rest_route=\/wp\/v2\/posts\/1361337","targetHints":{"allow":["GET"]}}],"collection":[{"href":"https:\/\/analyse.optim.biz\/index.php?rest_route=\/wp\/v2\/posts"}],"about":[{"href":"https:\/\/analyse.optim.biz\/index.php?rest_route=\/wp\/v2\/types\/post"}],"author":[{"embeddable":true,"href":"https:\/\/analyse.optim.biz\/index.php?rest_route=\/wp\/v2\/users\/1"}],"replies":[{"embeddable":true,"href":"https:\/\/analyse.optim.biz\/index.php?rest_route=%2Fwp%2Fv2%2Fcomments&post=1361337"}],"version-history":[{"count":0,"href":"https:\/\/analyse.optim.biz\/index.php?rest_route=\/wp\/v2\/posts\/1361337\/revisions"}],"wp:featuredmedia":[{"embeddable":true,"href":"https:\/\/analyse.optim.biz\/index.php?rest_route=\/wp\/v2\/media\/1361338"}],"wp:attachment":[{"href":"https:\/\/analyse.optim.biz\/index.php?rest_route=%2Fwp%2Fv2%2Fmedia&parent=1361337"}],"wp:term":[{"taxonomy":"category","embeddable":true,"href":"https:\/\/analyse.optim.biz\/index.php?rest_route=%2Fwp%2Fv2%2Fcategories&post=1361337"},{"taxonomy":"post_tag","embeddable":true,"href":"https:\/\/analyse.optim.biz\/index.php?rest_route=%2Fwp%2Fv2%2Ftags&post=1361337"}],"curies":[{"name":"wp","href":"https:\/\/api.w.org\/{rel}","templated":true}]}}