{"id":136009,"date":"2017-07-28T13:39:18","date_gmt":"2017-07-28T10:39:18","guid":{"rendered":"https:\/\/analyse.optim.biz\/?p=136009"},"modified":"2017-07-28T13:39:18","modified_gmt":"2017-07-28T10:39:18","slug":"iohannis-convoaca-sedinta-csat","status":"publish","type":"post","link":"https:\/\/analyse.optim.biz\/?p=136009","title":{"rendered":"Iohannis convoac\u0103 \u0219edin\u021ba CSAT"},"content":{"rendered":"<div class=\"entry data-app-meta data-app-meta-article\" data-embed-base-url-canonical=\"https:\/\/www.digi24.ro\/embed\/stiri\/actualitate\/politica\/iohannis-convoaca-sedinta-csat-768604\">\n<p data-index=\"1\"><strong>Pre\u015fedintele Klaus Iohannis a convocat pentru mar\u0163i \u015fedin\u0163a CSAT \u00een care va fi discutat Planul de \u00eenzestrare a Armatei, informeaz\u0103 un comunicat al Administra\u021biei Preziden\u021biale.<\/strong><\/p>\n<figure class=\"article-thumb\"><img decoding=\"async\" src=\"https:\/\/analyse.optim.biz\/wp-content\/uploads\/2024\/09\/ad1lzdaymgy4ymywyjzhywq2ndk2nje1ndyymdkznte5zg-thumb_-1.jpg\" alt=\"iohannis csat cu guv tudose\" data-skip-htmlfix=\"1\" title=\"ad1lzdaymgy4ymywyjzhywq2ndk2nje1ndyymdkznte5zg-thumb_-1\"><figcaption> Foto: presidency.ro <\/figcaption><\/figure>\n<p data-index=\"2\">\u201eMar\u0163i, 1 august a.c., \u00eencep\u00e2nd cu ora 15:00, la Palatul Cotroceni, va avea loc \u015fedin\u0163a Consiliului Suprem de Ap\u0103rare a \u0162\u0103rii, condus\u0103 de c\u0103tre pre\u015fedintele Rom\u00e2niei, domnul Klaus Iohannis. Pe ordinea de zi a \u015fedin\u0163ei se va afla prezentarea Planului de \u00eenzestrare a Armatei Rom\u00e2niei pentru perioada 2017-2026\u201d, se arat\u0103 \u00een comunicatul Administra\u0163iei preziden\u0163iale.<\/p>\n<p data-index=\"3\">Pre\u015fedintele Klaus Iohannis a avut, miercuri, la Palatul Cotroceni, o \u00eent\u00e2lnire cu ministrul ap\u0103r\u0103rii na\u0163ionale, Adrian \u0162u\u0163uianu, care i-a prezentat planul revizuit de \u00eenzestrare a armatei, ce va fi pe ordinea de zi a viitoarei \u015fedin\u0163e a CSAT, informeaz\u0103 News.ro.<\/p>\n<p data-index=\"4\">Adrian \u021au\u021buianu i-a prezentat pre\u015fedintelui <strong>Planul de \u00eenzestrare a Armatei Rom\u00e2niei pentru perioada 2017 &#8211; 2026<\/strong>, care prevede respectarea \u015fi implementarea angajamentului politic asumat \u00een anul 2015 de c\u0103tre toate partidele politice de a aloca<strong> 2% din PIB sectorului ap\u0103r\u0103rii pentru 10 ani, \u00eencep\u00e2nd cu acest an.<\/strong><\/p>\n<p data-index=\"5\">Planul de \u00eenzestrare a Armatei Rom\u00e2niei 2017 \u2013 2026 stabile\u015fte sistemele \u015fi echipamentele planificate a fi achizi\u0163ionate prin Programul anual al achizi\u0163iilor publice ale Ministerului Ap\u0103r\u0103rii Na\u0163ionale privind \u00eenzestrarea cu armament, tehnic\u0103 de lupt\u0103 \u015fi materiale cu destina\u0163ie militar\u0103.<\/p>\n<p data-index=\"6\">Ministrul Ap\u0103r\u0103rii, Adrian \u0162u\u0163uianu, a afirmat miercuri, \u00eentr-o conferin\u0163\u0103 de pres\u0103, c\u0103 proiectul care prevede \u00eenzestrarea Armatei p\u00e2n\u0103 \u00een 2026 a fost ref\u0103cut \u015fi este preg\u0103tit s\u0103 \u00eei fie prezentat pre\u015fedintelui Klaus Iohannis la urm\u0103toarea \u015fedin\u0163\u0103 a CSAT, dup\u0103 ce documentul a fost retras de pe ordinea de zi a ultimului Consiliu Suprem de Ap\u0103rare a \u0162\u0103rii.<\/p>\n<p data-index=\"7\">\u201eAvem 2% din PIB. Doar o parte destinat\u0103 \u00eenzestr\u0103rii. Retragerea de la CSAT a proiectului de \u00eenzestrare p\u00e2n\u0103 \u00een 2026 s-a f\u0103cut la solicitarea mea pentru a da consisten\u0163\u0103 \u015fi \u00een cifre, \u015fi ce este \u00een spatele cifrelor, angajamentului de 2% din PIB p\u00e2n\u0103 \u00een anul 2026. Documentul a fost ref\u0103cut \u015fi, atunci c\u00e2nd domnul pre\u015fedinte al Rom\u00e2niei, Klaus Iohannis, va solicita, vom prezenta CSAT documentul complet\u201d, a spus ministrul ap\u0103r\u0103rii.<\/p>\n<p data-index=\"8\">Citi\u021bi \u0219i:\u00a0<\/p>\n<p class=\"card-title\" data-index=\"9\"><strong><a title=\"title\" href=\"https:\/\/www.digi24.ro\/stiri\/actualitate\/romania-vrea-sa-cumpere-inca-36-de-avioane-multirol-ce-alte-dotari-se-afla-pe-lista-de-achizitii-a-armatei-767623\" data-skip-linkfix=\"1\">Rom\u00e2nia vrea s\u0103 cumpere \u00eenc\u0103 36 de avioane multirol. Ce alte dot\u0103ri se afl\u0103 pe lista de achizi\u021bii a Armatei<\/a><\/strong><\/p>\n<p class=\"h2\" data-index=\"10\"><a href=\"https:\/\/www.digi24.ro\/stiri\/externe\/guvernul-va-plati-in-noiembrie-prima-rata-pentru-rachetele-patriot-767399\" target=\"_blank\" rel=\"noopener noreferrer\" data-skip-linkfix=\"1\"><strong>Guvernul ar putea pl\u0103ti \u00een noiembrie prima rat\u0103 pentru rachetele Patriot<\/strong><\/a><\/p>\n<\/div>\n<p> Source URL: https:\/\/www.digi24.ro\/stiri\/actualitate\/politica\/iohannis-convoaca-sedinta-csat-768604<\/p>\n","protected":false},"excerpt":{"rendered":"<p>Pre\u015fedintele Klaus Iohannis a convocat pentru mar\u0163i \u015fedin\u0163a CSAT \u00een care va fi discutat Planul de \u00eenzestrare a Armatei, informeaz\u0103 un comunicat al Administra\u021biei Preziden\u021biale. Foto: presidency.ro \u201eMar\u0163i, 1 august a.c., \u00eencep\u00e2nd cu ora 15:00, la Palatul Cotroceni, va avea loc \u015fedin\u0163a Consiliului Suprem de Ap\u0103rare a \u0162\u0103rii, condus\u0103 de c\u0103tre pre\u015fedintele Rom\u00e2niei, domnul Klaus [&hellip;]<\/p>\n","protected":false},"author":1,"featured_media":136010,"comment_status":"open","ping_status":"","sticky":false,"template":"","format":"standard","meta":{"footnotes":""},"categories":[2],"tags":[11],"class_list":["post-136009","post","type-post","status-publish","format-standard","has-post-thumbnail","hentry","category-politics","tag-digi24"],"_links":{"self":[{"href":"https:\/\/analyse.optim.biz\/index.php?rest_route=\/wp\/v2\/posts\/136009","targetHints":{"allow":["GET"]}}],"collection":[{"href":"https:\/\/analyse.optim.biz\/index.php?rest_route=\/wp\/v2\/posts"}],"about":[{"href":"https:\/\/analyse.optim.biz\/index.php?rest_route=\/wp\/v2\/types\/post"}],"author":[{"embeddable":true,"href":"https:\/\/analyse.optim.biz\/index.php?rest_route=\/wp\/v2\/users\/1"}],"replies":[{"embeddable":true,"href":"https:\/\/analyse.optim.biz\/index.php?rest_route=%2Fwp%2Fv2%2Fcomments&post=136009"}],"version-history":[{"count":0,"href":"https:\/\/analyse.optim.biz\/index.php?rest_route=\/wp\/v2\/posts\/136009\/revisions"}],"wp:featuredmedia":[{"embeddable":true,"href":"https:\/\/analyse.optim.biz\/index.php?rest_route=\/wp\/v2\/media\/136010"}],"wp:attachment":[{"href":"https:\/\/analyse.optim.biz\/index.php?rest_route=%2Fwp%2Fv2%2Fmedia&parent=136009"}],"wp:term":[{"taxonomy":"category","embeddable":true,"href":"https:\/\/analyse.optim.biz\/index.php?rest_route=%2Fwp%2Fv2%2Fcategories&post=136009"},{"taxonomy":"post_tag","embeddable":true,"href":"https:\/\/analyse.optim.biz\/index.php?rest_route=%2Fwp%2Fv2%2Ftags&post=136009"}],"curies":[{"name":"wp","href":"https:\/\/api.w.org\/{rel}","templated":true}]}}