{"id":136006,"date":"2017-07-28T15:02:21","date_gmt":"2017-07-28T12:02:21","guid":{"rendered":"https:\/\/analyse.optim.biz\/?p=136006"},"modified":"2017-07-28T15:02:21","modified_gmt":"2017-07-28T12:02:21","slug":"grindeanu-a-contestat-excluderea-din-psd","status":"publish","type":"post","link":"https:\/\/analyse.optim.biz\/?p=136006","title":{"rendered":"Grindeanu a contestat excluderea din PSD"},"content":{"rendered":"<div class=\"entry data-app-meta data-app-meta-article\" data-embed-base-url-canonical=\"https:\/\/www.digi24.ro\/embed\/stiri\/actualitate\/politica\/grindeanu-a-contestat-excluderea-din-psd-768677\">\n<p data-index=\"1\">http:\/\/www.digi24.ro\/opinii\/de-ce-nu-mai-pariaza-nimeni-pe-dragnea-767611<\/p>\n<p data-index=\"2\"><strong>Fostul premier PSD Sorin Grindeanu a depus, vineri, o contesta\u021bie fa\u021b\u0103 de decizia Comitetului Executiv Na\u021bional al PSD de excludere a sa din partid, decizie luat\u0103 pe 15 iunie, dup\u0103 ce el\u00a0a refuzat s\u0103-\u0219i prezinte demisia din func\u021bia de premier.<\/strong><\/p>\n<figure class=\"article-thumb\"><img decoding=\"async\" src=\"https:\/\/analyse.optim.biz\/wp-content\/uploads\/2024\/09\/yz0xjmhhc2g9mgzknde5zwvhnmfmnmiyytmyztnin2rlzdfmotlkztk-thumb_.jpg\" alt=\"170621_GRINDEANU_CONFERINTA_00_INQUAM_Photos_Octav_Ganea\" data-skip-htmlfix=\"1\" title=\"yz0xjmhhc2g9mgzknde5zwvhnmfmnmiyytmyztnin2rlzdfmotlkztk-thumb_\"><figcaption> Surs\u0103 foto: INQUAM PHOTOS \/ Octav Ganea <\/figcaption><\/figure>\n<p data-index=\"3\">\u201eAzi am depus contesta\u021bia la decizia de excludere a mea din PSD.<strong> Este o decizie pe care am luat-o \u00een urma sus\u021binerii totale pe care mi-au acordat-o colegii mei din Timi\u015f<\/strong>, care la recentul Birou Permanent Jude\u021bean al organiza\u021biei noastre \u015fi-au exprimat deschis dorin\u021ba de a continua \u00eempreun\u0103. Organiza\u021bia PSD Timi\u015f a demonstrat c\u0103 este, \u00een primul r\u00e2nd, o echip\u0103, care a c\u00e2\u015ftigat \u00eencrederea oamenilor, fapt dovedit la alegerile de anul trecut \u015fi nu numai. Mergem mai departe!\u201d, a scris Sorin Grindeanu pe contul s\u0103u de Facebook.<\/p>\n<p data-index=\"4\">Potrivit informa\u021biilor ap\u0103rute la \u00eenceputul s\u0103pt\u0103m\u00e2nii, dac\u0103 se va solda cu un verdict negativ contesta\u021bia sa depus\u0103 la partid, fostul premier ia \u00een calcul s\u0103 se adreseze instan\u021bei.<\/p>\n<p data-index=\"5\">Mar\u021bi dup\u0103-amiaza, secretarul general al PSD, Marian Neac\u0219u, a mers la PSD Timi\u0219 pentru a se asigura c\u0103 filiala a luat act de decizia CEx de excludere a lui Grindeanu \u0219i pentru a tran\u0219a conducerea interimar\u0103 a organiza\u021biei. La centru, favorit era secretarul de stat Petre Andea, dar filiala a refuzat \u0219i \u0219ef interimar al PSD Timi\u0219 este un sus\u021bin\u0103tor al lui Grindeanu, C\u0103lin Dobra.<\/p>\n<p data-index=\"6\">Sorin Grindeanu a fost exclus din PSD, pe 15 iunie, decizia fiind luat\u0103 \u00een Comitetul Executiv Na\u0163ional, care s-a reunit la sediul central al partidului.<\/p>\n<p data-index=\"7\">Conform articolului 27 din Statutul PSD, \u201ecalitatea de membru al Partidului Social Democrat se pierde prin demisie, radiere, excludere sau \u00eenscriere \u00een alt partid\u201d.<\/p>\n<p data-index=\"8\">Articolul 31 men\u0163ioneaz\u0103 excluderea, ca sanc\u0163iune aplicat\u0103 membrului de partid prin hot\u0103r\u00e2re a Biroului organiza\u0163iei locale din care acesta face parte. Membrul de partid care de\u0163ine o func\u0163ie \u00een cadrul organelor de conducere ale partidului de la nivelul organiza\u0163iei PSD de pe raza teritorial\u0103 a sec\u0163iei de votare, precum \u015fi de la nivelul organiza\u0163iei locale poate fi exclus, la propunerea organului de conducere din care face parte, de c\u0103tre organul de conducere ierarhic superior.<\/p>\n<p data-index=\"9\">Comitetul Executiv Na\u0163ional este cel care hot\u0103r\u0103\u015fte, \u00een situa\u0163ii excep\u0163ionale, cu dou\u0103 treimi din voturile membrilor s\u0103i, sanc\u0163ionarea cu excludere din partid a oric\u0103rui membru, pentru \u00eenc\u0103lc\u0103ri grave ale Statutului sau pentru prejudicii majore aduse PSD.<\/p>\n<h5>Cite\u0219te \u0219i: <a href=\"https:\/\/www.digi24.ro\/opinii\/de-ce-nu-mai-pariaza-nimeni-pe-dragnea-767611\" data-skip-linkfix=\"1\">De ce nu mai pariaz\u0103 nimeni pe Dragnea<\/a><\/h5>\n<\/div>\n<p> Source URL: https:\/\/www.digi24.ro\/stiri\/actualitate\/politica\/grindeanu-a-contestat-excluderea-din-psd-768677<\/p>\n","protected":false},"excerpt":{"rendered":"<p>http:\/\/www.digi24.ro\/opinii\/de-ce-nu-mai-pariaza-nimeni-pe-dragnea-767611 Fostul premier PSD Sorin Grindeanu a depus, vineri, o contesta\u021bie fa\u021b\u0103 de decizia Comitetului Executiv Na\u021bional al PSD de excludere a sa din partid, decizie luat\u0103 pe 15 iunie, dup\u0103 ce el\u00a0a refuzat s\u0103-\u0219i prezinte demisia din func\u021bia de premier. Surs\u0103 foto: INQUAM PHOTOS \/ Octav Ganea \u201eAzi am depus contesta\u021bia la decizia de [&hellip;]<\/p>\n","protected":false},"author":1,"featured_media":136007,"comment_status":"open","ping_status":"","sticky":false,"template":"","format":"standard","meta":{"footnotes":""},"categories":[2],"tags":[11],"class_list":["post-136006","post","type-post","status-publish","format-standard","has-post-thumbnail","hentry","category-politics","tag-digi24"],"_links":{"self":[{"href":"https:\/\/analyse.optim.biz\/index.php?rest_route=\/wp\/v2\/posts\/136006","targetHints":{"allow":["GET"]}}],"collection":[{"href":"https:\/\/analyse.optim.biz\/index.php?rest_route=\/wp\/v2\/posts"}],"about":[{"href":"https:\/\/analyse.optim.biz\/index.php?rest_route=\/wp\/v2\/types\/post"}],"author":[{"embeddable":true,"href":"https:\/\/analyse.optim.biz\/index.php?rest_route=\/wp\/v2\/users\/1"}],"replies":[{"embeddable":true,"href":"https:\/\/analyse.optim.biz\/index.php?rest_route=%2Fwp%2Fv2%2Fcomments&post=136006"}],"version-history":[{"count":0,"href":"https:\/\/analyse.optim.biz\/index.php?rest_route=\/wp\/v2\/posts\/136006\/revisions"}],"wp:featuredmedia":[{"embeddable":true,"href":"https:\/\/analyse.optim.biz\/index.php?rest_route=\/wp\/v2\/media\/136007"}],"wp:attachment":[{"href":"https:\/\/analyse.optim.biz\/index.php?rest_route=%2Fwp%2Fv2%2Fmedia&parent=136006"}],"wp:term":[{"taxonomy":"category","embeddable":true,"href":"https:\/\/analyse.optim.biz\/index.php?rest_route=%2Fwp%2Fv2%2Fcategories&post=136006"},{"taxonomy":"post_tag","embeddable":true,"href":"https:\/\/analyse.optim.biz\/index.php?rest_route=%2Fwp%2Fv2%2Ftags&post=136006"}],"curies":[{"name":"wp","href":"https:\/\/api.w.org\/{rel}","templated":true}]}}