{"id":136003,"date":"2017-07-28T15:37:17","date_gmt":"2017-07-28T12:37:17","guid":{"rendered":"https:\/\/analyse.optim.biz\/?p=136003"},"modified":"2017-07-28T15:37:17","modified_gmt":"2017-07-28T12:37:17","slug":"ponta-unii-vor-sa-vanda-psd-ca-sa-isi-rezolve-propriile-dosare-penale","status":"publish","type":"post","link":"https:\/\/analyse.optim.biz\/?p=136003","title":{"rendered":"Ponta: \u201eUnii vor s\u0103 v\u00e2nd\u0103 PSD ca s\u0103 \u00ee\u0219i rezolve propriile dosare penale\u201d"},"content":{"rendered":"<div class=\"entry data-app-meta data-app-meta-article\" data-embed-base-url-canonical=\"https:\/\/www.digi24.ro\/embed\/stiri\/actualitate\/politica\/ponta-unii-vor-sa-vanda-psd-ca-sa-isi-rezolve-propriile-dosare-penale-768715\">\n<p data-index=\"1\"><strong>Fostul premier, exclus recent din PSD, lanseaz\u0103 noi atacuri la adresa actualei conduceri a PSD, sus\u021bin\u00e2nd c\u0103 nu ar trebui adoptat\u0103 m\u0103sura mut\u0103rii CAS \u0219i CASS de la angajator la angajat. Totodat\u0103, Ponta spune c\u0103 \u201elucrurile vor reintra pe f\u0103ga\u0219ul bun\u201d dac\u0103 premierul Mihai Tudose \u201eva prelua \u0219i conducerea partidului\u201d.<\/strong><\/p>\n<figure class=\"article-thumb\"><img decoding=\"async\" src=\"https:\/\/analyse.optim.biz\/wp-content\/uploads\/2024\/09\/yxnoptjiztuyzgq1ntawyjjlmdixowm1zjjkndblodlhzwq0-thumb_-1.jpg\" alt=\"20170618_PARLAMENT_ponta_04_INQUAM_Photos_Octav_Ganea\" data-skip-htmlfix=\"1\" title=\"yxnoptjiztuyzgq1ntawyjjlmdixowm1zjjkndblodlhzwq0-thumb_-1\"><figcaption> Surs\u0103 foto: INQUAM PHOTOS \/ Octav Ganea <\/figcaption><\/figure>\n<p data-index=\"2\">\u201eSper sincer ca aceast\u0103 bulib\u0103\u0219al\u0103 s\u0103 ia sf\u00e2r\u0219it c\u00e2t mai repede &#8211; pentru binele tuturor angaja\u021bilor \u0219i al companiilor din Rom\u00e2nia e nevoie doar de stabilitate \u0219i profesionalism, plus evitarea oric\u0103ror schimb\u0103ri care nu au fost bine g\u00e2ndite, calculate \u0219i preg\u0103tite din timp! <strong>Vrea cineva s\u0103 sc\u0103dem salariile cu 22% \u0219i pe urm\u0103 s\u0103 spunem \u00abScuze, am fost pro\u0219ti, am gre\u0219it, revenim la ce a fost inainte\u00bb?<\/strong>\u201d, scrie fostul premier PSD pe contul s\u0103u de Facebook, f\u0103c\u00e2nd referire la <a href=\"https:\/\/www.digi24.ro\/stiri\/economie\/pwc-romania-salariile-brute-ar-trebui-sa-creasca-cu-2275-angajatorii-privati-nu-pot-fi-obligati-768551\" data-skip-linkfix=\"1\">analiza PricewaterhouseCoopers Rom\u00e2nia<\/a>, privind trecerea CAS \u0219i CASS la angajat.<\/p>\n<p data-index=\"3\">Victor Ponta spune c\u0103 lucrurile ar trebui l\u0103sate a\u0219a cum sunt dac\u0103 \u201emerg bine\u201d. \u201eDac\u0103 lucrurile merg bine (avem cre\u0219tere economic\u0103 de 5 ani, sc\u0103dere \u0219omaj, cre\u0219terea salariilor, dar \u0219i a profiturilor), l\u0103sa\u021bi-le a\u0219a \u0219i nu mai anun\u021ba\u021bi \u00een fiecare zi alt\u0103 tr\u0103znaie doar de dragul de a ar\u0103ta c\u0103 face parte din g\u00e2ndirea \u00abGenialului Carmaci\u00bb sau din la fel de genialul \u00abProgram economic Dragnea-V\u00e2lcov\u00bb!\u201d, scrie Ponta.<\/p>\n<p data-index=\"4\">Fostul premier sugereaz\u0103 c\u0103 ce se \u00eent\u00e2mpl\u0103 acum \u00een PSD \u0219i la guvernare ar avea leg\u0103tur\u0103 cu planurile personale ale actualei conduceri a partidului. \u201e<strong>Oric\u00e2te acuza\u021bii au fost la adresa PSD (comuni\u0219ti, corup\u021bi, baroni, etc.), toat\u0103 lumea a acceptat faptul c\u0103 guvern\u0103rile 2000-2004 \u0219i 2012-2015 au fost cele mai profesioniste \u0219i eficiente din &#8217;89 p\u00e2n\u0103 acum! De ce trebuie s\u0103 stric\u0103m acum acest \u00abbrand\u00bb? Doar pentru c\u0103 unii vor s\u0103 v\u00e2nd\u0103 PSD ca s\u0103 \u00ee\u0219i rezolve propriile dosare penale?<\/strong>\u201d, scrie Ponta.<\/p>\n<p data-index=\"5\">Tot el atrage aten\u021bia c\u0103, fa\u021b\u0103 de perioada actual\u0103, perioadele 2000-2004 \u0219i 2012-2015 se caracterizeaz\u0103\u00a0prin faptul c\u0103 premier era pre\u0219edintele PSD.<\/p>\n<p data-index=\"6\">\u201e<strong>Poate c\u0103 \u0219i acum, dac\u0103 Mihai Tudose va prelua \u0219i conducerea partidului, lucrurile vor reintra pe f\u0103ga\u0219ul bun<\/strong>\u201d, \u00eencheie Ponta.<\/p>\n<\/div>\n<p> Source URL: https:\/\/www.digi24.ro\/stiri\/actualitate\/politica\/ponta-unii-vor-sa-vanda-psd-ca-sa-isi-rezolve-propriile-dosare-penale-768715<\/p>\n","protected":false},"excerpt":{"rendered":"<p>Fostul premier, exclus recent din PSD, lanseaz\u0103 noi atacuri la adresa actualei conduceri a PSD, sus\u021bin\u00e2nd c\u0103 nu ar trebui adoptat\u0103 m\u0103sura mut\u0103rii CAS \u0219i CASS de la angajator la angajat. Totodat\u0103, Ponta spune c\u0103 \u201elucrurile vor reintra pe f\u0103ga\u0219ul bun\u201d dac\u0103 premierul Mihai Tudose \u201eva prelua \u0219i conducerea partidului\u201d. Surs\u0103 foto: INQUAM PHOTOS \/ [&hellip;]<\/p>\n","protected":false},"author":1,"featured_media":136004,"comment_status":"open","ping_status":"","sticky":false,"template":"","format":"standard","meta":{"footnotes":""},"categories":[2],"tags":[11],"class_list":["post-136003","post","type-post","status-publish","format-standard","has-post-thumbnail","hentry","category-politics","tag-digi24"],"_links":{"self":[{"href":"https:\/\/analyse.optim.biz\/index.php?rest_route=\/wp\/v2\/posts\/136003","targetHints":{"allow":["GET"]}}],"collection":[{"href":"https:\/\/analyse.optim.biz\/index.php?rest_route=\/wp\/v2\/posts"}],"about":[{"href":"https:\/\/analyse.optim.biz\/index.php?rest_route=\/wp\/v2\/types\/post"}],"author":[{"embeddable":true,"href":"https:\/\/analyse.optim.biz\/index.php?rest_route=\/wp\/v2\/users\/1"}],"replies":[{"embeddable":true,"href":"https:\/\/analyse.optim.biz\/index.php?rest_route=%2Fwp%2Fv2%2Fcomments&post=136003"}],"version-history":[{"count":0,"href":"https:\/\/analyse.optim.biz\/index.php?rest_route=\/wp\/v2\/posts\/136003\/revisions"}],"wp:featuredmedia":[{"embeddable":true,"href":"https:\/\/analyse.optim.biz\/index.php?rest_route=\/wp\/v2\/media\/136004"}],"wp:attachment":[{"href":"https:\/\/analyse.optim.biz\/index.php?rest_route=%2Fwp%2Fv2%2Fmedia&parent=136003"}],"wp:term":[{"taxonomy":"category","embeddable":true,"href":"https:\/\/analyse.optim.biz\/index.php?rest_route=%2Fwp%2Fv2%2Fcategories&post=136003"},{"taxonomy":"post_tag","embeddable":true,"href":"https:\/\/analyse.optim.biz\/index.php?rest_route=%2Fwp%2Fv2%2Ftags&post=136003"}],"curies":[{"name":"wp","href":"https:\/\/api.w.org\/{rel}","templated":true}]}}