{"id":135994,"date":"2017-07-29T12:50:40","date_gmt":"2017-07-29T09:50:40","guid":{"rendered":"https:\/\/analyse.optim.biz\/?p=135994"},"modified":"2017-07-29T12:50:40","modified_gmt":"2017-07-29T09:50:40","slug":"plata-contributiilor-sociale-de-catre-angajat-orban-e-o-smecherie-fiscala","status":"publish","type":"post","link":"https:\/\/analyse.optim.biz\/?p=135994","title":{"rendered":"Plata contribu\u0163iilor sociale de c\u0103tre angajat. Orban: E o \u015fmecherie fiscal\u0103"},"content":{"rendered":"<div class=\"entry data-app-meta data-app-meta-article\" data-embed-base-url-canonical=\"https:\/\/www.digi24.ro\/embed\/stiri\/actualitate\/politica\/plata-contributiilor-sociale-de-catre-angajat-orban-e-o-smecherie-fiscala-769105\">\n<p data-index=\"1\"><strong>Pre\u015fedintele PNL, Ludovic Orban, a declarat, s\u00e2mb\u0103t\u0103, c\u0103 m\u0103sura transferului pl\u0103\u0163ii contribu\u0163iilor sociale c\u0103tre angajat este o &#8220;improviza\u0163ie&#8221; \u015fi o &#8220;\u015fmecherie fiscal\u0103&#8221;, spun\u00e2nd c\u0103 aceast\u0103 m\u0103sur\u0103 ar putea, de fapt, s\u0103 duc\u0103 la sc\u0103derea salariului net \u00een sectorul public. El a ad\u0103ugat c\u0103 nu \u015ftie pe cine s\u0103 mai cread\u0103 din actualul Guvern, \u00een condi\u0163iile \u00een care premierul Tudose a anun\u0163at c\u0103 aceast\u0103 m\u0103sur\u0103 nu se va aplica, iar \u00een aceea\u015fi zi, ministrul Finan\u0163elor a anun\u0163at contrariul.<\/strong><\/p>\n<figure class=\"article-thumb\"><img decoding=\"async\" src=\"https:\/\/analyse.optim.biz\/wp-content\/uploads\/2024\/09\/mszoyxnoptdinwq4nzhim2zizgu1zmm5ngfhmgu2ztc2mjbim2qy-thumb_.jpg\" alt=\"BUCURESTI - PNL - CONGRES - ALEGERI\" data-skip-htmlfix=\"1\" title=\"mszoyxnoptdinwq4nzhim2zizgu1zmm5ngfhmgu2ztc2mjbim2qy-thumb_\"><figcaption> Foto: Inquam Photos \/ George Calin <\/figcaption><\/figure>\n<p data-index=\"2\">\u00a0<\/p>\n<div>&#8220;Este o improviza\u0163ie, o \u015fmecherie fiscal\u0103 care nu aduce nimic nou, dar s-ar putea s\u0103 ascund\u0103 \u00een spate posibilitatea unei reduceri a salariului net \u00een sectorul public&#8221;, a declarat Ludovic Orban, preciz\u00e2nd c\u0103 s-a &#8220;amuzat copios&#8221; c\u00e2nd premierul Tudose a spus c\u0103 m\u0103sura transferului pl\u0103\u0163ii contribu\u0163iilor sociale c\u0103tre angajat nu va fi aplicat\u0103, iar \u00een aceea\u015fi zi, ministrul Finan\u0163elor a spus c\u0103 va fi introdus\u0103.<\/div>\n<div>\u00a0<\/div>\n<div>\u201eNici nu \u015ftii pe cine s\u0103 mai crezi \u00een actualul Guvern. Nimeni nu \u015ftie la ce se poate a\u015ftepta \u00een materie fiscal\u0103 de la partidul de guvern\u0103m\u00e2nt\u201d, a subliniat Orban.<\/div>\n<div>\u00a0<\/div>\n<div>Citi\u021bi \u0219i:\u00a0<\/div>\n<div><strong><a title=\"title\" href=\"https:\/\/www.digi24.ro\/stiri\/economie\/salariile-romanilor-ar-putea-scadea-cu-peste-16-de-la-1-ianuarie-2017-768591\" data-skip-linkfix=\"1\">Salariile rom\u00e2nilor ar putea sc\u0103dea cu peste 16% anul viitor<\/a><\/strong><\/div>\n<div>\u00a0<\/div>\n<div><a href=\"https:\/\/www.digi24.ro\/stiri\/economie\/pwc-romania-salariile-brute-ar-trebui-sa-creasca-cu-2275-angajatorii-privati-nu-pot-fi-obligati-768551\" target=\"_blank\" rel=\"noopener noreferrer\" data-skip-linkfix=\"1\"><strong>PwC Rom\u00e2nia: Salariile brute ar trebui s\u0103 creasc\u0103 cu 22,75%. Angajatorii priva\u021bi nu pot fi obliga\u021bi<\/strong><\/a><\/div>\n<\/div>\n<p> Source URL: https:\/\/www.digi24.ro\/stiri\/actualitate\/politica\/plata-contributiilor-sociale-de-catre-angajat-orban-e-o-smecherie-fiscala-769105<\/p>\n","protected":false},"excerpt":{"rendered":"<p>Pre\u015fedintele PNL, Ludovic Orban, a declarat, s\u00e2mb\u0103t\u0103, c\u0103 m\u0103sura transferului pl\u0103\u0163ii contribu\u0163iilor sociale c\u0103tre angajat este o &#8220;improviza\u0163ie&#8221; \u015fi o &#8220;\u015fmecherie fiscal\u0103&#8221;, spun\u00e2nd c\u0103 aceast\u0103 m\u0103sur\u0103 ar putea, de fapt, s\u0103 duc\u0103 la sc\u0103derea salariului net \u00een sectorul public. El a ad\u0103ugat c\u0103 nu \u015ftie pe cine s\u0103 mai cread\u0103 din actualul Guvern, \u00een condi\u0163iile [&hellip;]<\/p>\n","protected":false},"author":1,"featured_media":135995,"comment_status":"open","ping_status":"","sticky":false,"template":"","format":"standard","meta":{"footnotes":""},"categories":[2],"tags":[11],"class_list":["post-135994","post","type-post","status-publish","format-standard","has-post-thumbnail","hentry","category-politics","tag-digi24"],"_links":{"self":[{"href":"https:\/\/analyse.optim.biz\/index.php?rest_route=\/wp\/v2\/posts\/135994","targetHints":{"allow":["GET"]}}],"collection":[{"href":"https:\/\/analyse.optim.biz\/index.php?rest_route=\/wp\/v2\/posts"}],"about":[{"href":"https:\/\/analyse.optim.biz\/index.php?rest_route=\/wp\/v2\/types\/post"}],"author":[{"embeddable":true,"href":"https:\/\/analyse.optim.biz\/index.php?rest_route=\/wp\/v2\/users\/1"}],"replies":[{"embeddable":true,"href":"https:\/\/analyse.optim.biz\/index.php?rest_route=%2Fwp%2Fv2%2Fcomments&post=135994"}],"version-history":[{"count":0,"href":"https:\/\/analyse.optim.biz\/index.php?rest_route=\/wp\/v2\/posts\/135994\/revisions"}],"wp:featuredmedia":[{"embeddable":true,"href":"https:\/\/analyse.optim.biz\/index.php?rest_route=\/wp\/v2\/media\/135995"}],"wp:attachment":[{"href":"https:\/\/analyse.optim.biz\/index.php?rest_route=%2Fwp%2Fv2%2Fmedia&parent=135994"}],"wp:term":[{"taxonomy":"category","embeddable":true,"href":"https:\/\/analyse.optim.biz\/index.php?rest_route=%2Fwp%2Fv2%2Fcategories&post=135994"},{"taxonomy":"post_tag","embeddable":true,"href":"https:\/\/analyse.optim.biz\/index.php?rest_route=%2Fwp%2Fv2%2Ftags&post=135994"}],"curies":[{"name":"wp","href":"https:\/\/api.w.org\/{rel}","templated":true}]}}