{"id":135982,"date":"2017-07-29T21:43:47","date_gmt":"2017-07-29T18:43:47","guid":{"rendered":"https:\/\/analyse.optim.biz\/?p=135982"},"modified":"2017-07-29T21:43:47","modified_gmt":"2017-07-29T18:43:47","slug":"hotnews-guvernul-pregateste-modificarea-legii-pensiilor-speciale-pentru-politisti-militari-si-servicii-secrete","status":"publish","type":"post","link":"https:\/\/analyse.optim.biz\/?p=135982","title":{"rendered":"Hotnews: Guvernul preg\u0103te\u015fte modificarea legii pensiilor speciale pentru poli\u0163i\u015fti, militari \u015fi servicii secrete"},"content":{"rendered":"<div class=\"entry data-app-meta data-app-meta-article\" data-embed-base-url-canonical=\"https:\/\/www.digi24.ro\/embed\/stiri\/actualitate\/politica\/hotnews-guvernul-pregateste-modificarea-legea-pensiilor-speciale-pentru-politisti-militari-si-servicii-secrete-769312\">\n<p data-index=\"1\"><strong>Guvernul se preg\u0103te\u015fte s\u0103 adopte s\u0103pt\u0103m\u00e2na viitoare o ordonan\u021b\u0103 de urgen\u021b\u0103 prin care se modific\u0103 Legea pensiilor speciale pentru poli\u0163ie, armat\u0103 \u015fi servicii secrete, relateaz\u0103 <a href=\"http:\/\/www.hotnews.ro\/stiri-esential-21929812-exclusiv-guvernul-pregateste-secret-oug-care-modifica-legea-pensiilor-speciale-pentru-politisti-militari-servicii-secrete.htm\" target=\"_blank\" rel=\"noopener noreferrer\" data-skip-linkfix=\"1\">Hotnews<\/a>, cit\u00e2nd surse guvernamentale.<\/strong><\/p>\n<p data-index=\"2\"><img loading=\"lazy\" decoding=\"async\" class=\"alignnone size-full wp-image-647375\" src=\"https:\/\/analyse.optim.biz\/wp-content\/uploads\/2024\/09\/owuxzmu0yzyxmjnin2u2mgzizdq5m2vlotq5ndg4-thumb_.jpg\" width=\"931\" height=\"455\" data-skip-htmlfix=\"1\" title=\"owuxzmu0yzyxmjnin2u2mgzizdq5m2vlotq5ndg4-thumb_\"><\/p>\n<p data-index=\"3\"><span lang=\"ro-RO\">Proiectul de ordonan\u0163\u0103 este preg\u0103tit de ministrul Muncii, Olgu\u0163a Vasilescu, \u00eempreun\u0103 cu un grup restr\u00e2ns, dar ini\u0163iatorul proiectului ar urma s\u0103 fie Ministerul de Finan\u0163e.<\/span><\/p>\n<p data-index=\"4\"><span lang=\"ro-RO\">Sursele citate de Hotnews mai spun c\u0103 acesta ar fi de fapt motivul pentru care Liviu Dragnea a anun\u0163at convocarea sesiunii extraordinare a Parlamentului pentru miercuri.<\/span><\/p>\n<p data-index=\"5\"><span lang=\"ro-RO\">Proiectul de OUG schimb\u0103 radical modul de calcul al pensiilor speciale, astfel \u00eenc\u00e2t poli\u0163i\u015ftii, militarii \u015fi ofi\u0163erii din serviciile secrete care se vor pensiona \u00een baza noilor reguli vor avea o pensie mult mai mic\u0103 dec\u00e2t dac\u0103 s-ar pensiona \u00een baza legii \u00een vigoare, mai scrie Hotnews.<\/span><\/p>\n<p data-index=\"6\"><strong><span lang=\"ro-RO\">Citi\u021bi mai mult pe acest subiect pe <a href=\"http:\/\/www.hotnews.ro\/stiri-esential-21929812-exclusiv-guvernul-pregateste-secret-oug-care-modifica-legea-pensiilor-speciale-pentru-politisti-militari-servicii-secrete.htm\" target=\"_blank\" rel=\"noopener noreferrer\" data-skip-linkfix=\"1\">Hotnews<\/a>.<\/span><\/strong><\/p>\n<\/div>\n<p> Source URL: https:\/\/www.digi24.ro\/stiri\/actualitate\/politica\/hotnews-guvernul-pregateste-modificarea-legea-pensiilor-speciale-pentru-politisti-militari-si-servicii-secrete-769312<\/p>\n","protected":false},"excerpt":{"rendered":"<p>Guvernul se preg\u0103te\u015fte s\u0103 adopte s\u0103pt\u0103m\u00e2na viitoare o ordonan\u021b\u0103 de urgen\u021b\u0103 prin care se modific\u0103 Legea pensiilor speciale pentru poli\u0163ie, armat\u0103 \u015fi servicii secrete, relateaz\u0103 Hotnews, cit\u00e2nd surse guvernamentale. Proiectul de ordonan\u0163\u0103 este preg\u0103tit de ministrul Muncii, Olgu\u0163a Vasilescu, \u00eempreun\u0103 cu un grup restr\u00e2ns, dar ini\u0163iatorul proiectului ar urma s\u0103 fie Ministerul de Finan\u0163e. Sursele [&hellip;]<\/p>\n","protected":false},"author":1,"featured_media":135983,"comment_status":"open","ping_status":"","sticky":false,"template":"","format":"standard","meta":{"footnotes":""},"categories":[2],"tags":[11],"class_list":["post-135982","post","type-post","status-publish","format-standard","has-post-thumbnail","hentry","category-politics","tag-digi24"],"_links":{"self":[{"href":"https:\/\/analyse.optim.biz\/index.php?rest_route=\/wp\/v2\/posts\/135982","targetHints":{"allow":["GET"]}}],"collection":[{"href":"https:\/\/analyse.optim.biz\/index.php?rest_route=\/wp\/v2\/posts"}],"about":[{"href":"https:\/\/analyse.optim.biz\/index.php?rest_route=\/wp\/v2\/types\/post"}],"author":[{"embeddable":true,"href":"https:\/\/analyse.optim.biz\/index.php?rest_route=\/wp\/v2\/users\/1"}],"replies":[{"embeddable":true,"href":"https:\/\/analyse.optim.biz\/index.php?rest_route=%2Fwp%2Fv2%2Fcomments&post=135982"}],"version-history":[{"count":0,"href":"https:\/\/analyse.optim.biz\/index.php?rest_route=\/wp\/v2\/posts\/135982\/revisions"}],"wp:featuredmedia":[{"embeddable":true,"href":"https:\/\/analyse.optim.biz\/index.php?rest_route=\/wp\/v2\/media\/135983"}],"wp:attachment":[{"href":"https:\/\/analyse.optim.biz\/index.php?rest_route=%2Fwp%2Fv2%2Fmedia&parent=135982"}],"wp:term":[{"taxonomy":"category","embeddable":true,"href":"https:\/\/analyse.optim.biz\/index.php?rest_route=%2Fwp%2Fv2%2Fcategories&post=135982"},{"taxonomy":"post_tag","embeddable":true,"href":"https:\/\/analyse.optim.biz\/index.php?rest_route=%2Fwp%2Fv2%2Ftags&post=135982"}],"curies":[{"name":"wp","href":"https:\/\/api.w.org\/{rel}","templated":true}]}}