{"id":135968,"date":"2017-07-31T00:49:32","date_gmt":"2017-07-30T21:49:32","guid":{"rendered":"https:\/\/analyse.optim.biz\/?p=135968"},"modified":"2017-07-31T00:49:32","modified_gmt":"2017-07-30T21:49:32","slug":"primarul-din-alexandria-a-pus-detectivi-particulari-pe-urmele-postacilor","status":"publish","type":"post","link":"https:\/\/analyse.optim.biz\/?p=135968","title":{"rendered":"Primarul din Alexandria a pus detectivi particulari pe urmele postacilor"},"content":{"rendered":"<div class=\"entry data-app-meta data-app-meta-article\" data-embed-base-url-canonical=\"https:\/\/www.digi24.ro\/embed\/stiri\/actualitate\/politica\/primarul-din-alexandria-a-pus-detectivi-particulari-pe-urmele-postacilor-769745\">\n<p data-index=\"1\"><strong>Cine pl\u0103te\u015fte postacii de pe internet s\u0103 scrie \u015ftiri false despre autorit\u0103\u0163ile \u015fi investi\u0163iile acestora din jude\u0163ul Teleorman? Este \u00eentrebarea la care caut\u0103 r\u0103spuns primarul Alexandriei, iar l\u0103muriri sper\u0103 s\u0103-i aduc\u0103 o anchet\u0103 privat\u0103. Edilul a angajat o echip\u0103 de detectivi particulari, pe banii lui, de la care a\u015fteapt\u0103 dovezi clare, care s\u0103-i sus\u0163in\u0103 suspiciunile. El este sup\u0103rat c\u0103 \u00een ultima vreme, at\u00e2t pe internet, c\u00e2t \u015fi \u00een pres\u0103 au ap\u0103rut mai multe \u015ftiri \u00een care se vorbe\u015fte despre investi\u0163ii din bani publici f\u0103cute de m\u00e2ntuial\u0103 \u015fi despre leg\u0103turi dintre firme din Teleorman care au ob\u0163inut diverse contracte cu statul.<\/strong><\/p>\n<p data-index=\"2\">Articolele critice privind starea S\u0103lii Polivalente \u015fi amplasarea viitorului stadion din Alexandria l-au deranjat \u00een mod deosebit pe primar. El e convins c\u0103 \u00een spatele articolelor din pres\u0103 ar fi interese politice ascunse. Vrea \u00eens\u0103 dovezi concludente care s\u0103-i \u00eent\u0103reasc\u0103 presupunerile, a\u015fa c\u0103 a angajat, pe banii lui, o echip\u0103 de detectivi particulari care s\u0103 fac\u0103 o anchet\u0103.<\/p>\n<p data-index=\"3\">\u201eFac r\u0103u ora\u015fului \u015fi asta m\u0103 intereseaz\u0103. \u015ei asta m\u0103 doare&#8230; Eu, dac\u0103 nu m\u0103 bat pentru ora\u015ful meu \u015fi dac\u0103 nu conving, s-ar putea s\u0103 avem de suferit. \u015ei din acest motiv m-am g\u00e2dit foare serios \u015fi decizia am \u015fi luat-o, s\u0103 vedem totu\u015fi, cu cine comunic\u0103 pentru c\u0103 oamenii de care v\u0103 povestesc, ace\u015fti alex\u0103ndreni, nu sunt nebuni. Adic\u0103, nu sunt oameni care s\u0103 nu aib\u0103 ra\u0163iune \u015fi chiar s\u0103 nu \u015ftie ceea ce scriu\u201d, spune Victor Dr\u0103gu\u015fin, primarul municipiului Alexandria.<\/p>\n<p data-index=\"4\">Ziari\u015ftii acuza\u0163i de primar c\u0103 stric\u0103 imaginea autorit\u0103\u0163ilor spun, \u00eens\u0103, altceva.<\/p>\n<p data-index=\"5\">\u201eEu nu cred c\u0103 imaginea jude\u0163ului o stric\u0103 presa, ci cred c\u0103 imaginea jude\u0163ului o stric\u0103 tocmai oamenii ace\u015ftia politici care nu \u00een\u0163eleg p\u00e2n\u0103 la urm\u0103 care e responsabilitatea lor. Despre Centrul Cultural, de exemplu, am scris \u015fi noi, nu \u00een sens pozitiv, pentru c\u0103 acolo sunt foarte mul\u0163i bani investi\u0163i care nu se cheltuie pentru promovarea culturii\u201d, spune Carmen Dumitrescu. jurnalist \u201eLiber Teleorman\u201d.<\/p>\n<p data-index=\"6\">Despre ancheta comandat\u0103 de primar au aflat \u015fi locuitorii Alexandriei.<\/p>\n<p data-index=\"7\">\u201eFiecare are dreptul s\u0103-\u015fi spun\u0103 o opinia. Eu a\u015fa cred. Nu mi se pare normal s\u0103 angajeze detectivi particulari pentru a\u015fa ceva\u201d, spune un localnic.<\/p>\n<\/div>\n<p> Source URL: https:\/\/www.digi24.ro\/stiri\/actualitate\/politica\/primarul-din-alexandria-a-pus-detectivi-particulari-pe-urmele-postacilor-769745<\/p>\n","protected":false},"excerpt":{"rendered":"<p>Cine pl\u0103te\u015fte postacii de pe internet s\u0103 scrie \u015ftiri false despre autorit\u0103\u0163ile \u015fi investi\u0163iile acestora din jude\u0163ul Teleorman? Este \u00eentrebarea la care caut\u0103 r\u0103spuns primarul Alexandriei, iar l\u0103muriri sper\u0103 s\u0103-i aduc\u0103 o anchet\u0103 privat\u0103. Edilul a angajat o echip\u0103 de detectivi particulari, pe banii lui, de la care a\u015fteapt\u0103 dovezi clare, care s\u0103-i sus\u0163in\u0103 suspiciunile. [&hellip;]<\/p>\n","protected":false},"author":1,"featured_media":135969,"comment_status":"open","ping_status":"","sticky":false,"template":"","format":"standard","meta":{"footnotes":""},"categories":[2],"tags":[11],"class_list":["post-135968","post","type-post","status-publish","format-standard","has-post-thumbnail","hentry","category-politics","tag-digi24"],"_links":{"self":[{"href":"https:\/\/analyse.optim.biz\/index.php?rest_route=\/wp\/v2\/posts\/135968","targetHints":{"allow":["GET"]}}],"collection":[{"href":"https:\/\/analyse.optim.biz\/index.php?rest_route=\/wp\/v2\/posts"}],"about":[{"href":"https:\/\/analyse.optim.biz\/index.php?rest_route=\/wp\/v2\/types\/post"}],"author":[{"embeddable":true,"href":"https:\/\/analyse.optim.biz\/index.php?rest_route=\/wp\/v2\/users\/1"}],"replies":[{"embeddable":true,"href":"https:\/\/analyse.optim.biz\/index.php?rest_route=%2Fwp%2Fv2%2Fcomments&post=135968"}],"version-history":[{"count":0,"href":"https:\/\/analyse.optim.biz\/index.php?rest_route=\/wp\/v2\/posts\/135968\/revisions"}],"wp:featuredmedia":[{"embeddable":true,"href":"https:\/\/analyse.optim.biz\/index.php?rest_route=\/wp\/v2\/media\/135969"}],"wp:attachment":[{"href":"https:\/\/analyse.optim.biz\/index.php?rest_route=%2Fwp%2Fv2%2Fmedia&parent=135968"}],"wp:term":[{"taxonomy":"category","embeddable":true,"href":"https:\/\/analyse.optim.biz\/index.php?rest_route=%2Fwp%2Fv2%2Fcategories&post=135968"},{"taxonomy":"post_tag","embeddable":true,"href":"https:\/\/analyse.optim.biz\/index.php?rest_route=%2Fwp%2Fv2%2Ftags&post=135968"}],"curies":[{"name":"wp","href":"https:\/\/api.w.org\/{rel}","templated":true}]}}