{"id":135766,"date":"2017-08-07T14:33:20","date_gmt":"2017-08-07T11:33:20","guid":{"rendered":"https:\/\/analyse.optim.biz\/?p=135766"},"modified":"2017-08-07T14:33:20","modified_gmt":"2017-08-07T11:33:20","slug":"usr-acuza-psd-alde-ca-vor-sa-anihileze-viitoarele-proteste","status":"publish","type":"post","link":"https:\/\/analyse.optim.biz\/?p=135766","title":{"rendered":"USR acuz\u0103 PSD-ALDE c\u0103 vor s\u0103 anihileze viitoarele proteste"},"content":{"rendered":"<div class=\"entry data-app-meta data-app-meta-article\" data-embed-base-url-canonical=\"https:\/\/www.digi24.ro\/embed\/stiri\/actualitate\/politica\/usr-acuza-psd-alde-ca-vor-sa-anihileze-viitoarele-proteste-773665\">\n<p data-index=\"1\"><strong>Uniunea Salva\u021bi Rom\u00e2nia critic\u0103 propunerile venite din partea ministrului de Interne Carmen Dan cu privire la<a href=\"https:\/\/www.digi24.ro\/stiri\/actualitate\/politica\/mai-cere-pedepse-mai-aspre-pentru-orice-caz-de-ultraj-771837\" data-skip-linkfix=\"1\"> \u00een\u0103sprirea sanc\u021biunilor pentru\u00a0angaja\u021bilor din MAI<\/a>. Totodat\u0103, USR \u00eei acuz\u0103 pe liderii coali\u021biei de guvernare c\u0103 se inspir\u0103 din state precum Turcia \u0219i Rusia.<\/strong><\/p>\n<p data-index=\"2\"><img loading=\"lazy\" decoding=\"async\" class=\"alignnone size-full wp-image-512628\" src=\"https:\/\/analyse.optim.biz\/wp-content\/uploads\/2024\/09\/agfzad0yy2q2ntqyyzy3mdk5mgi2njc2owe3mdrlyzbiytbjmw-thumb_.jpg\" width=\"800\" height=\"533\" data-skip-htmlfix=\"1\" title=\"agfzad0yy2q2ntqyyzy3mdk5mgi2njc2owe3mdrlyzbiytbjmw-thumb_\"><\/p>\n<p data-index=\"3\">\u201e<span lang=\"ro-RO\">\u00cen plin\u0103 vacan\u021b\u0103 de var\u0103, ministrul de Interne Carmen Dan \u00eencearc\u0103 s\u0103 strecoare o modificare a Codului Penal pentru a zdrobi viitoarele proteste care ar &#8220;tulbura&#8221; ordinea \u0219i lini\u0219tea public\u0103. De\u0219i la prima vedere pare a fi o simpl\u0103 schimbare de politic\u0103 penal\u0103, USR semnaleaz\u0103 c\u0103 sunt destule motive de \u00eengrijorare fa\u021b\u0103 de inten\u021biile ascunse ale PSD\u201d, arat\u0103 partidul \u00eentr-un comunicat de pres\u0103.<\/span><\/p>\n<p data-index=\"4\"><span lang=\"ro-RO\">\u201e\u00cen urma unui incident din Suceava, unde un poli\u021bist a fost \u00eenjunghiat \u00een gar\u0103 \u00een plin\u0103 zi, ministrul Carmen Dan a \u00eenaintat trei propuneri legislative de modificare a Codului Penal. Dou\u0103 dintre ele vizeaz\u0103 modific\u0103ri \u00een ceea ce prive\u0219te pedepsele pentru infrac\u021biunile de ultraj \u0219i omor calificat, iar a treia \u00een\u0103spre\u0219te pedeapsa pentru tulburarea ordinii \u0219i lini\u0219tii publice. Modificarea art. 371 din Codul Penal const\u0103 \u00een m\u0103rirea pedepsei pentru tulburarea ordinii \u0219i lini\u0219tii publice cu \u00eenchisoare de la 3 luni la 2 ani, \u00een vechea\u00a0form\u0103, la 1 la 5 ani, \u00een actuala propunere legislativ\u0103. Aceast\u0103 propunere nu are aproape nicio leg\u0103tur\u0103 cu celelalte dou\u0103 \u0219i nici cu incidentul din Suceava, \u00eens\u0103 pare c\u0103 a fost strecurat\u0103 de PSD-ALDE, ca s\u0103 profite de o fals\u0103 justificare\u201d, mai arat\u0103 USR.<br \/><\/span><\/p>\n<p data-index=\"5\"><span lang=\"ro-RO\">\u201eNu sunt trei ani de c\u00e2nd a intrat \u00een vigoare noul Cod Penal, \u00een 2014. S\u0103 ne \u00eentreb\u0103m ce s-a schimbat \u00een decursul acestor ani f\u0103c\u00e2nd necesar\u0103 m\u0103rirea pedepselor? R\u0103spunsul e simplu \u2013 trezirea con\u0219tiin\u021bei civice a oamenilor manifestat\u0103 prin protestele \u00eempotriva corup\u021biei. Acesta este adev\u0103ratul motiv al propunerii legislative. Nu &#8220;asigurarea protec\u021biei efective a celor responsabili cu aplicarea legii&#8221;, a\u0219a cum sus\u021bine ministrul Carmen Dan, \u0219i nici &#8220;percep\u021bia popula\u021biei c\u0103 sistemul judiciar nu este eficient&#8221;. Cet\u0103\u021beanul de r\u00e2nd \u0219i binele comun nu au fost niciodat\u0103 preocuparea principal\u0103 a PSD-ALDE, dimpotriv\u0103, ci protejarea intereselor de grup ale unor oameni ajun\u0219i la v\u00e2rful statului\u201d, a declarat senatorul USR Vlad Alexandrescu.<br \/><\/span><\/p>\n<p data-index=\"6\"><span lang=\"ro-RO\">\u201eEra de a\u0219teptat ca dup\u0103 \u00eencetarea protestelor din iarn\u0103, coali\u021bia de guvernare s\u0103 \u00eenceap\u0103 din nou ofensiva \u00eempotriva societ\u0103\u021bii civile. Protestatarii de bun\u0103 credin\u021b\u0103, cei care au ie\u0219it \u00een strad\u0103 \u00eempotriva OUG 13, reprezint\u0103 o amenin\u021bare la adresa vechii clase politice. Din protestele pentru Ro\u0219ia Montan\u0103 \u0219i din cele ce au continuat, vechii politicieni nu au \u00een\u021beles dec\u00e2t pericolul la adresa propriilor pozi\u021bii, la ad\u0103postul c\u0103rora vegheaz\u0103 la r\u0103sp\u00e2ndirea corup\u021biei \u0219i a abuzului. Ordinea \u0219i lini\u0219tea public\u0103 sunt ap\u0103rate prin legi penale ori contraven\u021bii \u00een aproape toate statele din lume. \u00cen ultimii ani \u00eens\u0103, statele care au promovat \u00een\u0103sprirea m\u0103surilor sunt tocmai acelea care au intrat \u00eentr-o deriv\u0103 autoritar\u0103 tot mai accentuat\u0103. \u00cen state precum Turcia \u0219i Rusia pedepsele pentru tulburarea ordinii \u0219i lini\u0219tii publice s-au \u00een\u0103sprit pe m\u0103sur\u0103 ce unii politicieni au acaparat mai multe institu\u021bii \u0219i putere \u0219i au dorit s\u0103 \u00ee\u0219i asigure pozi\u021biile de for\u021b\u0103\u201d, mai atrage aten\u021bia USR.<\/span><\/p>\n<p data-index=\"7\">\u00a0<\/p>\n<\/div>\n<p> Source URL: https:\/\/www.digi24.ro\/stiri\/actualitate\/politica\/usr-acuza-psd-alde-ca-vor-sa-anihileze-viitoarele-proteste-773665<\/p>\n","protected":false},"excerpt":{"rendered":"<p>Uniunea Salva\u021bi Rom\u00e2nia critic\u0103 propunerile venite din partea ministrului de Interne Carmen Dan cu privire la \u00een\u0103sprirea sanc\u021biunilor pentru\u00a0angaja\u021bilor din MAI. Totodat\u0103, USR \u00eei acuz\u0103 pe liderii coali\u021biei de guvernare c\u0103 se inspir\u0103 din state precum Turcia \u0219i Rusia. \u201e\u00cen plin\u0103 vacan\u021b\u0103 de var\u0103, ministrul de Interne Carmen Dan \u00eencearc\u0103 s\u0103 strecoare o modificare a [&hellip;]<\/p>\n","protected":false},"author":1,"featured_media":135767,"comment_status":"open","ping_status":"","sticky":false,"template":"","format":"standard","meta":{"footnotes":""},"categories":[2],"tags":[11],"class_list":["post-135766","post","type-post","status-publish","format-standard","has-post-thumbnail","hentry","category-politics","tag-digi24"],"_links":{"self":[{"href":"https:\/\/analyse.optim.biz\/index.php?rest_route=\/wp\/v2\/posts\/135766","targetHints":{"allow":["GET"]}}],"collection":[{"href":"https:\/\/analyse.optim.biz\/index.php?rest_route=\/wp\/v2\/posts"}],"about":[{"href":"https:\/\/analyse.optim.biz\/index.php?rest_route=\/wp\/v2\/types\/post"}],"author":[{"embeddable":true,"href":"https:\/\/analyse.optim.biz\/index.php?rest_route=\/wp\/v2\/users\/1"}],"replies":[{"embeddable":true,"href":"https:\/\/analyse.optim.biz\/index.php?rest_route=%2Fwp%2Fv2%2Fcomments&post=135766"}],"version-history":[{"count":0,"href":"https:\/\/analyse.optim.biz\/index.php?rest_route=\/wp\/v2\/posts\/135766\/revisions"}],"wp:featuredmedia":[{"embeddable":true,"href":"https:\/\/analyse.optim.biz\/index.php?rest_route=\/wp\/v2\/media\/135767"}],"wp:attachment":[{"href":"https:\/\/analyse.optim.biz\/index.php?rest_route=%2Fwp%2Fv2%2Fmedia&parent=135766"}],"wp:term":[{"taxonomy":"category","embeddable":true,"href":"https:\/\/analyse.optim.biz\/index.php?rest_route=%2Fwp%2Fv2%2Fcategories&post=135766"},{"taxonomy":"post_tag","embeddable":true,"href":"https:\/\/analyse.optim.biz\/index.php?rest_route=%2Fwp%2Fv2%2Ftags&post=135766"}],"curies":[{"name":"wp","href":"https:\/\/api.w.org\/{rel}","templated":true}]}}