{"id":135753,"date":"2017-08-07T15:57:37","date_gmt":"2017-08-07T12:57:37","guid":{"rendered":"https:\/\/analyse.optim.biz\/?p=135753"},"modified":"2017-08-07T15:57:37","modified_gmt":"2017-08-07T12:57:37","slug":"parlamentul-convocat-marti-in-sesiune-extraordinara-pentru-discutarea-oug-urilor-privind-pensiile-si-indemnizatiile","status":"publish","type":"post","link":"https:\/\/analyse.optim.biz\/?p=135753","title":{"rendered":"Parlamentul, convocat mar\u0163i \u00een sesiune extraordinar\u0103, pentru discutarea OUG-urilor privind pensiile \u015fi indemniza\u0163iile"},"content":{"rendered":"<div class=\"entry data-app-meta data-app-meta-article\" data-embed-base-url-canonical=\"https:\/\/www.digi24.ro\/embed\/stiri\/actualitate\/politica\/parlamentul-convocat-marti-in-sesiune-extraordinara-pentru-discutarea-oug-urilor-privind-pensiile-si-indemnizatiile-773713\">\n<p data-index=\"1\"><strong>Camera Deputa\u0163ilor \u015fi Senatul vor fi convocate \u00een sesiune extraordinar\u0103, \u00eencep\u00e2nd de mar\u0163i, pentru a fi introduse pe ordinea de zi OUG-urile adoptate vineri, privind pensiile speciale, indemniza\u0163iile pentru cre\u015fterea copilului \u015fi salariile poli\u0163i\u015ftilor, relateaz\u0103 News.ro.<\/strong><\/p>\n<figure class=\"article-thumb\"><img decoding=\"async\" src=\"https:\/\/analyse.optim.biz\/wp-content\/uploads\/2024\/09\/ptemagfzad1jogezyjnlm2jhngfinjjknjhkzmu3otczmwrlnzfinq-thumb_-1.jpg\" alt=\"parlament\" data-skip-htmlfix=\"1\" title=\"ptemagfzad1jogezyjnlm2jhngfinjjknjhkzmu3otczmwrlnzfinq-thumb_-1\"><figcaption> Foto: Inquam Photos <\/figcaption><\/figure>\n<p data-index=\"2\">Anun\u0163ul a fost f\u0103cut de pre\u015fedintele ALDE, C\u0103lin Popescu T\u0103riceanu, la finalul \u015fedin\u0163ei de coali\u0163ie.<\/p>\n<p data-index=\"3\">Camera Deputa\u0163ilor va fi convocat\u0103 \u00een \u015fedin\u0163\u0103 mar\u0163i, de la ora 11.00, odat\u0103 cu Biroul Permanent. Senatul va fi convocat la ora 14.00, c\u00e2nd este programat\u0103 \u015fedin\u0163a BP.<\/p>\n<p data-index=\"4\">Sesiunea extraordinar\u0103 este necesar\u0103 pentru ca OUG-urile adoptate viner de Guvern s\u0103 poat\u0103 intra \u00een vigoare, ele depinz\u00e2nd de depunerea lor \u00een Parlament.<\/p>\n<p data-index=\"5\">Prima \u00eencercare de convocare a acestei sesiuni a avut loc s\u0103pt\u0103m\u00e2na trecut\u0103, \u00eens\u0103 ea a fost am\u00e2nat\u0103, f\u0103r\u0103 a fi oferite explica\u0163ii.<\/p>\n<p data-index=\"6\">Guvernul a adoptat, vineri, o OUG prin care se plafoneaz\u0103 pensiile speciale, care nu mai pot dep\u0103\u015fi valoarea salariilor aflate \u00een plat\u0103 \u00een baza c\u0103rora s-a calculat pensia, \u015fi o OUG privind plafonarea indemniza\u0163iilor pentru cre\u015fterea copilului la 8.500 lei, precum \u015fi o OUG prin care au fost m\u0103rite salariile poli\u0163i\u015ftilor cu 10% \u015fi cu 15% salariile personalului civil din institu\u0163iile de siguran\u0163\u0103 na\u0163ional\u0103.<\/p>\n<\/div>\n<p> Source URL: https:\/\/www.digi24.ro\/stiri\/actualitate\/politica\/parlamentul-convocat-marti-in-sesiune-extraordinara-pentru-discutarea-oug-urilor-privind-pensiile-si-indemnizatiile-773713<\/p>\n","protected":false},"excerpt":{"rendered":"<p>Camera Deputa\u0163ilor \u015fi Senatul vor fi convocate \u00een sesiune extraordinar\u0103, \u00eencep\u00e2nd de mar\u0163i, pentru a fi introduse pe ordinea de zi OUG-urile adoptate vineri, privind pensiile speciale, indemniza\u0163iile pentru cre\u015fterea copilului \u015fi salariile poli\u0163i\u015ftilor, relateaz\u0103 News.ro. Foto: Inquam Photos Anun\u0163ul a fost f\u0103cut de pre\u015fedintele ALDE, C\u0103lin Popescu T\u0103riceanu, la finalul \u015fedin\u0163ei de coali\u0163ie. Camera [&hellip;]<\/p>\n","protected":false},"author":1,"featured_media":135754,"comment_status":"open","ping_status":"","sticky":false,"template":"","format":"standard","meta":{"footnotes":""},"categories":[2],"tags":[11],"class_list":["post-135753","post","type-post","status-publish","format-standard","has-post-thumbnail","hentry","category-politics","tag-digi24"],"_links":{"self":[{"href":"https:\/\/analyse.optim.biz\/index.php?rest_route=\/wp\/v2\/posts\/135753","targetHints":{"allow":["GET"]}}],"collection":[{"href":"https:\/\/analyse.optim.biz\/index.php?rest_route=\/wp\/v2\/posts"}],"about":[{"href":"https:\/\/analyse.optim.biz\/index.php?rest_route=\/wp\/v2\/types\/post"}],"author":[{"embeddable":true,"href":"https:\/\/analyse.optim.biz\/index.php?rest_route=\/wp\/v2\/users\/1"}],"replies":[{"embeddable":true,"href":"https:\/\/analyse.optim.biz\/index.php?rest_route=%2Fwp%2Fv2%2Fcomments&post=135753"}],"version-history":[{"count":0,"href":"https:\/\/analyse.optim.biz\/index.php?rest_route=\/wp\/v2\/posts\/135753\/revisions"}],"wp:featuredmedia":[{"embeddable":true,"href":"https:\/\/analyse.optim.biz\/index.php?rest_route=\/wp\/v2\/media\/135754"}],"wp:attachment":[{"href":"https:\/\/analyse.optim.biz\/index.php?rest_route=%2Fwp%2Fv2%2Fmedia&parent=135753"}],"wp:term":[{"taxonomy":"category","embeddable":true,"href":"https:\/\/analyse.optim.biz\/index.php?rest_route=%2Fwp%2Fv2%2Fcategories&post=135753"},{"taxonomy":"post_tag","embeddable":true,"href":"https:\/\/analyse.optim.biz\/index.php?rest_route=%2Fwp%2Fv2%2Ftags&post=135753"}],"curies":[{"name":"wp","href":"https:\/\/api.w.org\/{rel}","templated":true}]}}