{"id":135733,"date":"2017-08-07T16:47:22","date_gmt":"2017-08-07T13:47:22","guid":{"rendered":"https:\/\/analyse.optim.biz\/?p=135733"},"modified":"2017-08-07T16:47:22","modified_gmt":"2017-08-07T13:47:22","slug":"e-oficial-emmanuel-macron-vine-in-romania-iar-data-a-fost-fixata","status":"publish","type":"post","link":"https:\/\/analyse.optim.biz\/?p=135733","title":{"rendered":"E oficial. Emmanuel Macron vine \u00een Rom\u00e2nia, iar data a fost fixat\u0103"},"content":{"rendered":"<div class=\"entry data-app-meta data-app-meta-article\" data-embed-base-url-canonical=\"https:\/\/www.digi24.ro\/embed\/stiri\/actualitate\/e-oficial-emmanuel-macron-vine-in-romania-iar-data-a-fost-fixata-773750\">\n<p data-index=\"1\"><strong>Pre\u015fedintele Fran\u0163ei, Emmanuel Macron, va vizita Rom\u00e2nia \u00een 24 august, urm\u00e2nd a sus\u0163ine o conferin\u0163\u0103 de pres\u0103 comun\u0103 cu omologul s\u0103u, Klaus Iohannis, transmite Palatul Cotroceni.<\/strong><\/p>\n<p data-index=\"2\"><img loading=\"lazy\" decoding=\"async\" class=\"alignnone size-full wp-image-748408\" src=\"https:\/\/analyse.optim.biz\/wp-content\/uploads\/2024\/09\/yzcxmtaznddmnwi1odfhn2mwzmrjyjmyzjg5odu0ogq-thumb_.jpg\" width=\"1300\" height=\"731\" data-skip-htmlfix=\"1\" title=\"yzcxmtaznddmnwi1odfhn2mwzmrjyjmyzjg5odu0ogq-thumb_\"><\/p>\n<p data-index=\"3\">&#8220;La invita\u021bia Pre\u0219edintelui Rom\u00e2niei, domnul Klaus Iohannis, Pre\u0219edintele Republicii Franceze, domnul Emmanuel Macron, va efectua, \u00een data de 24 august a.c., o vizit\u0103 \u00een Rom\u00e2nia. Discu\u021biile care vor avea loc la Palatul Cotroceni se vor concentra pe dezvoltarea \u0219i aprofundarea rela\u021biei bilaterale de Parteneriat Strategic, precum \u015fi pe principalele subiecte aflate pe agenda european\u0103, interna\u021bional\u0103 \u015fi de securitate. La finalul \u00eentrevederii cei doi Pre\u0219edin\u021bi vor sus\u021bine o conferin\u021b\u0103 de pres\u0103 comun\u0103. Aceast\u0103 vizit\u0103 a fost convenit\u0103 cu prilejul \u00eentrevederii avute de Pre\u015fedin\u0163ii Rom\u00e2niei \u015fi Fran\u0163ei \u00een marja reuniunii Consiliului European din 23 iunie a.c., ocazie cu care Pre\u0219edintele Emmanuel Macron a acceptat propunerea Pre\u0219edintelui Klaus Iohannis de a continua dialogul la Bucure\u0219ti&#8221;, se arat\u0103 \u00een <a href=\"http:\/\/www.presidency.ro\/ro\/media\/comunicate-de-presa\/vizita-in-romania-a-presedintelui-republicii-franceze-domnul-emmanuel-macron\" data-skip-linkfix=\"1\">comunicatul de pres\u0103 al Administra\u0163iei Preziden\u0163iale de la Bucure\u015fti<\/a>.<\/p>\n<p data-index=\"4\">Dup\u0103 \u00eent\u00e2lnirea din 23 iunie, de la Bruxelles, <a href=\"https:\/\/www.digi24.ro\/stiri\/actualitate\/klaus-iohannis-se-intalneste-cu-emmanuel-macron-748154\" data-skip-linkfix=\"1\">Iohannis a ar\u0103tat c\u0103 discu\u0163ia cu liderul de la Paris a fost\u00a0\u201efoarte, foarte bun\u0103\u201d<\/a> \u015fi s-a convenit ca Rom\u00e2nia \u015fi Fran\u0163a s\u0103 colaboreze \u00een vederea \u00eent\u0103ririi unor formate europene. Pre\u015fedintele Iohannis mai spunea la acea dat\u0103 c\u0103\u00a0au fost abordate teme precum Schengen, bugetul zonei euro \u015fi situa\u0163ia muncitorilor deta\u015fa\u0163i.<\/p>\n<p data-index=\"5\">Ultima vizit\u0103 a unui pre\u015fedinte al Fran\u0163ei \u00een Rom\u00e2nia este de dat\u0103 relativ recent\u0103 &#8211;\u00a0<a href=\"http:\/\/www.digi24.ro\/stiri\/actualitate\/evenimente\/francois-hollande-incepe-azi-prima-sa-vizita-in-romania-565060\" data-skip-linkfix=\"1\">jum\u0103tatea lunii septembrie 2016.<\/a>\u00a0Aflat pe ultima sut\u0103 de metri a mandatului s\u0103u, Fran\u00e7ois Hollande a fost primit la Palatul Cotroceni de omologul s\u0103u, Klaus Iohannis.<\/p>\n<p data-index=\"6\"><strong>Citi\u0163i \u015fi:\u00a0<\/strong><a href=\"https:\/\/www.digi24.ro\/stiri\/actualitate\/politica\/cum-si-a-inceput-macron-relatia-cu-romania-chiar-inainte-de-a-deveni-presedinte-748547\" data-skip-linkfix=\"1\">Cum \u015fi-a \u00eenceput Macron rela\u0163ia cu Rom\u00e2nia chiar \u00eenainte de a deveni pre\u015fedinte<\/a><\/p>\n<\/div>\n<p> Source URL: https:\/\/www.digi24.ro\/stiri\/actualitate\/e-oficial-emmanuel-macron-vine-in-romania-iar-data-a-fost-fixata-773750<\/p>\n","protected":false},"excerpt":{"rendered":"<p>Pre\u015fedintele Fran\u0163ei, Emmanuel Macron, va vizita Rom\u00e2nia \u00een 24 august, urm\u00e2nd a sus\u0163ine o conferin\u0163\u0103 de pres\u0103 comun\u0103 cu omologul s\u0103u, Klaus Iohannis, transmite Palatul Cotroceni. &#8220;La invita\u021bia Pre\u0219edintelui Rom\u00e2niei, domnul Klaus Iohannis, Pre\u0219edintele Republicii Franceze, domnul Emmanuel Macron, va efectua, \u00een data de 24 august a.c., o vizit\u0103 \u00een Rom\u00e2nia. Discu\u021biile care vor avea [&hellip;]<\/p>\n","protected":false},"author":1,"featured_media":135734,"comment_status":"open","ping_status":"","sticky":false,"template":"","format":"standard","meta":{"footnotes":""},"categories":[2],"tags":[11],"class_list":["post-135733","post","type-post","status-publish","format-standard","has-post-thumbnail","hentry","category-politics","tag-digi24"],"_links":{"self":[{"href":"https:\/\/analyse.optim.biz\/index.php?rest_route=\/wp\/v2\/posts\/135733","targetHints":{"allow":["GET"]}}],"collection":[{"href":"https:\/\/analyse.optim.biz\/index.php?rest_route=\/wp\/v2\/posts"}],"about":[{"href":"https:\/\/analyse.optim.biz\/index.php?rest_route=\/wp\/v2\/types\/post"}],"author":[{"embeddable":true,"href":"https:\/\/analyse.optim.biz\/index.php?rest_route=\/wp\/v2\/users\/1"}],"replies":[{"embeddable":true,"href":"https:\/\/analyse.optim.biz\/index.php?rest_route=%2Fwp%2Fv2%2Fcomments&post=135733"}],"version-history":[{"count":0,"href":"https:\/\/analyse.optim.biz\/index.php?rest_route=\/wp\/v2\/posts\/135733\/revisions"}],"wp:featuredmedia":[{"embeddable":true,"href":"https:\/\/analyse.optim.biz\/index.php?rest_route=\/wp\/v2\/media\/135734"}],"wp:attachment":[{"href":"https:\/\/analyse.optim.biz\/index.php?rest_route=%2Fwp%2Fv2%2Fmedia&parent=135733"}],"wp:term":[{"taxonomy":"category","embeddable":true,"href":"https:\/\/analyse.optim.biz\/index.php?rest_route=%2Fwp%2Fv2%2Fcategories&post=135733"},{"taxonomy":"post_tag","embeddable":true,"href":"https:\/\/analyse.optim.biz\/index.php?rest_route=%2Fwp%2Fv2%2Ftags&post=135733"}],"curies":[{"name":"wp","href":"https:\/\/api.w.org\/{rel}","templated":true}]}}