{"id":135550,"date":"2017-08-13T16:21:50","date_gmt":"2017-08-13T13:21:50","guid":{"rendered":"https:\/\/analyse.optim.biz\/?p=135550"},"modified":"2017-08-13T16:21:50","modified_gmt":"2017-08-13T13:21:50","slug":"klaus-iohannis-cu-vicepremierul-shhaideh-la-intalnirea-sasilor","status":"publish","type":"post","link":"https:\/\/analyse.optim.biz\/?p=135550","title":{"rendered":"Klaus Iohannis cu vicepremierul Shhaideh, la \u00eent\u00e2lnirea sa\u0219ilor"},"content":{"rendered":"<div class=\"entry data-app-meta data-app-meta-article\" data-embed-base-url-canonical=\"https:\/\/www.digi24.ro\/embed\/stiri\/actualitate\/politica\/klaus-iohannis-cu-ministrul-shhaideh-la-intalnirea-sasilor-776698\">\n<p data-index=\"1\"><strong>Pre\u015fedintele Klaus Iohannis, vicepremierul Sevil Shhaideh \u015fi ambasadorul Rom\u00e2niei \u00een Germania, Emil Hurezeanu, au fost azi la Cri\u0163, la cel mai mare festival al sa\u015filor. Se nume\u015fte S\u0103pt\u0103m\u00e2na Haferland, un eventiment la care estimarea de participare, pe toat\u0103 durata evenimentului, este de peste 10.000 de oameni.<\/strong><\/p>\n<p data-index=\"2\"><span lang=\"ro-RO\">Fanfara a r\u0103sunat \u00een Cri\u0163. Zilele acestea are loc festivalul dedicat comunit\u0103\u0163ii s\u0103se\u015fti din Transilvania. Iar unul dintre oaspe\u0163i a fost pre\u015fedintele<\/span><\/p>\n<p data-index=\"3\"><span lang=\"ro-RO\">Klaus Iohannis: M\u0103 bucur c\u0103 am ajuns aici. Nu e pentru mine prima participare aici la Cri\u021b. Deja dintr-un mic tur, am v\u0103zut ca lucrurile avanseaz\u0103 de la an la an. Sunt bucuros s\u0103 constat c\u0103 nu numai oficialit\u0103\u021bi au venit aici, ci \u0219i oameni simpli, ceea ce pentru mine arat\u0103 c\u0103 aceast\u0103 comunitate recap\u0103t\u0103 vigoare.<\/span><\/p>\n<p data-index=\"4\">La eveniment au participat \u015fi ambasadorul Rom\u00e2niei \u00een Germania, Emil Hurezeanu, dar \u015fi vicepremierul Sevil Shhaideh, pentru prima oar\u0103 \u00een vizit\u0103 la Cri\u0163. \u201eDoamnelor \u015fi domnilor, \u00eemi pare r\u0103u, eu nu vorbesc german\u0103, dar \u00een\u0163eleg vocea sufletului \u015fi a inimii\u201d, a spus Sevil Shhaideh, \u00eentr-un amestec de german\u0103 \u0219i englez\u0103.<\/p>\n<p data-index=\"5\">\u201e<span lang=\"ro-RO\">Sper din toat\u0103 inima mea, cu toate puterile pe care le am ca vicepremier \u015fi ministru al Dezvolt\u0103rii, impreun\u0103 s\u0103 dezvolt\u0103m aceast\u0103 zon\u0103, s\u0103 aducem nu numai turi\u015fti, ci s\u0103-i aducem pe sa\u015fi \u015fi nu numai. Permite\u0163i-mi s\u0103 m\u0103 consider \u0219i eu un mic sa\u015f, aici la dumneavoastr\u0103\u201d.<\/span><\/p>\n<p data-index=\"6\"><span lang=\"ro-RO\">Festivalul reune\u015fte, anual, \u00een 10 localit\u0103\u0163i din Transilvania, sa\u015fii pleca\u0163i din Rom\u00e2nia, dar \u015fi pe cei care au r\u0103mas aici. <\/span><\/p>\n<\/div>\n<p> Source URL: https:\/\/www.digi24.ro\/stiri\/actualitate\/politica\/klaus-iohannis-cu-ministrul-shhaideh-la-intalnirea-sasilor-776698<\/p>\n","protected":false},"excerpt":{"rendered":"<p>Pre\u015fedintele Klaus Iohannis, vicepremierul Sevil Shhaideh \u015fi ambasadorul Rom\u00e2niei \u00een Germania, Emil Hurezeanu, au fost azi la Cri\u0163, la cel mai mare festival al sa\u015filor. Se nume\u015fte S\u0103pt\u0103m\u00e2na Haferland, un eventiment la care estimarea de participare, pe toat\u0103 durata evenimentului, este de peste 10.000 de oameni. Fanfara a r\u0103sunat \u00een Cri\u0163. Zilele acestea are loc [&hellip;]<\/p>\n","protected":false},"author":1,"featured_media":135551,"comment_status":"open","ping_status":"","sticky":false,"template":"","format":"standard","meta":{"footnotes":""},"categories":[2],"tags":[11],"class_list":["post-135550","post","type-post","status-publish","format-standard","has-post-thumbnail","hentry","category-politics","tag-digi24"],"_links":{"self":[{"href":"https:\/\/analyse.optim.biz\/index.php?rest_route=\/wp\/v2\/posts\/135550","targetHints":{"allow":["GET"]}}],"collection":[{"href":"https:\/\/analyse.optim.biz\/index.php?rest_route=\/wp\/v2\/posts"}],"about":[{"href":"https:\/\/analyse.optim.biz\/index.php?rest_route=\/wp\/v2\/types\/post"}],"author":[{"embeddable":true,"href":"https:\/\/analyse.optim.biz\/index.php?rest_route=\/wp\/v2\/users\/1"}],"replies":[{"embeddable":true,"href":"https:\/\/analyse.optim.biz\/index.php?rest_route=%2Fwp%2Fv2%2Fcomments&post=135550"}],"version-history":[{"count":0,"href":"https:\/\/analyse.optim.biz\/index.php?rest_route=\/wp\/v2\/posts\/135550\/revisions"}],"wp:featuredmedia":[{"embeddable":true,"href":"https:\/\/analyse.optim.biz\/index.php?rest_route=\/wp\/v2\/media\/135551"}],"wp:attachment":[{"href":"https:\/\/analyse.optim.biz\/index.php?rest_route=%2Fwp%2Fv2%2Fmedia&parent=135550"}],"wp:term":[{"taxonomy":"category","embeddable":true,"href":"https:\/\/analyse.optim.biz\/index.php?rest_route=%2Fwp%2Fv2%2Fcategories&post=135550"},{"taxonomy":"post_tag","embeddable":true,"href":"https:\/\/analyse.optim.biz\/index.php?rest_route=%2Fwp%2Fv2%2Ftags&post=135550"}],"curies":[{"name":"wp","href":"https:\/\/api.w.org\/{rel}","templated":true}]}}