{"id":135547,"date":"2017-08-13T17:55:30","date_gmt":"2017-08-13T14:55:30","guid":{"rendered":"https:\/\/analyse.optim.biz\/?p=135547"},"modified":"2017-08-13T17:55:30","modified_gmt":"2017-08-13T14:55:30","slug":"tudose-catre-romanii-plecati-din-tara-am-convingerea-ca-aveti-de-ce-sa-va-intoarceti","status":"publish","type":"post","link":"https:\/\/analyse.optim.biz\/?p=135547","title":{"rendered":"Tudose, c\u0103tre rom\u00e2nii pleca\u021bi din \u021bar\u0103: Am convingerea c\u0103 ave\u021bi de ce s\u0103 v\u0103 \u00eentoarce\u021bi"},"content":{"rendered":"<div class=\"entry data-app-meta data-app-meta-article\" data-embed-base-url-canonical=\"https:\/\/www.digi24.ro\/embed\/stiri\/actualitate\/politica\/tudose-catre-romanii-plecati-din-tara-am-convingerea-ca-aveti-de-ce-sa-va-intoarceti-776726\">\n<p data-index=\"1\"><strong>Premierul Mihai Tudose afirm\u0103, \u00eentr-o postare pe Facebook, c\u0103 experien\u021ba \u0219i cuno\u0219tin\u021bele acumulate \u00een str\u0103in\u0103tate de rom\u00e2nii pleca\u021bi la munc\u0103 sunt bine primite \u00een domeniile de activitate din Rom\u00e2nia, el ad\u0103ug\u00e2nd c\u0103 are convingerea c\u0103 ace\u0219tia au de ce s\u0103 se \u00eentoarc\u0103 acas\u0103, informeaz\u0103 <a href=\"https:\/\/www.agerpres.ro\/politica\/2017\/08\/13\/tudose-catre-romanii-plecati-din-tara-am-convingerea-ca-aveti-de-ce-sa-va-intoarceti-sa-lucrati-acasa-17-22-13\" data-skip-linkfix=\"1\">Agerpres.<\/a><\/strong><\/p>\n<p data-index=\"2\"><img loading=\"lazy\" decoding=\"async\" class=\"alignnone size-full wp-image-776728\" src=\"https:\/\/analyse.optim.biz\/wp-content\/uploads\/2024\/09\/cgcmdz04mdamagfzad05mtaxogqzzta2yjqwogi2m2m3mde1mzayywq3mmqwmq-thumb_-1.jpg\" width=\"1414\" height=\"944\" data-skip-htmlfix=\"1\" title=\"cgcmdz04mdamagfzad05mtaxogqzzta2yjqwogi2m2m3mde1mzayywq3mmqwmq-thumb_-1\"><\/p>\n<p data-index=\"3\">\u201e<span lang=\"ro-RO\">Am convingerea c\u0103 rom\u00e2nii afla\u021bi la munc\u0103 peste grani\u021be au de ce s\u0103 se \u00eentoarc\u0103 acas\u0103, iar experien\u021ba \u0219i cuno\u0219tin\u021bele acumulate \u00een str\u0103in\u0103tate sunt bine primite \u00een domeniile dumneavoastr\u0103. V\u0103 a\u0219tept\u0103m cu drag \u00eenapoi acas\u0103 \u0219i avem \u00eencredere c\u0103 \u00eempreun\u0103 putem contribui la o Rom\u00e2nie mai bun\u0103!\u201d, afirm\u0103 \u0219eful Guvernului, \u00een concluzia post\u0103rii sale.\u00a0<\/span><\/p>\n<p data-index=\"4\"><span lang=\"ro-RO\">El prezint\u0103 \u00een comentariul postat pe pagina de socializare \u00eentreb\u0103rile primite de la familia de rom\u00e2ni. &#8220;Doamna Maria Palliu are o \u00eentrebare foarte bun\u0103 \u0219i cred c\u0103 intereseaz\u0103 pe mul\u021bi rom\u00e2ni care au ales sau au fost nevoi\u021bi s\u0103 munceasc\u0103 \u00een str\u0103in\u0103tate. M\u0103 \u00eentreab\u0103 &#8216;Dac\u0103 eu \u0219i sotul meu dorim s\u0103 ne \u00eentoarcem \u00een \u021bar\u0103, putem g\u0103si loc de munc\u0103 bine pl\u0103tit? \u00cen Bucure\u0219ti? Eu \u00een domeniul s\u0103n\u0103t\u0103\u021bii \u0219i so\u021bul meu ca jurist? Unde lucr\u0103m c\u00e2\u0219tig\u0103m bine, dar sufletul ne este tot acas\u0103, tot cu \u021bara noastr\u0103 \u00een suflet tr\u0103im pe aici. \u00cemi doresc s\u0103 \u0219tiu dac\u0103 chiar se fac pa\u0219i spre a se oferi locuri de munc\u0103 bine pl\u0103tite ca s\u0103 ne putem \u00eentoarce? Mul\u021bumesc pentru r\u0103spunsul dvs. Presupun c\u0103 \u00eel voi \u0219i primi. Maria \u0219i Ion Palliu&#8230;&#8217;.<\/span><\/p>\n<p data-index=\"5\"><span lang=\"ro-RO\">Premierul le explic\u0103 celor doi rom\u00e2ni c\u0103 \u00een s\u0103n\u0103tate este nevoie de oameni bine preg\u0103ti\u021bi, iar cre\u0219terea remunera\u021biei cadrelor medicale va continua, iar \u00een domeniul juridic &#8220;sunt oportunit\u0103\u021bi numeroase at\u00e2t \u00een mediul public, c\u00e2t \u0219i \u00een cel privat&#8221;<\/span><\/p>\n<p data-index=\"6\">&#8220;\u0218tiu c\u0103 este greu \u00een str\u0103in\u0103tate \u0219i nu de bine a\u021bi plecat din \u021bar\u0103, dar m\u0103 bucur c\u0103 sufletul \u0219i g\u00e2ndul v\u0103 este tot \u00een Rom\u00e2nia. Tot timpul avem nevoie de oameni bine preg\u0103ti\u021bi \u00een toate domeniile, dar mai ales \u00een domeniul s\u0103n\u0103t\u0103\u021bii, unde am demarat o ampl\u0103 campanie pentru a remedia problemele sistemice, inclusiv \u00een ceea ce prive\u0219te remunera\u021bia cadrelor (de la \u00eenceputul anului, salariile au crescut cu 15% \u0219i vrem s\u0103 continu\u0103m s\u0103 le cre\u0219tem \u2014 Legea salariz\u0103rii unitare prevede cre\u0219teri salariale semnificative)&#8221;, argumenteaz\u0103 premierul.<\/p>\n<p data-index=\"7\">Totodat\u0103, el concluzioneaz\u0103 c\u0103 <strong>lucrurile \u00een \u021bar\u0103 &#8221;merg \u00eentr-o direc\u021bie bun\u0103&#8217;<\/strong>&#8216;. &#8220;Rom\u00e2nia pe care vrem s\u0103 le-o oferim familiilor \u0219i copiilor no\u0219tri este una \u00eentr-o continu\u0103 dezvoltare economic\u0103 \u0219i social\u0103, iar lucrurile merg \u00eentr-o direc\u021bie bun\u0103 (rata \u0219omajului este la un minim istoric, puterea de cump\u0103rare a c\u00e2\u0219tigului salarial mediu cre\u0219te, exporturile sunt la maxime istorice)&#8221;, mai spus \u0219eful Guvernului \u00een postarea respectiv\u0103.<\/p>\n<\/div>\n<p> Source URL: https:\/\/www.digi24.ro\/stiri\/actualitate\/politica\/tudose-catre-romanii-plecati-din-tara-am-convingerea-ca-aveti-de-ce-sa-va-intoarceti-776726<\/p>\n","protected":false},"excerpt":{"rendered":"<p>Premierul Mihai Tudose afirm\u0103, \u00eentr-o postare pe Facebook, c\u0103 experien\u021ba \u0219i cuno\u0219tin\u021bele acumulate \u00een str\u0103in\u0103tate de rom\u00e2nii pleca\u021bi la munc\u0103 sunt bine primite \u00een domeniile de activitate din Rom\u00e2nia, el ad\u0103ug\u00e2nd c\u0103 are convingerea c\u0103 ace\u0219tia au de ce s\u0103 se \u00eentoarc\u0103 acas\u0103, informeaz\u0103 Agerpres. \u201eAm convingerea c\u0103 rom\u00e2nii afla\u021bi la munc\u0103 peste grani\u021be au [&hellip;]<\/p>\n","protected":false},"author":1,"featured_media":135548,"comment_status":"open","ping_status":"","sticky":false,"template":"","format":"standard","meta":{"footnotes":""},"categories":[2],"tags":[11],"class_list":["post-135547","post","type-post","status-publish","format-standard","has-post-thumbnail","hentry","category-politics","tag-digi24"],"_links":{"self":[{"href":"https:\/\/analyse.optim.biz\/index.php?rest_route=\/wp\/v2\/posts\/135547","targetHints":{"allow":["GET"]}}],"collection":[{"href":"https:\/\/analyse.optim.biz\/index.php?rest_route=\/wp\/v2\/posts"}],"about":[{"href":"https:\/\/analyse.optim.biz\/index.php?rest_route=\/wp\/v2\/types\/post"}],"author":[{"embeddable":true,"href":"https:\/\/analyse.optim.biz\/index.php?rest_route=\/wp\/v2\/users\/1"}],"replies":[{"embeddable":true,"href":"https:\/\/analyse.optim.biz\/index.php?rest_route=%2Fwp%2Fv2%2Fcomments&post=135547"}],"version-history":[{"count":0,"href":"https:\/\/analyse.optim.biz\/index.php?rest_route=\/wp\/v2\/posts\/135547\/revisions"}],"wp:featuredmedia":[{"embeddable":true,"href":"https:\/\/analyse.optim.biz\/index.php?rest_route=\/wp\/v2\/media\/135548"}],"wp:attachment":[{"href":"https:\/\/analyse.optim.biz\/index.php?rest_route=%2Fwp%2Fv2%2Fmedia&parent=135547"}],"wp:term":[{"taxonomy":"category","embeddable":true,"href":"https:\/\/analyse.optim.biz\/index.php?rest_route=%2Fwp%2Fv2%2Fcategories&post=135547"},{"taxonomy":"post_tag","embeddable":true,"href":"https:\/\/analyse.optim.biz\/index.php?rest_route=%2Fwp%2Fv2%2Ftags&post=135547"}],"curies":[{"name":"wp","href":"https:\/\/api.w.org\/{rel}","templated":true}]}}