{"id":1355171,"date":"2014-11-04T10:07:07","date_gmt":"2014-11-04T07:07:07","guid":{"rendered":"https:\/\/analyse.optim.biz\/?p=1355171"},"modified":"2014-11-04T10:07:07","modified_gmt":"2014-11-04T07:07:07","slug":"tanar-agresat-bunica-traumatizata-suceavalive","status":"publish","type":"post","link":"https:\/\/analyse.optim.biz\/?p=1355171","title":{"rendered":"T\u00e2n\u0103r agresat, bunic\u0103 traumatizat\u0103 &#8211; SuceavaLIVE"},"content":{"rendered":"<article id=\"post-49714\" class=\"clearfix post-49714 post type-post status-publish format-standard has-post-thumbnail hentry category-comunicate tag-agresiune tag-bunica tag-infractiune tag-loviri-sau-alte-violente tag-politisti tag-suceava tag-suceavalive tag-tulburarea-linistii-publice tag-victima tag-violare-de-domiciliu\">\n<header id=\"cb-standard-featured\">\n<div id=\"cb-fis-wrap\" class=\"cb-entry-header cb-fis cb-style-standard\"><span class=\"cb-title-fi\"><\/p>\n<h1 class=\"entry-title cb-entry-title cb-single-title\">T\u00e2n\u0103r agresat, bunic\u0103 traumatizat\u0103<\/h1>\n<div class=\"cb-byline cb-font-header\">\n<div class=\"cb-date cb-byline-element\"><time datetime=\"2014-11-04\">4 noiembrie 2014<\/time><\/div>\n<\/div>\n<p><\/span><\/div>\n<div class=\"cb-mask\"><img decoding=\"async\" width=\"281\" height=\"211\" src=\"https:\/\/analyse.optim.biz\/wp-content\/uploads\/2026\/01\/agresat-de-doi-barbati-1.jpg\" class=\"attachment-cb-full-full size-cb-full-full wp-post-image\" loading=\"lazy\" title=\"agresat-de-doi-barbati-1\"><\/div>\n<\/header>\n<p>Agen\u0163ii Poli\u0163iei comunale \u015echeia au fost sesiza\u0163i luni, 03 noiembrie, la ora 22.55, de un t\u00e2n\u0103r de 22 de ani din localitate, despre faptul c\u0103 a fost victima unei agresiuni.<\/p>\n<section class=\"cb-entry-content entry-content clearfix\">\n<p>Din cercet\u0103ri, poli\u021bi\u0219tii au stabilit faptul c\u0103 \u00een jurul orelor 22.30, \u00een timp ce se afla \u00een incinta unui bar din centrul localit\u0103\u0163ii Mihoveni, victima a fost lovit\u0103 de trei b\u0103rba\u0163i, cu v\u00e2rste \u00eentre 19 \u0219i 39 de ani, to\u0163i din localitate. Ulterior, \u00een timp ce a\u015ftepta echipajul medical, t\u00e2n\u0103rul de 22 de ani a fost contactat de bunica sa, de 66 de ani, care i-a relatat faptul c\u0103 cei trei b\u0103rba\u0163i care l-au agresat s-au deplasat la locuin\u0163a ei, unde au p\u0103truns f\u0103r\u0103 drept, motiv\u00e2nd c\u0103 \u00eel caut\u0103 pe acesta.<\/p>\n<p>Victima a fost transportat\u0103 la spital pentru acordarea de \u00eengrijiri medicale.<\/p>\n<p>\u00cen cauz\u0103 se efectueaz\u0103 cercet\u0103ri sub aspectul comiterii infrac\u0163iunilor de loviri sau alte violen\u0163e, violare de domiciliu \u015fi tulburarea ordinii \u015fi lini\u015ftii publice.<\/p>\n<\/section>\n<footer class=\"article-footer\">\n<p class=\"cb-tags\"><a href=\"https:\/\/suceavalive.ro\/tag\/agresiune\/\" rel=\"tag\">agresiune<\/a><a href=\"https:\/\/suceavalive.ro\/tag\/bunica\/\" rel=\"tag\">bunica<\/a><a href=\"https:\/\/suceavalive.ro\/tag\/infractiune\/\" rel=\"tag\">infractiune<\/a><a href=\"https:\/\/suceavalive.ro\/tag\/loviri-sau-alte-violente\/\" rel=\"tag\">loviri sau alte violente<\/a><a href=\"https:\/\/suceavalive.ro\/tag\/politisti\/\" rel=\"tag\">politisti<\/a><a href=\"https:\/\/suceavalive.ro\/tag\/suceava\/\" rel=\"tag\">Suceava<\/a><a href=\"https:\/\/suceavalive.ro\/tag\/suceavalive\/\" rel=\"tag\">suceavalive<\/a><a href=\"https:\/\/suceavalive.ro\/tag\/tulburarea-linistii-publice\/\" rel=\"tag\">tulburarea linistii publice<\/a><a href=\"https:\/\/suceavalive.ro\/tag\/victima\/\" rel=\"tag\">victima<\/a><a href=\"https:\/\/suceavalive.ro\/tag\/violare-de-domiciliu\/\" rel=\"tag\">violare de domiciliu<\/a><\/p>\n<div class=\"cb-social-sharing cb-post-footer-block cb-beside clearfix\">\n<div class=\"cb-title-subtle\">Share On:<\/div>\n<div class=\"cb-twitter\"><a href=\"https:\/\/twitter.com\/share\" class=\"twitter-share-button\" data-dnt=\"true\" data-count=\"horizontal\">Tweet<\/a><\/div>\n<\/div>\n<div id=\"cb-previous-next-links\" class=\"cb-post-footer-block clearfix\">\n<div id=\"cb-previous-link\"><a href=\"https:\/\/suceavalive.ro\/accident-cu-un-camion-rasturnat-un-sofer-beat-si-doi-raniti\/\" rel=\"prev\">Accident cu un camion r\u0103sturnat, un \u0219ofer beat \u0219i doi r\u0103ni\u021bi<\/a><\/div>\n<div id=\"cb-next-link\"><a href=\"https:\/\/suceavalive.ro\/lungu-nemutumit-de-pfeiffer\/\" rel=\"next\">Lungu, nemul\u021bumit de Pfeiffer<\/a><\/div>\n<\/div>\n<div id=\"cb-author-box\" class=\"clearfix\">\n<h3 class=\"cb-block-title\">Despre autor<\/h3>\n<div class=\"cb-mask\"><a href=\"https:\/\/suceavalive.ro\/author\/luiza-loghin\/\"><img decoding=\"async\" src=\"https:\/\/analyse.optim.biz\/wp-content\/uploads\/2026\/01\/21ec5a38ee016d23a9c9d50ce3b4e9e7ef5b09765e70997405f8f9e4b1856ee7-7.jpg\" class=\"avatar avatar-120 photo\" height=\"120\" width=\"120\" loading=\"lazy\" title=\"21ec5a38ee016d23a9c9d50ce3b4e9e7ef5b09765e70997405f8f9e4b1856ee7-7\"><\/a><\/div>\n<div class=\"cb-meta\">\n<div class=\"cb-info\">\n<div class=\"cb-author-title vcard\"><a href=\"https:\/\/suceavalive.ro\/author\/luiza-loghin\/\"><span class=\"fn\">Luiza Loghin<\/span><\/a><\/div>\n<\/div>\n<\/div>\n<\/div>\n<div id=\"cb-related-posts\" class=\"cb-related-posts-block cb-post-end-block clearfix\">\n<h3 class=\"cb-block-title\">Postari asemanatoare<\/h3>\n<ul>\n<li class=\"cb-style-overlay cb-grid-entry cb-related-post no-1\">\n<div class=\"cb-mask\"><a href=\"https:\/\/suceavalive.ro\/calendarul-zilei-de-21-ianuarie\/\"><img decoding=\"async\" width=\"360\" height=\"240\" src=\"https:\/\/analyse.optim.biz\/wp-content\/uploads\/2026\/01\/avt_eugene-ionesco_2068-360x240-1-2.jpeg\" class=\"attachment-cb-360-240 size-cb-360-240 wp-post-image\" loading=\"lazy\" title=\"avt_eugene-ionesco_2068-360x240-1-2\"><\/a><\/div>\n<div class=\"cb-meta cb-article-meta\">\n<h4 class=\"h3 cb-post-title\"><a href=\"https:\/\/suceavalive.ro\/calendarul-zilei-de-21-ianuarie\/\">Calendarul zilei de 21 ianuarie<\/a><\/h4>\n<div class=\"cb-byline cb-font-header\">\n<div class=\"cb-date cb-byline-element\"><time datetime=\"2026-01-21\">21 ianuarie 2026<\/time><\/div>\n<\/div>\n<\/div>\n<\/li>\n<li class=\"cb-style-overlay cb-grid-entry cb-related-post no-2\">\n<div class=\"cb-mask\"><a href=\"https:\/\/suceavalive.ro\/calendarul-zilei-20-ianuarie-2\/\"><img decoding=\"async\" width=\"360\" height=\"240\" src=\"https:\/\/analyse.optim.biz\/wp-content\/uploads\/2026\/01\/accident-aviatic-apuseni-360x240-24.jpg\" class=\"attachment-cb-360-240 size-cb-360-240 wp-post-image\" loading=\"lazy\" title=\"accident-aviatic-apuseni-360x240-24\"><\/a><\/div>\n<div class=\"cb-meta cb-article-meta\">\n<h4 class=\"h3 cb-post-title\"><a href=\"https:\/\/suceavalive.ro\/calendarul-zilei-20-ianuarie-2\/\">Calendarul zilei de 20 ianuarie<\/a><\/h4>\n<div class=\"cb-byline cb-font-header\">\n<div class=\"cb-date cb-byline-element\"><time datetime=\"2026-01-20\">20 ianuarie 2026<\/time><\/div>\n<\/div>\n<\/div>\n<\/li>\n<\/ul>\n<\/div>\n<\/footer>\n<div id=\"respond\" class=\"comment-respond\">\n<h3 id=\"reply-title\" class=\"comment-reply-title\">Lasa un raspuns <small><a rel=\"nofollow\" id=\"cancel-comment-reply-link\" href=\"https:\/\/suceavalive.ro\/tanar-agresat-bunica-traumatizata\/#respond\">Anuleaza raspunsul<\/a><\/small><\/h3>\n<p class=\"comment-notes\">Adresa ta de email nu va fi publicat\u0103.<\/p>\n<\/div>\n<\/article>\n<p> Source URL: https:\/\/suceavalive.ro\/tanar-agresat-bunica-traumatizata\/<\/p>\n","protected":false},"excerpt":{"rendered":"<p>T\u00e2n\u0103r agresat, bunic\u0103 traumatizat\u0103 4 noiembrie 2014 Agen\u0163ii Poli\u0163iei comunale \u015echeia au fost sesiza\u0163i luni, 03 noiembrie, la ora 22.55, de un t\u00e2n\u0103r de 22 de ani din localitate, despre faptul c\u0103 a fost victima unei agresiuni. Din cercet\u0103ri, poli\u021bi\u0219tii au stabilit faptul c\u0103 \u00een jurul orelor 22.30, \u00een timp ce se afla \u00een incinta [&hellip;]<\/p>\n","protected":false},"author":1,"featured_media":1355172,"comment_status":"open","ping_status":"","sticky":false,"template":"","format":"standard","meta":{"footnotes":""},"categories":[89],"tags":[173],"class_list":["post-1355171","post","type-post","status-publish","format-standard","has-post-thumbnail","hentry","category-romania","tag-suceavalive-ro"],"_links":{"self":[{"href":"https:\/\/analyse.optim.biz\/index.php?rest_route=\/wp\/v2\/posts\/1355171","targetHints":{"allow":["GET"]}}],"collection":[{"href":"https:\/\/analyse.optim.biz\/index.php?rest_route=\/wp\/v2\/posts"}],"about":[{"href":"https:\/\/analyse.optim.biz\/index.php?rest_route=\/wp\/v2\/types\/post"}],"author":[{"embeddable":true,"href":"https:\/\/analyse.optim.biz\/index.php?rest_route=\/wp\/v2\/users\/1"}],"replies":[{"embeddable":true,"href":"https:\/\/analyse.optim.biz\/index.php?rest_route=%2Fwp%2Fv2%2Fcomments&post=1355171"}],"version-history":[{"count":0,"href":"https:\/\/analyse.optim.biz\/index.php?rest_route=\/wp\/v2\/posts\/1355171\/revisions"}],"wp:featuredmedia":[{"embeddable":true,"href":"https:\/\/analyse.optim.biz\/index.php?rest_route=\/wp\/v2\/media\/1355172"}],"wp:attachment":[{"href":"https:\/\/analyse.optim.biz\/index.php?rest_route=%2Fwp%2Fv2%2Fmedia&parent=1355171"}],"wp:term":[{"taxonomy":"category","embeddable":true,"href":"https:\/\/analyse.optim.biz\/index.php?rest_route=%2Fwp%2Fv2%2Fcategories&post=1355171"},{"taxonomy":"post_tag","embeddable":true,"href":"https:\/\/analyse.optim.biz\/index.php?rest_route=%2Fwp%2Fv2%2Ftags&post=1355171"}],"curies":[{"name":"wp","href":"https:\/\/api.w.org\/{rel}","templated":true}]}}