{"id":1348827,"date":"2014-08-13T10:26:57","date_gmt":"2014-08-13T07:26:57","guid":{"rendered":"https:\/\/analyse.optim.biz\/?p=1348827"},"modified":"2014-08-13T10:26:57","modified_gmt":"2014-08-13T07:26:57","slug":"transport-de-material-lemnos-jumatate-legal-jumatate-ilegal-suceavalive","status":"publish","type":"post","link":"https:\/\/analyse.optim.biz\/?p=1348827","title":{"rendered":"Transport de material lemnos jum\u0103tate legal, jum\u0103tate ilegal &#8211; SuceavaLIVE"},"content":{"rendered":"<article id=\"post-43891\" class=\"clearfix post-43891 post type-post status-publish format-standard has-post-thumbnail hentry category-comunicate tag-amenda tag-autoutilitara tag-aviz-de-insotire tag-itp-expirat tag-material-lemnos tag-remorca tag-sanctionare-contraventionala tag-suceava tag-suceavalive\">\n<header id=\"cb-standard-featured\">\n<div id=\"cb-fis-wrap\" class=\"cb-entry-header cb-fis cb-style-standard\"><span class=\"cb-title-fi\"><\/p>\n<h1 class=\"entry-title cb-entry-title cb-single-title\">Transport de material lemnos jum\u0103tate legal, jum\u0103tate ilegal<\/h1>\n<div class=\"cb-byline cb-font-header\">\n<div class=\"cb-date cb-byline-element\"><time datetime=\"2014-08-13\">13 august 2014<\/time><\/div>\n<\/div>\n<p><\/span><\/div>\n<div class=\"cb-mask\"><img decoding=\"async\" width=\"400\" height=\"254\" src=\"https:\/\/analyse.optim.biz\/wp-content\/uploads\/2026\/01\/camion-lemne-1.jpg\" class=\"attachment-cb-full-full size-cb-full-full wp-post-image\" loading=\"lazy\" title=\"camion-lemne-1\"><\/div>\n<\/header>\n<p>\u00cen diminea\u021ba zilei de ieri, 12 august,\u00a0un echipaj de poli\u021bie din cadrul Poli\u021biei ora\u0219ului Salcea \u0219i Postului de poli\u021bie Dumbr\u0103veni, \u00eempreun\u0103 cu lucr\u0103tori silvici au identificat \u00een trafic pe DN 29, pe direc\u0163ia Suceava-Boto\u015fani, o autoutilitar\u0103 cu remorc\u0103, fiind condus\u0103 de un t\u00e2n\u0103r de 22 de ani din comuna Marginea \u0219i \u00eenc\u0103rcat\u0103 cu material lemnos care, din cauza \u00eenc\u0103rc\u0103turii agabaritice, a ag\u0103\u0163at \u015fi rupt firele de televiziune ce apar\u0163in unei societ\u0103\u0163i comerciale de profil.<\/p>\n<section class=\"cb-entry-content entry-content clearfix\">\n<p>\u00cen urma controlului, s-a constatat faptul c\u0103 remorca avea pneurile uzate peste limita legal\u0103 \u015fi prezentau urme de t\u0103ieturi, iar autoutilitara avea I.T.P- ul expirat din 07.08.2014.<\/p>\n<p>Pentru materialul lemnos transportat, conduc\u0103torul auto a prezentat un aviz de \u00eenso\u0163ire din 11.08.2014, \u00een care se reg\u0103sea doar materialul lemnos transportat \u00een autoutilitar\u0103, respectiv cantitatea de 15 mc cherestea neclasat\u0103, \u00eens\u0103 pentru materialul lemnos \u00eenc\u0103rcat pe remorc\u0103, respectiv lemn de foc, \u00een cantitate de 25,792 mc, nu poseda documente legale de provenien\u0163\u0103.<\/p>\n<p>\u00centruc\u00e2t la momentul opririi ansamblului auto, conduc\u0103torul auto a prezentat aviz de \u00eenso\u0163ire doar pentru materialul lemnos transportat pe autoutilitar\u0103, s-a procedat la ridicarea \u00een vederea confisc\u0103rii a cantit\u0103\u0163ii de 25.792\u00a0 lemn de foc, care era transportat\u0103 pe remorc\u0103 \u0219i sanc\u0163ionarea contraven\u0163ional\u0103 a conduc\u0103torului auto cu amend\u0103 \u00een cuantum de dou\u0103 mii de lei, pentru \u00eenc\u0103lcarea prevederilor Legii nr.171\/2010.<\/p>\n<p>Totodat\u0103, pentru abaterile constatate la regimul rutier s-a procedat la sanc\u0163ionarea contraven\u0163ional\u0103 a conduc\u0103torului auto cu amend\u0103 \u00een cuantum de 2.700 lei, lu\u00e2ndu-se totodat\u0103 \u0219i m\u0103sura complementar\u0103 de re\u0163inere a permisului de conducere \u015fi a certificatelor de \u00eenmatriculare pentru autoutilitar\u0103 \u015fi remorc\u0103.<\/p>\n<\/section>\n<footer class=\"article-footer\">\n<p class=\"cb-tags\"><a href=\"https:\/\/suceavalive.ro\/tag\/amenda\/\" rel=\"tag\">amenda<\/a><a href=\"https:\/\/suceavalive.ro\/tag\/autoutilitara\/\" rel=\"tag\">autoutilitara<\/a><a href=\"https:\/\/suceavalive.ro\/tag\/aviz-de-insotire\/\" rel=\"tag\">aviz de insotire<\/a><a href=\"https:\/\/suceavalive.ro\/tag\/itp-expirat\/\" rel=\"tag\">itp expirat<\/a><a href=\"https:\/\/suceavalive.ro\/tag\/material-lemnos\/\" rel=\"tag\">material lemnos<\/a><a href=\"https:\/\/suceavalive.ro\/tag\/remorca\/\" rel=\"tag\">remorca<\/a><a href=\"https:\/\/suceavalive.ro\/tag\/sanctionare-contraventionala\/\" rel=\"tag\">sanctionare contraventionala<\/a><a href=\"https:\/\/suceavalive.ro\/tag\/suceava\/\" rel=\"tag\">Suceava<\/a><a href=\"https:\/\/suceavalive.ro\/tag\/suceavalive\/\" rel=\"tag\">suceavalive<\/a><\/p>\n<div class=\"cb-social-sharing cb-post-footer-block cb-beside clearfix\">\n<div class=\"cb-title-subtle\">Share On:<\/div>\n<div class=\"cb-twitter\"><a href=\"https:\/\/twitter.com\/share\" class=\"twitter-share-button\" data-dnt=\"true\" data-count=\"horizontal\">Tweet<\/a><\/div>\n<\/div>\n<div id=\"cb-previous-next-links\" class=\"cb-post-footer-block clearfix\">\n<div id=\"cb-previous-link\"><a href=\"https:\/\/suceavalive.ro\/persoana-retinuta-de-politisti-pentru-infractiuni-la-regimul-rutier-2\/\" rel=\"prev\">Persoan\u0103 re\u021binut\u0103 de poli\u021bi\u0219ti pentru infrac\u021biuni la regimul rutier<\/a><\/div>\n<div id=\"cb-next-link\"><a href=\"https:\/\/suceavalive.ro\/cu-masina-furata-baut-fara-permis-dar-sincer\/\" rel=\"next\">Cu ma\u0219in\u0103 furat\u0103, b\u0103ut, f\u0103r\u0103 permis, dar\u2026 sincer<\/a><\/div>\n<\/div>\n<div id=\"cb-author-box\" class=\"clearfix\">\n<h3 class=\"cb-block-title\">Despre autor<\/h3>\n<div class=\"cb-mask\"><a href=\"https:\/\/suceavalive.ro\/author\/luiza-loghin\/\"><img decoding=\"async\" src=\"https:\/\/analyse.optim.biz\/wp-content\/uploads\/2026\/01\/21ec5a38ee016d23a9c9d50ce3b4e9e7ef5b09765e70997405f8f9e4b1856ee7-6.jpg\" class=\"avatar avatar-120 photo\" height=\"120\" width=\"120\" loading=\"lazy\" title=\"21ec5a38ee016d23a9c9d50ce3b4e9e7ef5b09765e70997405f8f9e4b1856ee7-6\"><\/a><\/div>\n<div class=\"cb-meta\">\n<div class=\"cb-info\">\n<div class=\"cb-author-title vcard\"><a href=\"https:\/\/suceavalive.ro\/author\/luiza-loghin\/\"><span class=\"fn\">Luiza Loghin<\/span><\/a><\/div>\n<\/div>\n<\/div>\n<\/div>\n<div id=\"cb-related-posts\" class=\"cb-related-posts-block cb-post-end-block clearfix\">\n<h3 class=\"cb-block-title\">Postari asemanatoare<\/h3>\n<ul>\n<li class=\"cb-style-overlay cb-grid-entry cb-related-post no-1\">\n<div class=\"cb-mask\"><a href=\"https:\/\/suceavalive.ro\/calendarul-zilei-de-21-ianuarie\/\"><img decoding=\"async\" width=\"360\" height=\"240\" src=\"https:\/\/analyse.optim.biz\/wp-content\/uploads\/2026\/01\/avt_eugene-ionesco_2068-360x240-1.jpeg\" class=\"attachment-cb-360-240 size-cb-360-240 wp-post-image\" loading=\"lazy\" title=\"avt_eugene-ionesco_2068-360x240-1\"><\/a><\/div>\n<div class=\"cb-meta cb-article-meta\">\n<h4 class=\"h3 cb-post-title\"><a href=\"https:\/\/suceavalive.ro\/calendarul-zilei-de-21-ianuarie\/\">Calendarul zilei de 21 ianuarie<\/a><\/h4>\n<div class=\"cb-byline cb-font-header\">\n<div class=\"cb-date cb-byline-element\"><time datetime=\"2026-01-21\">21 ianuarie 2026<\/time><\/div>\n<\/div>\n<\/div>\n<\/li>\n<li class=\"cb-style-overlay cb-grid-entry cb-related-post no-2\">\n<div class=\"cb-mask\"><a href=\"https:\/\/suceavalive.ro\/calendarul-zilei-20-ianuarie-2\/\"><img decoding=\"async\" width=\"360\" height=\"240\" src=\"https:\/\/analyse.optim.biz\/wp-content\/uploads\/2026\/01\/accident-aviatic-apuseni-360x240-21.jpg\" class=\"attachment-cb-360-240 size-cb-360-240 wp-post-image\" loading=\"lazy\" title=\"accident-aviatic-apuseni-360x240-21\"><\/a><\/div>\n<div class=\"cb-meta cb-article-meta\">\n<h4 class=\"h3 cb-post-title\"><a href=\"https:\/\/suceavalive.ro\/calendarul-zilei-20-ianuarie-2\/\">Calendarul zilei de 20 ianuarie<\/a><\/h4>\n<div class=\"cb-byline cb-font-header\">\n<div class=\"cb-date cb-byline-element\"><time datetime=\"2026-01-20\">20 ianuarie 2026<\/time><\/div>\n<\/div>\n<\/div>\n<\/li>\n<\/ul>\n<\/div>\n<\/footer>\n<div id=\"respond\" class=\"comment-respond\">\n<h3 id=\"reply-title\" class=\"comment-reply-title\">Lasa un raspuns <small><a rel=\"nofollow\" id=\"cancel-comment-reply-link\" href=\"https:\/\/suceavalive.ro\/transport-de-material-lemnos-jumatate-legal-jumatate-ilegal\/#respond\">Anuleaza raspunsul<\/a><\/small><\/h3>\n<p class=\"comment-notes\">Adresa ta de email nu va fi publicat\u0103.<\/p>\n<\/div>\n<\/article>\n<p> Source URL: https:\/\/suceavalive.ro\/transport-de-material-lemnos-jumatate-legal-jumatate-ilegal\/<\/p>\n","protected":false},"excerpt":{"rendered":"<p>Transport de material lemnos jum\u0103tate legal, jum\u0103tate ilegal 13 august 2014 \u00cen diminea\u021ba zilei de ieri, 12 august,\u00a0un echipaj de poli\u021bie din cadrul Poli\u021biei ora\u0219ului Salcea \u0219i Postului de poli\u021bie Dumbr\u0103veni, \u00eempreun\u0103 cu lucr\u0103tori silvici au identificat \u00een trafic pe DN 29, pe direc\u0163ia Suceava-Boto\u015fani, o autoutilitar\u0103 cu remorc\u0103, fiind condus\u0103 de un t\u00e2n\u0103r de [&hellip;]<\/p>\n","protected":false},"author":1,"featured_media":1348830,"comment_status":"open","ping_status":"","sticky":false,"template":"","format":"standard","meta":{"footnotes":""},"categories":[89],"tags":[173],"class_list":["post-1348827","post","type-post","status-publish","format-standard","has-post-thumbnail","hentry","category-romania","tag-suceavalive-ro"],"_links":{"self":[{"href":"https:\/\/analyse.optim.biz\/index.php?rest_route=\/wp\/v2\/posts\/1348827","targetHints":{"allow":["GET"]}}],"collection":[{"href":"https:\/\/analyse.optim.biz\/index.php?rest_route=\/wp\/v2\/posts"}],"about":[{"href":"https:\/\/analyse.optim.biz\/index.php?rest_route=\/wp\/v2\/types\/post"}],"author":[{"embeddable":true,"href":"https:\/\/analyse.optim.biz\/index.php?rest_route=\/wp\/v2\/users\/1"}],"replies":[{"embeddable":true,"href":"https:\/\/analyse.optim.biz\/index.php?rest_route=%2Fwp%2Fv2%2Fcomments&post=1348827"}],"version-history":[{"count":0,"href":"https:\/\/analyse.optim.biz\/index.php?rest_route=\/wp\/v2\/posts\/1348827\/revisions"}],"wp:featuredmedia":[{"embeddable":true,"href":"https:\/\/analyse.optim.biz\/index.php?rest_route=\/wp\/v2\/media\/1348830"}],"wp:attachment":[{"href":"https:\/\/analyse.optim.biz\/index.php?rest_route=%2Fwp%2Fv2%2Fmedia&parent=1348827"}],"wp:term":[{"taxonomy":"category","embeddable":true,"href":"https:\/\/analyse.optim.biz\/index.php?rest_route=%2Fwp%2Fv2%2Fcategories&post=1348827"},{"taxonomy":"post_tag","embeddable":true,"href":"https:\/\/analyse.optim.biz\/index.php?rest_route=%2Fwp%2Fv2%2Ftags&post=1348827"}],"curies":[{"name":"wp","href":"https:\/\/api.w.org\/{rel}","templated":true}]}}