{"id":1348801,"date":"2015-06-25T08:42:46","date_gmt":"2015-06-25T05:42:46","guid":{"rendered":"https:\/\/analyse.optim.biz\/?p=1348801"},"modified":"2015-06-25T08:42:46","modified_gmt":"2015-06-25T05:42:46","slug":"targul-de-zootehnie-al-romaniei-suceavalive","status":"publish","type":"post","link":"https:\/\/analyse.optim.biz\/?p=1348801","title":{"rendered":"T\u00e2rgul de zootehnie al Rom\u00e2niei &#8211; SuceavaLIVE"},"content":{"rendered":"<article id=\"post-59865\" class=\"clearfix post-59865 post type-post status-publish format-standard has-post-thumbnail hentry category-comunicate category-slide tag-consiliul-judetean-suceava-si-primariile-din-bazinul-dornelor tag-la-dorna tag-premii-de-10-000-euro tag-targul-de-zootehnie-al-romaniei tag-targul-de-zootehnie-zefa\">\n<header id=\"cb-standard-featured\">\n<div id=\"cb-fis-wrap\" class=\"cb-entry-header cb-fis cb-style-standard\"><span class=\"cb-title-fi\"><\/p>\n<h1 class=\"entry-title cb-entry-title cb-single-title\">T\u00e2rgul de zootehnie al Rom\u00e2niei<\/h1>\n<div class=\"cb-byline cb-font-header\">\n<div class=\"cb-date cb-byline-element\"><time datetime=\"2015-06-25\">25 iunie 2015<\/time><\/div>\n<\/div>\n<p><\/span><\/div>\n<div class=\"cb-mask\"><img decoding=\"async\" width=\"705\" height=\"1024\" src=\"https:\/\/analyse.optim.biz\/wp-content\/uploads\/2026\/01\/macheta-zefa-210x305mm_210x305mm-2-copy-1.jpg\" class=\"attachment-cb-full-full size-cb-full-full wp-post-image\" loading=\"lazy\" title=\"macheta-zefa-210x305mm_210x305mm-2-copy-1\"><\/div>\n<\/header>\n<p>Genetica de v\u00e2rf, peste 200 de capete de animale expuse, peste 100 de companii si institutii expozante cu ultimele tendin\u021be privind tehnologiile de cre\u0219tere \u0219i hr\u0103nire a animalelor, echipamente \u0219i ma\u0219ini pentru fermele zootehnice, premii in valoare de 10 000 de euro la concursurile de animale de ras\u0103 sunt principalele coordonate ale T\u00e2rgului interna\u021bional de zootehnie ZEFA. <\/p>\n<section class=\"cb-entry-content entry-content clearfix\">\n<p>Expozi\u021bia Interna\u021bional\u0103 de animale de ras\u0103 \u0219i echipamente pentru zootehnie, ZEFA, primul eveniment  expozi\u021bional al Rom\u00e2niei dedicat exclusiv sectorului zootehnic, va avea loc \u00een perioada 26 \u2013 29 iunie 2015 \u00een zona de nord a Rom\u00e2niei.<\/p>\n<p>La ZEFA, \u00een centrul aten\u021biei va fi genetica de v\u00e2rf \u0219i exemplarele cele mai performante din rasele de bovine, ovine, caprine \u0219i cabaline. Organizatorii estimeaz\u0103 o prezen\u021b\u0103 de peste 200 de capete de animale din rase reprezentative. Evenimentul este completat de prezentarea tehnicilor de cre\u0219tere \u0219i hr\u0103nire a animalelor, sisteme de furajare \u0219i produc\u021bia furajelor \u0219i prezentarea nout\u0103\u021bilor \u00een materie de echipamente, utilaje \u0219i ma\u0219ini pentru fermele zootehnice.<\/p>\n<p>Amplasamentul expozi\u021biei nu este \u00eent\u00e2mpl\u0103tor, pentru organizarea acestuia s-a ales aerodromului Floreni din Dorna Candrenilor, \u00een imediata vecin\u0103tate a ora\u0219ului Vatra Dornei \u0219i la grani\u021ba a dou\u0103 regiuni importante pentru zootehnia rom\u00e2neasc\u0103: Moldova \u0219i Transilvania. <\/p>\n<p>\u00cen acest bazin geografic exploata\u021biile zootehnice reprezint\u0103 44.32% din efectivul de bovine din Rom\u00e2nia, 32.3% din efectivul de ovine \u0219i caprine din Rom\u00e2nia \u0219i 40.61% din efectivul de cabaline din Rom\u00e2nia.<br \/>\nZEFA 2015, concept nou pe zona de agribusiness din Romania, aduce \u00een fa\u021ba fermierilor, speciali\u0219tilor din domeniu c\u00e2t \u0219i \u00een fata publicului larg tot ce are mai bun \u0219i mai frumos zootehnia rom\u00e2neasc\u0103. Participarea fermierilor \u00een cadrul expozi\u021biei cu animale de ras\u0103 de mare valoare genetic\u0103 \u0219i productiv\u0103 ofer\u0103 o imagine pozitiv\u0103 privind posibilit\u0103\u021bile de a demara o afacere \u00een sectorul cre\u0219terii \u0219i exploatarii animalelor, implementarea de modele economice de succes \u0219i \u00eendrumarea \u00een vederea ameliorarii valorii genetice a animalelor.<br \/>\nPrezen\u021ba animalelor din majoritatea speciilor \u0219i raselor exploatate \u00een Rom\u00e2nia face din ZEFA un punct de atrac\u021bie pentru toate categoriile de public.<br \/>\nLa ZEFA vor fi expuse rase de vaci de lapte care impresioneaz\u0103 prin produc\u021bii ridicate de lapte, procent de gr\u0103sime \u0219i protein\u0103, raportate at\u00e2t la zi de produc\u021bie c\u00e2t \u0219i pe lacta\u021bie. Vom descoperi \u00een expozitie Holstein, Red Holstein, Flechvieh, Montbeliard, Jersey<br \/>\nRasele de vaci pentru carne vor fi bine reprezentate la ZEFA pentru a promova importan\u021ba randamentului la t\u0103iere \u0219i aten\u021bia acordat\u0103 calit\u0103\u021bii \u0219i texturii c\u0103rnii. \u00cen expozi\u021bie vom \u00eent\u00e2lni bovine pentru carne Charolaise, Angus si Blanc Blue Belge.<br \/>\nBinein\u021beles nu vor lipsi rasele consacrate la noi \u00een \u021bar\u0103, Bruna, Bal\u021bata Rom\u00e2neasc\u0103, Pinzgau de Transilvania, rase care au sprijinit zootehnia rom\u00e2neasc\u0103 prin rezistenta \u0219i prin capacitate de adaptare.<br \/>\nDe asemenea foarte bine vor fi reprezentate in expozitie si mioarele.Pe langa rasele de ovine binecunoscute la noi prin traditii si folclor\u2013 Turcana, Tigaie si Karakul fermierii si vizitatorii vor putea admira exemplare de ovine din rase de import specializate atat pentru productia de lapte (Rasa Friza ) dar si  in productia de carne(Dorper, Texel, Suffolk). Nu vor lipsi din aceasta categorie nici caprele si ele de de mare diversitate coloristica si productiva.<br \/>\nPentru pasiona\u021bii de cai ne bucur\u0103m sa anun\u021b\u0103m ca se vor putea delecta cu arm\u0103sari impresionan\u021bi din rasele Ardenez, Semigreu Romanesc, Cal de Bucovina, Hutul, maiestuosul Lipitan si Shagya Arab.<br \/>\nPremii in valoare de 10 000 de euro la concursurile de animale de ras\u0103 din cadrul ZEFA<\/p>\n<p>\t\u00cen cadrul evenimentului se va organiza concurs de animale de ras\u0103 jurizat de o comisie de bonitare format\u0103 din speciali\u0219ti \u00een domeniu. \u00cen urma concursului, animalele declarate c\u00e2\u0219tig\u0103toare vor fi premiate pe m\u0103sura performan\u021belor genetice \u0219i productive cu premii consistente, a c\u0103ror valoare cumulat\u0103 dep\u0103\u0219e\u0219te 10.000 euro.<br \/>\n\tPremiile vor fi oferite de c\u0103tre companiile COW GENETICS, BIAGEN SELECT, BENTLEY Romania, CARGILL NUTRITIE ANIMALA, SEMTEST Craiova, INCDBNA Balotesti, CTE SOLUTION, ROMBERFILL, SANO FURAJARE MODERNA, REAL DEAL.<\/p>\n<p>\tPremierea se va face pe specii \u0219i categorii de produc\u021bie, respectiv bovine de lapte, bovine pentru carne, ovine, caprine, cabaline. Festivitatea de premiere se va desf\u0103\u0219ura pe ringul de concurs, luni 29 iunie. <\/p>\n<p>Expozi\u0163ia ZEFA este adresat\u0103 cresc\u0103torilor de animale din \u00eentreaga \u0163ara \u015fi ofer\u0103 fermierilor acces la informa\u0163ii de ultim\u0103 or\u0103 prin intermediul conferin\u0163elor \u015fi prezent\u0103rilor f\u0103cute de companiile specializate \u015fi speciali\u015fti la standurile expozi\u0163ionale.<\/p>\n<p>T\u00e2rgul de zootehnie al Rom\u00e2niei, ZEFA este organizat \u00een parteneriat cu: Consiliul Jude\u021bean Suceava, GAL Valea Dornelor, FCBCR \u2013 Federa\u0163ia Cresc\u0103torilor de Bovine Carne din Rom\u00e2nia, AGCTR \u2013 Asocia\u021bia General\u0103 a Cresc\u0103torilor de Taurine din Rom\u00e2nia, ACBCR \u2013 Asocia\u0163ia Cresc\u0103torilor de Bovine pentru Carne din Rom\u00e2nia, Asocia\u021bia Angus.Ro, Asocia\u021bia Holstein.Ro, Asocia\u0163ia Cresc\u0103torilor de Vaci \u201eBal\u0163at\u0103 Rom\u00e2neasc\u0103\u201d Tip Simmental, CAPRIROM \u2013 Asocia\u021bia Na\u021bional\u0103 a Cresc\u0103torilor de Capre din Rom\u00e2nia, Federa\u021bia Na\u021bional\u0103 a Cresc\u0103torilor de Ovine ROMOVIS, Asocia\u021bia Aberdeen Angus Rom\u00e2nia, Asocia\u021bia Agricultorilor Maghiari din Rom\u00e2nia, Federa\u021bia Oierilor de Munte din Rom\u00e2nia, Asocia\u021bia Fermierilor din Rom\u00e2nia, Federa\u021bia Agricultorilor de Munte \u201eVatra Dornei\u201d, asocia\u021biile jude\u021bene  ale cresc\u0103torilor de taurine \u0219i ovine din jude\u021bele limitrofe evenimentului.<\/p>\n<\/section>\n<footer class=\"article-footer\">\n<p class=\"cb-tags\"><a href=\"https:\/\/suceavalive.ro\/tag\/consiliul-judetean-suceava-si-primariile-din-bazinul-dornelor\/\" rel=\"tag\">Consiliul Judetean suceava si primariile din bazinul Dornelor<\/a><a href=\"https:\/\/suceavalive.ro\/tag\/la-dorna\/\" rel=\"tag\">la Dorna<\/a><a href=\"https:\/\/suceavalive.ro\/tag\/premii-de-10-000-euro\/\" rel=\"tag\">premii de 10.000 euro<\/a><a href=\"https:\/\/suceavalive.ro\/tag\/targul-de-zootehnie-al-romaniei\/\" rel=\"tag\">Targul de zootehnie al romaniei<\/a><a href=\"https:\/\/suceavalive.ro\/tag\/targul-de-zootehnie-zefa\/\" rel=\"tag\">targul de zootehnie ZEFA<\/a><\/p>\n<div class=\"cb-social-sharing cb-post-footer-block cb-beside clearfix\">\n<div class=\"cb-title-subtle\">Share On:<\/div>\n<div class=\"cb-twitter\"><a href=\"https:\/\/twitter.com\/share\" class=\"twitter-share-button\" data-dnt=\"true\" data-count=\"horizontal\">Tweet<\/a><\/div>\n<\/div>\n<div id=\"cb-previous-next-links\" class=\"cb-post-footer-block clearfix\">\n<div id=\"cb-previous-link\"><a href=\"https:\/\/suceavalive.ro\/verificarea-instalatiilor-de-gaze\/\" rel=\"prev\">Verificarea instala\u0163iilor de gaze<\/a><\/div>\n<div id=\"cb-next-link\"><a href=\"https:\/\/suceavalive.ro\/cod-galben-de-vreme-rea\/\" rel=\"next\">Cod galben de vreme rea<\/a><\/div>\n<\/div>\n<div id=\"cb-author-box\" class=\"clearfix\">\n<h3 class=\"cb-block-title\">Despre autor<\/h3>\n<div class=\"cb-mask\"><a href=\"https:\/\/suceavalive.ro\/author\/daniela-nasui\/\"><img decoding=\"async\" src=\"https:\/\/analyse.optim.biz\/wp-content\/uploads\/2026\/01\/203a1c2f8d4d56d6d92e809181ac885befd01269c09b5d284a88f271b9a67c54.jpg\" class=\"avatar avatar-120 photo\" height=\"120\" width=\"120\" loading=\"lazy\" title=\"203a1c2f8d4d56d6d92e809181ac885befd01269c09b5d284a88f271b9a67c54\"><\/a><\/div>\n<div class=\"cb-meta\">\n<div class=\"cb-info\">\n<div class=\"cb-author-title vcard\"><a href=\"https:\/\/suceavalive.ro\/author\/daniela-nasui\/\"><span class=\"fn\">Daniela N\u0103sui<\/span><\/a><\/div>\n<\/div>\n<\/div>\n<\/div>\n<div id=\"cb-related-posts\" class=\"cb-related-posts-block cb-post-end-block clearfix\">\n<h3 class=\"cb-block-title\">Postari asemanatoare<\/h3>\n<ul>\n<li class=\"cb-style-overlay cb-grid-entry cb-related-post no-1\">\n<div class=\"cb-mask\"><a href=\"https:\/\/suceavalive.ro\/un-baiat-de-15-ani-a-fost-ucis-si-ingropat-in-curtea-unei-case-autorii-doi-adolescenti-au-fost-retinuti\/\"><img decoding=\"async\" width=\"360\" height=\"240\" src=\"https:\/\/analyse.optim.biz\/wp-content\/uploads\/2026\/01\/arestat-360x240-14.jpg\" class=\"attachment-cb-360-240 size-cb-360-240 wp-post-image\" loading=\"lazy\" title=\"arestat-360x240-14\"><\/a><\/div>\n<div class=\"cb-meta cb-article-meta\">\n<h4 class=\"h3 cb-post-title\"><a href=\"https:\/\/suceavalive.ro\/un-baiat-de-15-ani-a-fost-ucis-si-ingropat-in-curtea-unei-case-autorii-doi-adolescenti-au-fost-retinuti\/\">Un b\u0103iat de 15 ani a fost ucis \u015fi \u00eengropat \u00een curtea unei case. Autorii, doi adolescen\u0163i, au fost re\u0163inu\u0163i<\/a><\/h4>\n<div class=\"cb-byline cb-font-header\">\n<div class=\"cb-date cb-byline-element\"><time datetime=\"2026-01-21\">21 ianuarie 2026<\/time><\/div>\n<\/div>\n<\/div>\n<\/li>\n<li class=\"cb-style-overlay cb-grid-entry cb-related-post no-2\">\n<div class=\"cb-mask\"><a href=\"https:\/\/suceavalive.ro\/dupa-zile-intregi-de-ger-judetul-suceava-iese-de-sub-avertizarea-cod-galben\/\"><img decoding=\"async\" width=\"360\" height=\"240\" src=\"https:\/\/analyse.optim.biz\/wp-content\/uploads\/2026\/01\/informare-meteo-360x240-5.png\" class=\"attachment-cb-360-240 size-cb-360-240 wp-post-image\" loading=\"lazy\" title=\"informare-meteo-360x240-5\"><\/a><\/div>\n<div class=\"cb-meta cb-article-meta\">\n<h4 class=\"h3 cb-post-title\"><a href=\"https:\/\/suceavalive.ro\/dupa-zile-intregi-de-ger-judetul-suceava-iese-de-sub-avertizarea-cod-galben\/\">Dup\u0103 zile \u00eentregi de ger, jude\u021bul Suceava iese de sub avertizarea COD GALBEN<\/a><\/h4>\n<div class=\"cb-byline cb-font-header\">\n<div class=\"cb-date cb-byline-element\"><time datetime=\"2026-01-21\">21 ianuarie 2026<\/time><\/div>\n<\/div>\n<\/div>\n<\/li>\n<\/ul>\n<\/div>\n<\/footer>\n<div id=\"respond\" class=\"comment-respond\">\n<h3 id=\"reply-title\" class=\"comment-reply-title\">Lasa un raspuns <small><a rel=\"nofollow\" id=\"cancel-comment-reply-link\" href=\"https:\/\/suceavalive.ro\/targul-de-zootehnie-al-romaniei\/#respond\">Anuleaza raspunsul<\/a><\/small><\/h3>\n<p class=\"comment-notes\">Adresa ta de email nu va fi publicat\u0103.<\/p>\n<\/div>\n<\/article>\n<p> Source URL: https:\/\/suceavalive.ro\/targul-de-zootehnie-al-romaniei\/<\/p>\n","protected":false},"excerpt":{"rendered":"<p>T\u00e2rgul de zootehnie al Rom\u00e2niei 25 iunie 2015 Genetica de v\u00e2rf, peste 200 de capete de animale expuse, peste 100 de companii si institutii expozante cu ultimele tendin\u021be privind tehnologiile de cre\u0219tere \u0219i hr\u0103nire a animalelor, echipamente \u0219i ma\u0219ini pentru fermele zootehnice, premii in valoare de 10 000 de euro la concursurile de animale de [&hellip;]<\/p>\n","protected":false},"author":1,"featured_media":1348803,"comment_status":"open","ping_status":"","sticky":false,"template":"","format":"standard","meta":{"footnotes":""},"categories":[89],"tags":[173],"class_list":["post-1348801","post","type-post","status-publish","format-standard","has-post-thumbnail","hentry","category-romania","tag-suceavalive-ro"],"_links":{"self":[{"href":"https:\/\/analyse.optim.biz\/index.php?rest_route=\/wp\/v2\/posts\/1348801","targetHints":{"allow":["GET"]}}],"collection":[{"href":"https:\/\/analyse.optim.biz\/index.php?rest_route=\/wp\/v2\/posts"}],"about":[{"href":"https:\/\/analyse.optim.biz\/index.php?rest_route=\/wp\/v2\/types\/post"}],"author":[{"embeddable":true,"href":"https:\/\/analyse.optim.biz\/index.php?rest_route=\/wp\/v2\/users\/1"}],"replies":[{"embeddable":true,"href":"https:\/\/analyse.optim.biz\/index.php?rest_route=%2Fwp%2Fv2%2Fcomments&post=1348801"}],"version-history":[{"count":0,"href":"https:\/\/analyse.optim.biz\/index.php?rest_route=\/wp\/v2\/posts\/1348801\/revisions"}],"wp:featuredmedia":[{"embeddable":true,"href":"https:\/\/analyse.optim.biz\/index.php?rest_route=\/wp\/v2\/media\/1348803"}],"wp:attachment":[{"href":"https:\/\/analyse.optim.biz\/index.php?rest_route=%2Fwp%2Fv2%2Fmedia&parent=1348801"}],"wp:term":[{"taxonomy":"category","embeddable":true,"href":"https:\/\/analyse.optim.biz\/index.php?rest_route=%2Fwp%2Fv2%2Fcategories&post=1348801"},{"taxonomy":"post_tag","embeddable":true,"href":"https:\/\/analyse.optim.biz\/index.php?rest_route=%2Fwp%2Fv2%2Ftags&post=1348801"}],"curies":[{"name":"wp","href":"https:\/\/api.w.org\/{rel}","templated":true}]}}