{"id":1344525,"date":"2014-08-27T10:59:51","date_gmt":"2014-08-27T07:59:51","guid":{"rendered":"https:\/\/analyse.optim.biz\/?p=1344525"},"modified":"2014-08-27T10:59:51","modified_gmt":"2014-08-27T07:59:51","slug":"bicicleta-culcata-la-pamant-de-un-autoturism-suceavalive","status":"publish","type":"post","link":"https:\/\/analyse.optim.biz\/?p=1344525","title":{"rendered":"Biciclet\u0103 culcat\u0103 la p\u0103m\u00e2nt de un autoturism &#8211; SuceavaLIVE"},"content":{"rendered":"<article id=\"post-44781\" class=\"clearfix post-44781 post type-post status-publish format-standard has-post-thumbnail hentry category-comunicate tag-bicicleta tag-etilotest tag-prioritate tag-ranit tag-spital tag-suceava tag-suceavalive\">\n<header id=\"cb-standard-featured\">\n<div id=\"cb-fis-wrap\" class=\"cb-entry-header cb-fis cb-style-standard\"><span class=\"cb-title-fi\"><\/p>\n<h1 class=\"entry-title cb-entry-title cb-single-title\">Biciclet\u0103 culcat\u0103 la p\u0103m\u00e2nt de un autoturism<\/h1>\n<div class=\"cb-byline cb-font-header\">\n<div class=\"cb-date cb-byline-element\"><time datetime=\"2014-08-27\">27 august 2014<\/time><\/div>\n<\/div>\n<p><\/span><\/div>\n<div class=\"cb-mask\"><img decoding=\"async\" width=\"850\" height=\"638\" src=\"https:\/\/analyse.optim.biz\/wp-content\/uploads\/2026\/01\/accident-bicicleta-1.jpg\" class=\"attachment-cb-full-full size-cb-full-full wp-post-image\" loading=\"lazy\" title=\"accident-bicicleta-1\"><\/div>\n<\/header>\n<p>La data de 26\u00a0august, la ora 15.30, pe DJ 209G, \u00een interiorul comunei Straja, un b\u0103rbat de 63 ani din comuna Brodina, \u00een timp ce ie\u015fea cu bicicleta din curtea unui magazin, nu a acordat prioritate de trecere autoturismului condus pe drumul cu prioritate de un b\u0103rbat de 39 ani din municipiul Suceava \u015fi a fost r\u0103nit u\u015for.<\/p>\n<section class=\"cb-entry-content entry-content clearfix\">\n<p>Ambii participan\u0163i la trafic au fost testa\u0163i cu aparatul etilotest, rezultatele fiind negative, dup\u0103 care, la spital, li s-au recoltat probe biologice, \u00een vederea stabilirii alcoolemiei.<\/p>\n<\/section>\n<footer class=\"article-footer\">\n<p class=\"cb-tags\"><a href=\"https:\/\/suceavalive.ro\/tag\/bicicleta\/\" rel=\"tag\">bicicleta<\/a><a href=\"https:\/\/suceavalive.ro\/tag\/etilotest\/\" rel=\"tag\">etilotest<\/a><a href=\"https:\/\/suceavalive.ro\/tag\/prioritate\/\" rel=\"tag\">prioritate<\/a><a href=\"https:\/\/suceavalive.ro\/tag\/ranit\/\" rel=\"tag\">ranit<\/a><a href=\"https:\/\/suceavalive.ro\/tag\/spital\/\" rel=\"tag\">spital<\/a><a href=\"https:\/\/suceavalive.ro\/tag\/suceava\/\" rel=\"tag\">Suceava<\/a><a href=\"https:\/\/suceavalive.ro\/tag\/suceavalive\/\" rel=\"tag\">suceavalive<\/a><\/p>\n<div class=\"cb-social-sharing cb-post-footer-block cb-beside clearfix\">\n<div class=\"cb-title-subtle\">Share On:<\/div>\n<div class=\"cb-twitter\"><a href=\"https:\/\/twitter.com\/share\" class=\"twitter-share-button\" data-dnt=\"true\" data-count=\"horizontal\">Tweet<\/a><\/div>\n<\/div>\n<div id=\"cb-previous-next-links\" class=\"cb-post-footer-block clearfix\">\n<div id=\"cb-previous-link\"><a href=\"https:\/\/suceavalive.ro\/sangele-tau-poate-salva-o-viata\/\" rel=\"prev\">S\u00e2ngele t\u0103u poate salva o via\u021b\u0103!<\/a><\/div>\n<div id=\"cb-next-link\"><a href=\"https:\/\/suceavalive.ro\/accident-lant-cu-4-masini-implicate\/\" rel=\"next\">Accident \u00een lan\u021b cu 4 ma\u0219ini implicate<\/a><\/div>\n<\/div>\n<div id=\"cb-author-box\" class=\"clearfix\">\n<h3 class=\"cb-block-title\">Despre autor<\/h3>\n<div class=\"cb-mask\"><a href=\"https:\/\/suceavalive.ro\/author\/luiza-loghin\/\"><img decoding=\"async\" src=\"https:\/\/analyse.optim.biz\/wp-content\/uploads\/2026\/01\/21ec5a38ee016d23a9c9d50ce3b4e9e7ef5b09765e70997405f8f9e4b1856ee7-5.jpg\" class=\"avatar avatar-120 photo\" height=\"120\" width=\"120\" loading=\"lazy\" title=\"21ec5a38ee016d23a9c9d50ce3b4e9e7ef5b09765e70997405f8f9e4b1856ee7-5\"><\/a><\/div>\n<div class=\"cb-meta\">\n<div class=\"cb-info\">\n<div class=\"cb-author-title vcard\"><a href=\"https:\/\/suceavalive.ro\/author\/luiza-loghin\/\"><span class=\"fn\">Luiza Loghin<\/span><\/a><\/div>\n<\/div>\n<\/div>\n<\/div>\n<div id=\"cb-related-posts\" class=\"cb-related-posts-block cb-post-end-block clearfix\">\n<h3 class=\"cb-block-title\">Postari asemanatoare<\/h3>\n<ul>\n<li class=\"cb-style-overlay cb-grid-entry cb-related-post no-1\">\n<div class=\"cb-mask\"><a href=\"https:\/\/suceavalive.ro\/calendarul-zilei-20-ianuarie-2\/\"><img decoding=\"async\" width=\"360\" height=\"240\" src=\"https:\/\/analyse.optim.biz\/wp-content\/uploads\/2026\/01\/accident-aviatic-apuseni-360x240-18.jpg\" class=\"attachment-cb-360-240 size-cb-360-240 wp-post-image\" loading=\"lazy\" title=\"accident-aviatic-apuseni-360x240-18\"><\/a><\/div>\n<div class=\"cb-meta cb-article-meta\">\n<h4 class=\"h3 cb-post-title\"><a href=\"https:\/\/suceavalive.ro\/calendarul-zilei-20-ianuarie-2\/\">Calendarul zilei de 20 ianuarie<\/a><\/h4>\n<div class=\"cb-byline cb-font-header\">\n<div class=\"cb-date cb-byline-element\"><time datetime=\"2026-01-20\">20 ianuarie 2026<\/time><\/div>\n<\/div>\n<\/div>\n<\/li>\n<li class=\"cb-style-overlay cb-grid-entry cb-related-post no-2\">\n<div class=\"cb-mask\"><a href=\"https:\/\/suceavalive.ro\/calendarul-zilei-de-19-ianuarie\/\"><img decoding=\"async\" width=\"360\" height=\"240\" src=\"https:\/\/analyse.optim.biz\/wp-content\/uploads\/2026\/01\/indiragandhi759-360x240-23.jpg\" class=\"attachment-cb-360-240 size-cb-360-240 wp-post-image\" loading=\"lazy\" title=\"indiragandhi759-360x240-23\"><\/a><\/div>\n<div class=\"cb-meta cb-article-meta\">\n<h4 class=\"h3 cb-post-title\"><a href=\"https:\/\/suceavalive.ro\/calendarul-zilei-de-19-ianuarie\/\">Calendarul zilei de 19 ianuarie<\/a><\/h4>\n<div class=\"cb-byline cb-font-header\">\n<div class=\"cb-date cb-byline-element\"><time datetime=\"2026-01-19\">19 ianuarie 2026<\/time><\/div>\n<\/div>\n<\/div>\n<\/li>\n<\/ul>\n<\/div>\n<\/footer>\n<div id=\"respond\" class=\"comment-respond\">\n<h3 id=\"reply-title\" class=\"comment-reply-title\">Lasa un raspuns <small><a rel=\"nofollow\" id=\"cancel-comment-reply-link\" href=\"https:\/\/suceavalive.ro\/bicicleta-culcata-la-pamant-de-un-autoturism\/#respond\">Anuleaza raspunsul<\/a><\/small><\/h3>\n<p class=\"comment-notes\">Adresa ta de email nu va fi publicat\u0103.<\/p>\n<\/div>\n<\/article>\n<p> Source URL: https:\/\/suceavalive.ro\/bicicleta-culcata-la-pamant-de-un-autoturism\/<\/p>\n","protected":false},"excerpt":{"rendered":"<p>Biciclet\u0103 culcat\u0103 la p\u0103m\u00e2nt de un autoturism 27 august 2014 La data de 26\u00a0august, la ora 15.30, pe DJ 209G, \u00een interiorul comunei Straja, un b\u0103rbat de 63 ani din comuna Brodina, \u00een timp ce ie\u015fea cu bicicleta din curtea unui magazin, nu a acordat prioritate de trecere autoturismului condus pe drumul cu prioritate de [&hellip;]<\/p>\n","protected":false},"author":1,"featured_media":1344527,"comment_status":"open","ping_status":"","sticky":false,"template":"","format":"standard","meta":{"footnotes":""},"categories":[89],"tags":[173],"class_list":["post-1344525","post","type-post","status-publish","format-standard","has-post-thumbnail","hentry","category-romania","tag-suceavalive-ro"],"_links":{"self":[{"href":"https:\/\/analyse.optim.biz\/index.php?rest_route=\/wp\/v2\/posts\/1344525","targetHints":{"allow":["GET"]}}],"collection":[{"href":"https:\/\/analyse.optim.biz\/index.php?rest_route=\/wp\/v2\/posts"}],"about":[{"href":"https:\/\/analyse.optim.biz\/index.php?rest_route=\/wp\/v2\/types\/post"}],"author":[{"embeddable":true,"href":"https:\/\/analyse.optim.biz\/index.php?rest_route=\/wp\/v2\/users\/1"}],"replies":[{"embeddable":true,"href":"https:\/\/analyse.optim.biz\/index.php?rest_route=%2Fwp%2Fv2%2Fcomments&post=1344525"}],"version-history":[{"count":0,"href":"https:\/\/analyse.optim.biz\/index.php?rest_route=\/wp\/v2\/posts\/1344525\/revisions"}],"wp:featuredmedia":[{"embeddable":true,"href":"https:\/\/analyse.optim.biz\/index.php?rest_route=\/wp\/v2\/media\/1344527"}],"wp:attachment":[{"href":"https:\/\/analyse.optim.biz\/index.php?rest_route=%2Fwp%2Fv2%2Fmedia&parent=1344525"}],"wp:term":[{"taxonomy":"category","embeddable":true,"href":"https:\/\/analyse.optim.biz\/index.php?rest_route=%2Fwp%2Fv2%2Fcategories&post=1344525"},{"taxonomy":"post_tag","embeddable":true,"href":"https:\/\/analyse.optim.biz\/index.php?rest_route=%2Fwp%2Fv2%2Ftags&post=1344525"}],"curies":[{"name":"wp","href":"https:\/\/api.w.org\/{rel}","templated":true}]}}