{"id":1343060,"date":"2023-05-08T16:56:46","date_gmt":"2023-05-08T13:56:46","guid":{"rendered":"https:\/\/analyse.optim.biz\/?p=1343060"},"modified":"2023-05-08T16:56:46","modified_gmt":"2023-05-08T13:56:46","slug":"universitatea-de-medicina-si-farmacie-timisoara","status":"publish","type":"post","link":"https:\/\/analyse.optim.biz\/?p=1343060","title":{"rendered":"Universitatea de Medicin\u0103 \u0219i Farmacie Timi\u0219oara"},"content":{"rendered":"<article id=\"template-id-172790\" class=\"post-172790 tdb_templates type-tdb_templates status-publish post\">\n<div id=\"tdi_52\" class=\"tdc-zone\">\n<div class=\"tdc_zone tdi_53  wpb_row td-pb-row\">\n<div id=\"tdi_54\" class=\"tdc-row stretch_row_1400 td-stretch-content\">\n<div class=\"vc_row tdi_55  wpb_row td-pb-row tdc-element-style\">\n<div class=\"vc_column tdi_57  wpb_column vc_column_container tdc-column td-pb-span8\">\n<div class=\"wpb_wrapper\">\n<div class=\"td_block_wrap tdb_single_categories tdi_58 td-pb-border-top td_block_template_1 \" data-td-block-uid=\"tdi_58\">\n<div class=\"tdb-category td-fix-index\"><a class=\"tdb-entry-category\" href=\"https:\/\/voceatimisului.ro\/category\/stiri-din-timisoara-si-timis\/\">\u0218tiri<\/a><a class=\"tdb-entry-category\" href=\"https:\/\/voceatimisului.ro\/category\/investigatii-stiri\/\">Investiga\u021bii<\/a><\/div>\n<\/div>\n<div class=\"td_block_wrap tdb_title tdi_59 tdb-single-title td-pb-border-top td_block_template_1\" data-td-block-uid=\"tdi_59\">\n<div class=\"tdb-block-inner td-fix-index\">\n<h1 class=\"tdb-title-text\">Ecouri transfrontaliere! Universitatea de Medicin\u0103 \u0219i Farmacie Timi\u0219oara a cenzurat acuza\u021biile de corup\u021bie care i-au fost aduse pe pagina oficial\u0103, la o postare care viza recrutarea de studen\u021bi str\u0103ini din Orientul Mijlociu<\/h1>\n<\/div>\n<\/div>\n<div class=\"vc_row_inner tdi_62  vc_row vc_inner wpb_row td-pb-row\">\n<div class=\"vc_column_inner tdi_64  wpb_column vc_column_container tdc-inner-column td-pb-span6\">\n<div class=\"vc_column-inner\">\n<div class=\"wpb_wrapper\">\n<div class=\"td_block_wrap tdb_single_author tdi_65 td-pb-border-top td_block_template_1 tdb-post-meta\" data-td-block-uid=\"tdi_65\">\n<div class=\"tdb-block-inner td-fix-index\">\n<div class=\"tdb-author-name-wrap\"><span class=\"tdb-author-by\">Autor-<\/span><a class=\"tdb-author-name\" href=\"https:\/\/voceatimisului.ro\/author\/redactia\/\">Redac\u021bia<\/a><\/div>\n<\/div>\n<\/div>\n<div class=\"td_block_wrap tdb_single_date tdi_66 td-pb-border-top td_block_template_1 tdb-post-meta\" data-td-block-uid=\"tdi_66\">\n<div class=\"tdb-block-inner td-fix-index\"><time class=\"entry-date updated td-module-date\" datetime=\"2023-05-08T19:56:46+03:00\">8 mai 2023<\/time><\/div>\n<\/div>\n<div class=\"td_block_wrap tdb_single_comments_count tdi_67 td-pb-border-top td_block_template_1 tdb-post-meta\" data-td-block-uid=\"tdi_67\">\n<div class=\"tdb-block-inner td-fix-index\"><a href=\"https:\/\/voceatimisului.ro\/ecouri-transfrontaliere-universitatea-de-medicina-si-farmacie-timisoara-a-cenzurat-acuzatiile-de-coruptie-care-i-au-fost-aduse-pe-pagina-oficiala-la-o-postare-care-viza-recrutarea-de-studenti-strain\/#respond\"><span>0<\/span><\/a><\/div>\n<\/div>\n<div class=\"td_block_wrap tdb_single_post_views tdi_68 td-pb-border-top td_block_template_1 tdb-post-meta\" data-td-block-uid=\"tdi_68\">\n<div class=\"tdb-block-inner td-fix-index\"><span class=\"tdb-add-text\">1<\/span><span class=\"td-nr-views-155802\">3223<\/span><\/div>\n<\/div>\n<\/div>\n<\/div>\n<\/div>\n<div class=\"vc_column_inner tdi_70  wpb_column vc_column_container tdc-inner-column td-pb-span6\">\n<div class=\"vc_column-inner\">\n<div class=\"wpb_wrapper\">\n<div class=\"td_block_wrap tdb_single_post_share tdi_71  td-pb-border-top td_block_template_1\" data-td-block-uid=\"tdi_71\">\n<div id=\"tdi_71\" class=\"td-post-sharing tdb-block td-ps-bg td-ps-notext td-post-sharing-style1 \">\n<div class=\"td-post-sharing-visible\"><a class=\"td-social-sharing-button td-social-sharing-button-js td-social-network td-social-facebook\" href=\"https:\/\/www.facebook.com\/sharer.php?u=https%3A%2F%2Fvoceatimisului.ro%2Fecouri-transfrontaliere-universitatea-de-medicina-si-farmacie-timisoara-a-cenzurat-acuzatiile-de-coruptie-care-i-au-fost-aduse-pe-pagina-oficiala-la-o-postare-care-viza-recrutarea-de-studenti-strain%2F\" title=\"Facebook\" rel=\"noopener\"><\/p>\n<div class=\"td-social-but-text\">Facebook<\/div>\n<p><\/a><a class=\"td-social-sharing-button td-social-sharing-button-js td-social-network td-social-twitter\" href=\"https:\/\/twitter.com\/intent\/tweet?text=Ecouri+transfrontaliere%21+Universitatea+de+Medicin%C4%83+%C8%99i+Farmacie+Timi%C8%99oara+a+cenzurat+acuza%C8%9Biile+de+corup%C8%9Bie+care+i-au+fost+aduse+pe+pagina+oficial%C4%83%2C+la+o+postare+care+viza+recrutarea+de+studen%C8%9Bi+str%C4%83ini+din+Orientul+Mijlociu&amp;url=https%3A%2F%2Fvoceatimisului.ro%2Fecouri-transfrontaliere-universitatea-de-medicina-si-farmacie-timisoara-a-cenzurat-acuzatiile-de-coruptie-care-i-au-fost-aduse-pe-pagina-oficiala-la-o-postare-care-viza-recrutarea-de-studenti-strain%2F&amp;via=Vocea+Timisului\" title=\"Twitter\" rel=\"noopener\"><\/p>\n<div class=\"td-social-but-text\">Twitter<\/div>\n<p><\/a><a class=\"td-social-sharing-button td-social-sharing-button-js td-social-network td-social-pinterest\" href=\"https:\/\/pinterest.com\/pin\/create\/button\/?url=https:\/\/voceatimisului.ro\/ecouri-transfrontaliere-universitatea-de-medicina-si-farmacie-timisoara-a-cenzurat-acuzatiile-de-coruptie-care-i-au-fost-aduse-pe-pagina-oficiala-la-o-postare-care-viza-recrutarea-de-studenti-strain\/&amp;media=https:\/\/analyse.optim.biz\/wp-content\/uploads\/2026\/01\/universitatea-de-medicina-si-farmacie-timisoara-jpg.webp&amp;description=Ecouri+transfrontaliere%21+Universitatea+de+Medicin%C4%83+%C8%99i+Farmacie+Timi%C8%99oara+a+cenzurat+acuza%C8%9Biile+de+corup%C8%9Bie+care+i-au+fost+aduse+pe+pagina+oficial%C4%83%2C+la+o+postare+care+viza+recrutarea+de+studen%C8%9Bi+str%C4%83ini+din+Orientul+Mijlociu\" title=\"Pinterest\" rel=\"noopener\"><\/p>\n<div class=\"td-social-but-text\">Pinterest<\/div>\n<p><\/a><a class=\"td-social-sharing-button td-social-sharing-button-js td-social-network td-social-whatsapp\" href=\"https:\/\/api.whatsapp.com\/send?text=Ecouri+transfrontaliere%21+Universitatea+de+Medicin%C4%83+%C8%99i+Farmacie+Timi%C8%99oara+a+cenzurat+acuza%C8%9Biile+de+corup%C8%9Bie+care+i-au+fost+aduse+pe+pagina+oficial%C4%83%2C+la+o+postare+care+viza+recrutarea+de+studen%C8%9Bi+str%C4%83ini+din+Orientul+Mijlociu%20%0A%0A%20https:\/\/voceatimisului.ro\/ecouri-transfrontaliere-universitatea-de-medicina-si-farmacie-timisoara-a-cenzurat-acuzatiile-de-coruptie-care-i-au-fost-aduse-pe-pagina-oficiala-la-o-postare-care-viza-recrutarea-de-studenti-strain\/\" title=\"WhatsApp\" rel=\"noopener\"><\/p>\n<div class=\"td-social-but-text\">WhatsApp<\/div>\n<p><\/a><a class=\"td-social-sharing-button td-social-sharing-button-js td-social-network td-social-linkedin\" href=\"https:\/\/www.linkedin.com\/shareArticle?mini=true&amp;url=https:\/\/voceatimisului.ro\/ecouri-transfrontaliere-universitatea-de-medicina-si-farmacie-timisoara-a-cenzurat-acuzatiile-de-coruptie-care-i-au-fost-aduse-pe-pagina-oficiala-la-o-postare-care-viza-recrutarea-de-studenti-strain\/&amp;title=Ecouri+transfrontaliere%21+Universitatea+de+Medicin%C4%83+%C8%99i+Farmacie+Timi%C8%99oara+a+cenzurat+acuza%C8%9Biile+de+corup%C8%9Bie+care+i-au+fost+aduse+pe+pagina+oficial%C4%83%2C+la+o+postare+care+viza+recrutarea+de+studen%C8%9Bi+str%C4%83ini+din+Orientul+Mijlociu\" title=\"Linkedin\" rel=\"noopener\"><\/p>\n<div class=\"td-social-but-text\">Linkedin<\/div>\n<p><\/a><a class=\"td-social-sharing-button td-social-sharing-button-js td-social-network td-social-copy_url\" href=\"https:\/\/voceatimisului.ro\/ecouri-transfrontaliere-universitatea-de-medicina-si-farmacie-timisoara-a-cenzurat-acuzatiile-de-coruptie-care-i-au-fost-aduse-pe-pagina-oficiala-la-o-postare-care-viza-recrutarea-de-studenti-strain\/\" title=\"Copy URL\" rel=\"noopener\"><\/p>\n<div class=\"td-social-but-text\">Copy URL<\/div>\n<p><\/a><\/div>\n<\/div>\n<\/div>\n<\/div>\n<\/div>\n<\/div>\n<\/div>\n<div class=\"td_block_wrap tdb_single_featured_image tdi_72 tdb-content-horiz-left td-pb-border-top td_block_template_1\" data-td-block-uid=\"tdi_72\">\n<div class=\"tdb-block-inner td-fix-index\">\n<figure><img loading=\"lazy\" decoding=\"async\" width=\"696\" height=\"794\" class=\"entry-thumb\" src=\"https:\/\/analyse.optim.biz\/wp-content\/uploads\/2026\/01\/universitatea-de-medicina-si-farmacie-timisoara-jpg-696x794-1.webp\" alt=\"Universitatea de Medicina si Farmacie Timisoara jpg\" title=\"Universitatea de Medicina si Farmacie Timisoara jpg\"><figcaption class=\"tdb-caption-text\">Universitatea de Medicina si Farmacie Timisoara jpg<\/figcaption><\/figure>\n<\/div>\n<\/div>\n<div class=\"vc_row_inner tdi_74  vc_row vc_inner wpb_row td-pb-row\">\n<div class=\"vc_column_inner tdi_76  wpb_column vc_column_container tdc-inner-column td-pb-span4 td-is-sticky\">\n<div class=\"vc_column-inner\">\n<div class=\"wpb_wrapper\" data-sticky-enabled-on=\"W3RydWUsdHJ1ZSx0cnVlLHRydWVd\" data-sticky-offset=\"20\" data-sticky-is-width-auto=\"W2ZhbHNlLGZhbHNlLGZhbHNlLGZhbHNlXQ==\">\n<div class=\"td_block_wrap td_flex_block_1 tdi_77 td-pb-border-top td_block_template_1 td_ajax_preloading_preload td_flex_block\" data-td-block-uid=\"tdi_77\">\n<div id=\"tdi_77\" class=\"td_block_inner td-mc1-wrap\">\n<div class=\"td_module_flex td_module_flex_1 td_module_wrap td-animation-stack td-meta-info-hide td-cpt-post\">\n<div class=\"td-module-container td-category-pos-image\">\n<div class=\"td-module-meta-info\">\n<h3 class=\"entry-title td-module-title\"><a href=\"https:\/\/voceatimisului.ro\/efect-de-bumerang-primaria-giroc-se-pregateste-sa-plateasca-despagubiri-de-milioane-de-euro-in-cazul-unor-abuzuri-imobiliare-fara-precedent\/\" rel=\"bookmark\" title=\"Efect de bumerang! Prim\u0103ria Giroc se preg\u0103te\u0219te s\u0103 pl\u0103teasc\u0103 desp\u0103gubiri de milioane de euro, \u00een cazul unor abuzuri imobiliare, f\u0103r\u0103 precedent\">Efect de bumerang! Prim\u0103ria Giroc se preg\u0103te\u0219te s\u0103 pl\u0103teasc\u0103 desp\u0103gubiri de milioane de euro, \u00een cazul unor abuzuri imobiliare, f\u0103r\u0103 precedent<\/a><\/h3>\n<\/div>\n<\/div>\n<\/div>\n<div class=\"td_module_flex td_module_flex_1 td_module_wrap td-animation-stack td-meta-info-hide td-cpt-post\">\n<div class=\"td-module-container td-category-pos-image\">\n<div class=\"td-module-meta-info\">\n<h3 class=\"entry-title td-module-title\"><a href=\"https:\/\/voceatimisului.ro\/macel-didactic-la-umf-timisoara-a-inceput-in-forta-preluarea-puterii-si-acapararea-sinecurilor-academice-departe-de-modelul-revolutiilor-de-catifea\/\" rel=\"bookmark\" title=\"M\u0103cel didactic! La UMF Timi\u0219oara a \u00eenceput, \u00een for\u021b\u0103, preluarea puterii \u0219i acapararea sinecurilor academice, departe de modelul revolu\u021biilor de catifea\">M\u0103cel didactic! La UMF Timi\u0219oara a \u00eenceput, \u00een for\u021b\u0103, preluarea puterii \u0219i acapararea sinecurilor academice, departe de modelul revolu\u021biilor de catifea<\/a><\/h3>\n<\/div>\n<\/div>\n<\/div>\n<div class=\"td_module_flex td_module_flex_1 td_module_wrap td-animation-stack td-meta-info-hide td-cpt-post\">\n<div class=\"td-module-container td-category-pos-image\">\n<div class=\"td-module-meta-info\">\n<h3 class=\"entry-title td-module-title\"><a href=\"https:\/\/voceatimisului.ro\/liga-sanitara-umf-timisoara-deschide-portile-raiului-pentru-sectiile-clinicile-private-cu-cheia-sfantului-rafila-de-la-ministerul-sanatatii\/\" rel=\"bookmark\" title=\"Liga sanitar\u0103! UMF Timi\u0219oara deschide por\u021bile raiului pentru sec\u021biile clinicile private, cu cheia Sf\u00e2ntului Rafila de la Ministerul S\u0103n\u0103t\u0103\u021bii\">Liga sanitar\u0103! UMF Timi\u0219oara deschide por\u021bile raiului pentru sec\u021biile clinicile private, cu cheia Sf\u00e2ntului Rafila de la Ministerul S\u0103n\u0103t\u0103\u021bii<\/a><\/h3>\n<\/div>\n<\/div>\n<\/div>\n<div class=\"td_module_flex td_module_flex_1 td_module_wrap td-animation-stack td-meta-info-hide td-cpt-post\">\n<div class=\"td-module-container td-category-pos-image\">\n<div class=\"td-module-meta-info\">\n<h3 class=\"entry-title td-module-title\"><a href=\"https:\/\/voceatimisului.ro\/somn-de-voie-medicul-florica-birsasteanu-a-demisionat-din-fruntea-sectiei-de-radiologie-dupa-ce-umft-si-spitalul-judetean-timisoara-s-au-prins-la-trei-luni-de-la-numire-ca-l-au-inscaunat-si-miruit\/\" rel=\"bookmark\" title=\"Somn de voie! Medicul Floric\u0103 B\u00eers\u0103\u0219teanu a demisionat din fruntea Sec\u021biei de Radiologie dup\u0103 ce UMFT \u0219i Spitalul Jude\u021bean Timi\u0219oara s-au prins, la trei luni de la numire, c\u0103 l-au \u00eensc\u0103unat \u0219i miruit ilegal\">Somn de voie! Medicul Floric\u0103 B\u00eers\u0103\u0219teanu a demisionat din fruntea Sec\u021biei de Radiologie dup\u0103 ce UMFT \u0219i Spitalul Jude\u021bean Timi\u0219oara s-au prins, la trei&#8230;<\/a><\/h3>\n<\/div>\n<\/div>\n<\/div>\n<\/div>\n<\/div>\n<div class=\"tdb-author-box td_block_wrap tdb_single_author_box tdi_82 tdb-content-vert-top td-pb-border-top td_block_template_1\" data-td-block-uid=\"tdi_82\">\n<div class=\"tdb-block-inner td-fix-index\">\n<div class=\"tdb-author-info\"><a href=\"https:\/\/voceatimisului.ro\/author\/redactia\/\" class=\"tdb-author-name\">Redac\u021bia<\/a><\/p>\n<div class=\"tdb-author-descr\">\u00centreaga responsabilitate a comentariilor l\u0103sate de dumneavoastr\u0103 v\u0103 apar\u021bine!<br \/>\nClick <a href=\"https:\/\/voceatimisului.ro\/termeni-si-conditii\/\">aici<\/a>-citeste condi\u0163iile de utilizare ale site-ului www.voceatimisului.ro<\/div>\n<\/div>\n<\/div>\n<\/div>\n<\/div>\n<\/div>\n<\/div>\n<div class=\"vc_column_inner tdi_84  wpb_column vc_column_container tdc-inner-column td-pb-span8\">\n<div class=\"vc_column-inner\">\n<div class=\"wpb_wrapper\">\n<div class=\"td_block_wrap tdb_single_content tdi_85 td-pb-border-top td_block_template_1 td-post-content tagdiv-type\" data-td-block-uid=\"tdi_85\">\n<div class=\"tdb-block-inner td-fix-index\">\n<h5 class=\"wp-block-heading\" id=\"h-hartia-suporta-orice-pe-scurt-dincolo-de-arogan\u021ba-in-forma-pura-la-asta-s-a-redus-pozi\u021bia-publica-a-universita\u021bii-de-medicina-\u0219i-farmacie-victor-babe\u0219-din-timi\u0219oara-din-nou-in-momentul-in-care-cu-trei-luni-in-urma-mai-multe-afi\u0219e-prin-care-era-denun\u021bata-corup\u021bia-de-la-facultatea-de-stomatologie-au-fost-lipite-pe-stalpii-din-zona-institu\u021biei-de-inva\u021bamant-superior-\u0219i-de-acolo-dupa-principii-riguroase-de-marketing-reclama-stradala-\u0219i-a-vazut-de-drum-prin-tot-centrul-ora\u0219ului-in-zona-poli\u021biei-\u0219i-parchetului-dupa-care-a\u0219a-cum-era-de-a\u0219teptat-in-lipsa-manevrelor-de-resuscitare-\u0219i-a-interesului-comun-a-intervenit-moartea-subita-\u0219i-capacul-pe-oala\">H\u00e2rtia suport\u0103 orice! Pe scurt, dincolo de arogan\u021ba \u00een form\u0103 pur\u0103, la asta s-a redus pozi\u021bia public\u0103 a Universit\u0103\u021bii de Medicin\u0103 \u0219i Farmacie \u201dVictor Babe\u0219\u201d din Timi\u0219oara, din nou, \u00een momentul \u00een care, cu trei luni \u00een urm\u0103, mai multe afi\u0219e, prin care era denun\u021bat\u0103 corup\u021bia de la Facultatea de Stomatologie, au fost lipite pe st\u00e2lpii din zona institu\u021biei de \u00eenv\u0103\u021b\u0103m\u00e2nt superior. \u0218i, de acolo, dup\u0103 principii riguroase de marketing, reclama stradal\u0103 \u0219i-a v\u0103zut de drum prin tot centrul ora\u0219ului, \u00een zona Poli\u021biei \u0219i Parchetului! Dup\u0103 care, a\u0219a cum era de a\u0219teptat, \u00een lipsa manevrelor de resuscitare \u0219i a interesului comun, a intervenit moartea subit\u0103 \u0219i capacul pe oal\u0103!<\/h5>\n<p>De fapt, ca s\u0103 fim corec\u021bi, ultima ac\u021biune de guerill\u0103 stradal\u0103, care a avut \u00een prim-plan, iar\u0103\u0219i, emblematica \u0219coal\u0103 medical\u0103 de pe malurile Beg\u0103i, a avut, totu\u0219i, un rezultat notabil! Unul singur! Dovad\u0103 c\u0103, viralizarea evenimentului ad-hoc \u201eStop corup\u021biei din stomatologie \u00een UMF Timi\u0219oara\u201d, \u00eenso\u021bit de nume, prenume, titluri universitare \u0219i tarifare \u00een valut\u0103, a mobilizat at\u00e2t univerisitatea, c\u00e2t \u0219i autorit\u0103\u021bile de for\u021b\u0103 ale statului rom\u00e2n. Ca dovad\u0103 cert\u0103, indubitabil\u0103 \u0219i incontestabil\u0103, c\u0103 institu\u021biile rom\u00e2ne\u0219ti au reac\u021bionat la capacitate maxim\u0103, st\u0103 procesul-verbal de contraven\u021bie, \u00eencheiat de Poli\u021bia Local\u0103 Timi\u0219oara. <strong>Mai exact, un act punitiv care, dup\u0103 o anchet\u0103 riguroas\u0103, a identificat\u2026 lipitorul de afi\u0219e, \u00een persoana unei femei de 58 de ani<\/strong>! At\u00e2t \u0219i nimic mai mult!<\/p>\n<p>De altfel, a fost deconspirat\u0103 o doamn\u0103 care, ulterior, pe data de 6 februarie 2023, a \u0219i fost amendat\u0103 cu suma de 600 RON, \u00een baza Legii 61\/1991, pe motiv c\u0103\u2026 a adus atingere onoarei \u0219i demnit\u0103\u021bii unor persoane! Mai mult, c\u0103 a executat un afi\u0219aj stradal\u2026 neautorizat! \u0218i aici, \u00een acest punct, a murit campania anti\u0219pag\u0103, care a avut \u00een prim plan al discu\u021biei \u0219i expunerii publice, pe st\u00e2lpii de iluminat stradali, nu mai pu\u021bin celebra Universitate de Medicin\u0103 \u0219i Farmacie \u201dVictor Babe\u0219\u201d Timi\u0219oara. Acum, una peste alta, nu e pentru prima dat\u0103 c\u00e2nd institu\u021bia de \u00eenv\u0103\u021b\u0103m\u00e2nt superior d\u0103 piept cu acuza\u021biile de corup\u021bie. \u0218i, \u00een ultimele dou\u0103 decenii, Har Domnului, au tot fost scandaluri care au zguduit blazonul UMFT \u0219i lini\u0219tea cooperativei medicale.<\/p>\n<p>La \u00eenceputul anilor 2000, studen\u021bii medicini\u0219ti indieni, care nu au mai rezistat mercurialului, impus de o serie de cadre didactice ale UMF Timi\u0219oara, au dat startul revoltei. <strong>Atunci, ca urmare a dezv\u0103luirilor publice, s-a l\u0103sat cu arest\u0103ri \u0219i, ulterior, cu condamn\u0103ri de 10 ani de \u00eenchisoare pentru angaja\u021bi ai institu\u021biei de \u00eenv\u0103\u021b\u0103m\u00e2nt superior<\/strong>. A urmat mai apoi, la nivelul lui 2006, scandalul burselor, tot pentru studen\u021bii str\u0103ini. Practic, cotiza\u021bii pentru ob\u021binerea drepturilor studen\u021be\u0219ti! \u00cen acest episod, tot datorit\u0103 interven\u021biei mass-media, s-a l\u0103sat cu sanc\u021biuni, iar lucrurile au reintrat \u00een normalitate \u0219i legalitate! <strong>\u00cen 2004, profesorul universitar Ioan Branea a fost filmat cu chilo\u0163ii \u00een vine de o student\u0103 care venise la el pentru o m\u0103rire de not\u0103. Pentru dou\u0103 puncte \u00een plus, profesorul a cerut sex oral \u015fi \u201epu\u0163in\u201d sex normal<\/strong>.<\/p>\n<p>C\u00e2\u021biva ani mai t\u00e2rziu, la mijlocul lui 2011, pe pere\u021bii Universit\u0103\u021bii de Medicin\u0103 Timi\u0219oara, exact la intrarea principal\u0103, au ap\u0103rut inscrip\u021bii, scrise cu vopsea, exact \u00eenainte de sesiune. Aceea\u0219i poezie: <strong>\u0219paga pentru examene<\/strong>! S-a transpirat din greu, \u00een acel moment, ca versurile <strong>\u201d<u>\u0218pag\u0103, se apropie sesiunea<\/u>\u201d <\/strong>s\u0103 dispar\u0103 rapid de pe ziduri, p\u00e2n\u0103 la primele ore ale dimine\u021bii. \u0218i a\u0219a a \u0219i fost \u2013 aceton\u0103 \u0219i vopsea proasp\u0103t\u0103! Ulterior, \u00een 2019, afi\u0219e, cu acela\u0219i leit motiv\u2026 de \u0219pag\u0103, au \u00eemp\u00e2nzit str\u0103zile din jurul UMFT. \u0218i atunci, ca \u0219i \u00een februarie 2023, a fost la fel: <strong>cu nume, prenume, tarifar<\/strong>! Degeaba! Oricum, de departe, \u00een ceea ce prive\u0219te UMF-istanul, punctul pe I l-a pus Carmen Bejan, studenta uciga\u0219\u0103 de la Medicin\u0103 care, \u00een fa\u021ba judec\u0103torilor de la Tribunalul Timi\u0219, a povestit cum a ajuns s\u0103-\u0219i v\u00e2nd\u0103 corpul: <strong>\u201dM-am prostituat pentru c\u0103 aveam nevoie de bani pentru \u0219p\u0103gile de la examenele de restan\u021be\u201d.<\/strong><\/p>\n<p><strong>Alocu\u021biuni universitare<\/strong><\/p>\n<p>Revenind la zi, acum, c\u00e2teva lucruri sunt clare ca lumina zilei, semn c\u0103 logica \u0219i construc\u021bia frazelor, \u00een ceea ce prive\u0219te mediul academic \u00een care se scald\u0103 UMF Timi\u0219oara, nu s-au schimbat deloc \u00een ultimele dou\u0103 decenii. Din contr\u0103, asem\u0103n\u0103rile sunt izbitoare. Iat\u0103 dou\u0103 exemple, \u00een oglind\u0103. \u00cen 2011, c\u00e2nd au (re)ap\u0103rut acuza\u021biile de \u0219pag\u0103 pentru promovarea examenelor, scrise cu litere de \u0219chioap\u0103 \u0219i cu vopsea, chiar la intrarea principal\u0103 \u00een institu\u021bia de \u00eenv\u0103\u021b\u0103m\u00e2nt superior, rectorul de atunci al stabilimentului \u0219i fost ministru al s\u0103n\u0103t\u0103\u021bii, prof. dr. \u0218tefan Iosif Dr\u0103gulescu, a spus: <strong>\u201eDac\u0103 se d\u0103 importan\u021b\u0103 \u0219i la ce se scrie pe ziduri, ce s\u0103 mai zic. Eu nu comentez scrisul pe ziduri\u201d.<\/strong> A\u0219a c\u0103 totul a r\u0103mas la nivelul intelectual de\u2026 simple m\u00e2zg\u0103lituri pe pere\u021bi! Nu anchet\u0103 intern\u0103 sau extern\u0103\u2026 absolut nimic!<\/p>\n<p>La fel a fost \u0219i \u00een 2019 c\u00e2nd, de pe pere\u021bii UMFT, protestele s-au mutat, \u00een format letric, pe st\u00e2lpii de iluminat stradal \u0219i pe suport de celuloz\u0103! <strong>Cuv\u00e2ntul a r\u0103mas neschimbat: \u0219pag\u0103<\/strong>! \u0218i atunci, la fel ca-n 2011, a fost lini\u0219te \u0219i pace! \u00cen aceea\u0219i bul\u0103 spa\u021bio-temporal\u0103, \u00een februarie 2023, povestea cu afi\u0219ajul ilegal, la adresa \u0219i onoarea UMF Timi\u0219oara, a revenit. \u0218i, chiar dac\u0103 povestea s-a tot repetat \u00een ultimele dou\u0103 decenii, decanul Facult\u0103\u021bii de Stomatologie din cadrul UMF Timi\u0219oara, Meda Negru\u021biu, ne demonstreaz\u0103 c\u0103 logica universitar\u0103 a r\u0103mas \u00eencremenit\u0103 \u00een timp, de aceast\u0103 dat\u0103, pe principiul c\u0103:<strong>\u201dH\u00e2rtia suport\u0103 orice! Oricine poate scrie orice. At\u00e2ta timp c\u00e2t nu exist\u0103 nicio pl\u00e2ngere, nici din partea studen\u021bilor, nici din a altcuiva, care s\u0103 fie \u00eenregistrat\u0103 la facultate sau undeva, o h\u00e2rtie lipit\u0103 pe un st\u00e2lp, mie nu-mi spune nimic. Dorm foarte bine. Colegii mei la fel\u2026\u201d.<\/strong><\/p>\n<p>Acum, povestea care dureaz\u0103 de cel pu\u021bin 20 de ani, se repet\u0103! Spre deosebire de scrisul cu vopsea pe zidul institu\u021biei sau lipitul de afi\u0219e pe st\u00e2lpii de iluminat, de aceast\u0103 dat\u0103, anun\u021bul public, referitor tot la practicile neortodoxe de tarifare ale cadrelor didactice, a fost f\u0103cut pe Facebook. Chiar pe pagina oficial\u0103 a Universit\u0103\u021bii de Medicin\u0103 \u0219i Farmacie \u201dVictor Babe\u0219\u201d Timi\u0219oara, \u00eentr-o postare care laud\u0103 \u0219i preasl\u0103ve\u0219te eforturile institu\u021biei de \u00eenv\u0103\u021b\u0103m\u00e2nt superior de a recruta studen\u021bi str\u0103ini, tocmai din Orientul Mijlociu. Mai exact, vorbim despre un simpozion din Maroc unde, sub egida Consiliului Na\u021bional al Rectorilor (G6) \u0219i sub sloganul <em>Study in Romania<\/em>, UMFT a prezentat\u2026 beneficiile \u0219colii medicale rom\u00e2ne\u0219ti.<\/p>\n<p>P\u00e2n\u0103 aici, toate bune \u0219i frumoase! \u00cen sensul c\u0103, a\u0219a cum rezult\u0103 din probe certe, postarea public\u0103 de pe pagina oficial\u0103 de Facebook a UMF Timi\u0219oara a avut loc \u00een cursul dup\u0103-amiezii zilei de vineri, 5 mai 2023. <strong>\u0218i p\u00e2n\u0103, azi, 8 mai a.c., la ora 11.35, a reu\u0219it s\u0103 str\u00e2ng\u0103 274 de aprecieri \u0219i\u2026 2 comentarii.<\/strong><strong>Un minut mai t\u00e2rziu, dup\u0103 3 zile \u00eentregi de expunere, la ora 11.36, comentariile au fost \u0219terse, semn c\u0103, dup\u0103 72 de ore, cineva a sesizat \u0219i a (auto)evaluat\u2026 riscurile de imagine \u0219i poten\u021bialul exploziv<\/strong>! Evident, exist\u0103 \u0219i o explica\u021bie logic\u0103 pentru acest demers universitar, total netransparent: <em>un comentariu<\/em>! De fapt, un altul, cu acela\u0219i subiect \u0219i predicat: <strong>\u0219paga din UMF Timi\u0219oara!<\/strong><\/p>\n<p>A\u0219adar, vizavi de recrutarea studen\u021bilor str\u0103ini, \u00een cadrul campaniei UMFT din Maroc, un anume <strong>Abbas Kamal<\/strong> (cont real) a avut ceva de ad\u0103ugat, chiar pe pagina institu\u021biei de \u00eenv\u0103\u021b\u0103m\u00e2nt, exact la postarea universitar\u0103 despre Study \u00een Romania. \u0218i a f\u0103cut-o \u00een limba englez\u0103 a\u0219a cum rezult\u0103 din probele afi\u0219ate la finalul textului. Pe scurt, internautul zicea cam a\u0219a: <strong>c\u0103 nu sf\u0103tuie\u0219te pe nimeni s\u0103 studieze la UMFT (\u0219i se refer\u0103 strict la Facultatea de Stomatologie), c\u0103 \u0219tie de la fratele s\u0103u care a urmat cursuri la Timi\u0219oara c\u0103, indiferent c\u00e2t\u0103 carte \u0219tii, nu treci examenele f\u0103r\u0103 \u0219pag\u0103, c\u0103 toat\u0103 lumea (cu mic cu mare) cunoa\u0219te mercurialul, c\u0103 to\u021bi \u0219tiu identitatea brokerilor de care se folosesc anumite cadre didactice \u0219i c\u0103 nimeni nu face absolut nimic! <\/strong>Ca la final, s\u0103 spun\u0103 c\u0103 o parte dintre cadrele de la Facultatea de Stomatologie din cadrul UMF Timi\u0219oara sunt\u2026 <strong>unprofessional \u0219i hungry doctors!<\/strong><\/p>\n<p><strong>Lume nou<\/strong><strong>\u0103<\/strong><\/p>\n<p>Azi, a\u0219a cum \u0219tie toat\u0103 lumea, rector al UMF Timi\u0219oara este prof. dr. Octavian Cre\u021bu. \u0218i, vizavi de toat\u0103 aceste elemente \u0219i suspiciuni de corup\u021bie, care \u00eenc\u0103 planeaz\u0103 asupra institu\u021biei de \u00eenv\u0103\u021b\u0103m\u00e2nt, mai ales dup\u0103 arest\u0103rile recente ale profesorilor universitari doctori Marian Ga\u0219par (cardiolog) \u0219i Octavian Mazilu (chirurg oncolog), mai marele \u0219colii medicale b\u0103n\u0103\u021bene a avut un mesaj interesant. \u00cen sensul c\u0103 \u0219tie de existen\u021ba unor astfel de situa\u021bii punctuale, doar la nivel de informa\u021bie brut\u0103. At\u00e2t \u0219i nimic mai mult! <strong>\u201dC\u00e2nd au venit studen\u021bii s\u0103 se pl\u00e2ng\u0103 de chestiuni de genul acesta, i-am ascultat, apoi i-am rugat s\u0103 scrie o reclama\u021bie sau dac\u0103 doresc s\u0103 mearg\u0103 s\u0103 denun\u021be faptele la organele abilitate. To\u021bi au refuzat\u2026\u201d.<\/strong><\/p>\n<p>Cu alte cuvinte, chiar dac\u0103 au existat semnale c\u0103 unii profesori condi\u021bioneaz\u0103 actul academic, UMF Timi\u0219oara n-a reu\u0219it niciodat\u0103 s\u0103-i conving\u0103 pe peten\u021bi ca s\u0103 pun\u0103 totul pe h\u00e2rtie. A\u0219adar, n-a existat, \u00een situa\u021bii clare, nici m\u0103car vreo comisie de disciplin\u0103, care s\u0103 analizeze faptele \u0219i s\u0103 stabileasc\u0103 adev\u0103rul. Deci, nici vorb\u0103 de sanc\u021biuni! \u00cen schimb, dup\u0103 cum sus\u021bine rectorul UMFT, s-a reu\u0219it altceva: <strong><em>\u201dUnde au existat semnale clare, am dispus schimbarea comisiilor de reexaminare, de reziden\u021biat etc. Da, recunosc c\u0103 unii colegi au venit peste mine \u00een birou, dar am r\u0103mas pe pozi\u021bii. Sunt studen\u021bi care \u0219i ast\u0103zi \u00eemi roag\u0103 de s\u0103n\u0103tate. \u0218tiu c\u0103 mai avem de lucru la acest capitol, dar semnalele sunt \u00eencurajatoare\u201d.<\/em><\/strong><\/p>\n<p>Bun, nu e foarte clar \u00een acest moment, la fel cum nu e nici foarte palpabil, c\u0103 vibra\u021biile de pace \u0219i prietenie sunt \u00eembucur\u0103toare pe palierele UMF Timi\u0219oara. \u00cen schimb, certe sunt urm\u0103toarele aspecte, tocmai pentru c\u0103 se bazeaz\u0103 pe cifre \u0219i calcule matematice, deloc sofisticate: b\u0103t\u0103lia pentru studen\u021bii str\u0103ini e tot mai acerb\u0103 iar, de la an la an, chiar dac\u0103 num\u0103rul acestora e \u00eentr-o u\u0219oar\u0103 sc\u0103dere la UMFT, configura\u021biile etnice ale viitorilor medici, care calc\u0103 pragul institu\u021biei b\u0103n\u0103\u021bene, sunt \u00eentr-o continu\u0103 schimbare \u0219i \u00eentr-o dinamic\u0103 nebun\u0103! Practic, tocmai din cauza suspiciunilor rezonabile de corup\u021bie, universitatea nu-\u0219i g\u0103se\u0219te locul \u00een pia\u021b\u0103, nu-\u0219i stabilizeaz\u0103 segmentul de str\u0103ini \u0219i totul e un du-te-vino. A\u0219a se explic\u0103 \u0219i dispari\u021bia studen\u021bilor greci, sirieni, indieni \u0219i pachistanezi. Chiar \u0219i reducerea drastic\u0103 a italienilor \u0219i nem\u021bilor!<\/p>\n<p>Acum, UMF Timi\u0219oara mizeaz\u0103 mult pe pia\u021ba din Maroc \u0219i Tunisia, unde are ceva tradi\u021bie, dup\u0103 cum se pare. Dar, cea mai mare provocare a \u0219colii medicale b\u0103n\u0103\u021bene, \u00eencepe abia din toamna lui 2023 c\u00e2nd la studii, pe linie interguvernamental\u0103, sunt a\u0219tepta\u021bi, \u00een b\u0103nci, israelienii. \u0218i aici, o dat\u0103 cu riscul, se \u00eengroa\u0219\u0103 \u0219i gluma\u2026<\/p>\n<figure class=\"wp-block-gallery has-nested-images columns-default is-cropped wp-block-gallery-1 is-layout-flex wp-block-gallery-is-layout-flex\">\n<figure class=\"wp-block-image size-large\"><a href=\"https:\/\/voceatimisului.ro\/wp-content\/uploads\/2023\/05\/Universitatea-de-Medicina-si-Farmacie-Timisoara-a-cenzurat-acuzatiile-de-coruptie3.jpg\"><img loading=\"lazy\" decoding=\"async\" width=\"576\" height=\"1024\" data-id=\"155806\" src=\"https:\/\/analyse.optim.biz\/wp-content\/uploads\/2026\/01\/universitatea-de-medicina-si-farmacie-timisoara-a-cenzurat-acuzatiile-de-coruptie3-576x1024-1.jpg\" alt=\"Ecouri transfrontaliere! Universitatea de Medicin\u0103 \u0219i Farmacie Timi\u0219oara a cenzurat acuza\u021biile de corup\u021bie care i-au fost aduse pe pagina oficial\u0103, la o postare care viza recrutarea de studen\u021bi str\u0103ini din Orientul Mijlociu\" class=\"wp-image-155806\" title=\"universitatea-de-medicina-si-farmacie-timisoara-a-cenzurat-acuzatiile-de-coruptie3-576x1024-1\"><\/a><\/figure>\n<figure class=\"wp-block-image size-large\"><a href=\"https:\/\/analyse.optim.biz\/wp-content\/uploads\/2026\/01\/universitatea-de-medicina-si-farmacie-timisoara-a-cenzurat-acuzatiile-de-coruptie2.jpg\"><img loading=\"lazy\" decoding=\"async\" width=\"720\" height=\"960\" data-id=\"155807\" src=\"https:\/\/analyse.optim.biz\/wp-content\/uploads\/2026\/01\/universitatea-de-medicina-si-farmacie-timisoara-a-cenzurat-acuzatiile-de-coruptie2.jpg\" alt=\"Ecouri transfrontaliere! Universitatea de Medicin\u0103 \u0219i Farmacie Timi\u0219oara a cenzurat acuza\u021biile de corup\u021bie care i-au fost aduse pe pagina oficial\u0103, la o postare care viza recrutarea de studen\u021bi str\u0103ini din Orientul Mijlociu\" class=\"wp-image-155807\" title=\"universitatea-de-medicina-si-farmacie-timisoara-a-cenzurat-acuzatiile-de-coruptie2\"><\/a><\/figure>\n<figure class=\"wp-block-image size-large\"><a href=\"https:\/\/voceatimisului.ro\/wp-content\/uploads\/2023\/05\/Universitatea-de-Medicina-si-Farmacie-Timisoara-a-cenzurat-acuzatiile-de-coruptie4.jpg\"><img loading=\"lazy\" decoding=\"async\" width=\"485\" height=\"1024\" data-id=\"155808\" src=\"https:\/\/analyse.optim.biz\/wp-content\/uploads\/2026\/01\/universitatea-de-medicina-si-farmacie-timisoara-a-cenzurat-acuzatiile-de-coruptie4-485x1024-1.jpg\" alt=\"Ecouri transfrontaliere! Universitatea de Medicin\u0103 \u0219i Farmacie Timi\u0219oara a cenzurat acuza\u021biile de corup\u021bie care i-au fost aduse pe pagina oficial\u0103, la o postare care viza recrutarea de studen\u021bi str\u0103ini din Orientul Mijlociu\" class=\"wp-image-155808\" title=\"universitatea-de-medicina-si-farmacie-timisoara-a-cenzurat-acuzatiile-de-coruptie4-485x1024-1\"><\/a><\/figure>\n<figure class=\"wp-block-image size-large\"><a href=\"https:\/\/voceatimisului.ro\/wp-content\/uploads\/2023\/05\/Universitatea-de-Medicina-si-Farmacie-Timisoara-a-cenzurat-acuzatiile-de-coruptie1.jpg\"><img decoding=\"async\" loading=\"lazy\" width=\"598\" height=\"1024\" data-id=\"155809\" src=\"https:\/\/analyse.optim.biz\/wp-content\/uploads\/2026\/01\/universitatea-de-medicina-si-farmacie-timisoara-a-cenzurat-acuzatiile-de-coruptie1-598x1024-1.jpg\" alt=\"Ecouri transfrontaliere! Universitatea de Medicin\u0103 \u0219i Farmacie Timi\u0219oara a cenzurat acuza\u021biile de corup\u021bie care i-au fost aduse pe pagina oficial\u0103, la o postare care viza recrutarea de studen\u021bi str\u0103ini din Orientul Mijlociu\" class=\"wp-image-155809\" title=\"universitatea-de-medicina-si-farmacie-timisoara-a-cenzurat-acuzatiile-de-coruptie1-598x1024-1\"><\/a><\/figure>\n<figure class=\"wp-block-image size-large\"><a href=\"https:\/\/voceatimisului.ro\/wp-content\/uploads\/2023\/05\/Universitatea-de-Medicina-si-Farmacie-Timisoara-a-cenzurat-acuzatiile-de-coruptie5.jpg\"><img decoding=\"async\" loading=\"lazy\" width=\"561\" height=\"1024\" data-id=\"155810\" src=\"https:\/\/analyse.optim.biz\/wp-content\/uploads\/2026\/01\/universitatea-de-medicina-si-farmacie-timisoara-a-cenzurat-acuzatiile-de-coruptie5-561x1024-1.jpg\" alt=\"Ecouri transfrontaliere! Universitatea de Medicin\u0103 \u0219i Farmacie Timi\u0219oara a cenzurat acuza\u021biile de corup\u021bie care i-au fost aduse pe pagina oficial\u0103, la o postare care viza recrutarea de studen\u021bi str\u0103ini din Orientul Mijlociu\" class=\"wp-image-155810\" title=\"universitatea-de-medicina-si-farmacie-timisoara-a-cenzurat-acuzatiile-de-coruptie5-561x1024-1\"><\/a><\/figure>\n<figure class=\"wp-block-image size-large\"><a href=\"https:\/\/voceatimisului.ro\/wp-content\/uploads\/2023\/05\/Universitatea-de-Medicina-si-Farmacie-Timisoara-a-cenzurat-acuzatiile-de-coruptie6.jpg\"><img decoding=\"async\" loading=\"lazy\" width=\"646\" height=\"1024\" data-id=\"155811\" src=\"https:\/\/analyse.optim.biz\/wp-content\/uploads\/2026\/01\/universitatea-de-medicina-si-farmacie-timisoara-a-cenzurat-acuzatiile-de-coruptie6-646x1024-1.jpg\" alt=\"Ecouri transfrontaliere! Universitatea de Medicin\u0103 \u0219i Farmacie Timi\u0219oara a cenzurat acuza\u021biile de corup\u021bie care i-au fost aduse pe pagina oficial\u0103, la o postare care viza recrutarea de studen\u021bi str\u0103ini din Orientul Mijlociu\" class=\"wp-image-155811\" title=\"universitatea-de-medicina-si-farmacie-timisoara-a-cenzurat-acuzatiile-de-coruptie6-646x1024-1\"><\/a><\/figure>\n<figure class=\"wp-block-image size-large\"><a href=\"https:\/\/voceatimisului.ro\/wp-content\/uploads\/2023\/05\/Universitatea-de-Medicina-si-Farmacie-Timisoara-a-cenzurat-acuzatiile-de-coruptie7.jpg\"><img decoding=\"async\" loading=\"lazy\" width=\"806\" height=\"1024\" data-id=\"155812\" src=\"https:\/\/analyse.optim.biz\/wp-content\/uploads\/2026\/01\/universitatea-de-medicina-si-farmacie-timisoara-a-cenzurat-acuzatiile-de-coruptie7-806x1024-1.jpg\" alt=\"Ecouri transfrontaliere! Universitatea de Medicin\u0103 \u0219i Farmacie Timi\u0219oara a cenzurat acuza\u021biile de corup\u021bie care i-au fost aduse pe pagina oficial\u0103, la o postare care viza recrutarea de studen\u021bi str\u0103ini din Orientul Mijlociu\" class=\"wp-image-155812\" title=\"universitatea-de-medicina-si-farmacie-timisoara-a-cenzurat-acuzatiile-de-coruptie7-806x1024-1\"><\/a><\/figure>\n<\/figure>\n<\/div>\n<\/div>\n<div class=\"td_block_wrap tdb_single_tags tdi_88 td-pb-border-top td_block_template_1\" data-td-block-uid=\"tdi_88\">\n<div class=\"tdb-block-inner td-fix-index\">\n<ul class=\"tdb-tags\">\n<li><span>Tags<\/span><\/li>\n<li><a href=\"https:\/\/voceatimisului.ro\/tag\/coruptie\/\">coruptie<\/a><\/li>\n<li><a href=\"https:\/\/voceatimisului.ro\/tag\/spaga\/\">spaga<\/a><\/li>\n<li><a href=\"https:\/\/voceatimisului.ro\/tag\/umf-timisoara\/\">umf timisoara<\/a><\/li>\n<li><a href=\"https:\/\/voceatimisului.ro\/tag\/universitatea-de-medicina-si-farmacie-victor-babes-timisoara\/\">Universitatea de Medicin\u0103 \u015fi Farmacie &#8220;Victor Babe\u015f&#8221; Timi\u015foara<\/a><\/li>\n<\/ul>\n<\/div>\n<\/div>\n<div class=\"td_block_wrap tdb_single_post_share tdi_89  td-pb-border-top td_block_template_1\" data-td-block-uid=\"tdi_89\">\n<div id=\"tdi_89\" class=\"td-post-sharing tdb-block td-ps-bg td-ps-notext td-post-sharing-style1 \">\n<div class=\"td-post-sharing-visible\"><a class=\"td-social-sharing-button td-social-sharing-button-js td-social-network td-social-facebook\" href=\"https:\/\/www.facebook.com\/sharer.php?u=https%3A%2F%2Fvoceatimisului.ro%2Fecouri-transfrontaliere-universitatea-de-medicina-si-farmacie-timisoara-a-cenzurat-acuzatiile-de-coruptie-care-i-au-fost-aduse-pe-pagina-oficiala-la-o-postare-care-viza-recrutarea-de-studenti-strain%2F\" title=\"Facebook\" rel=\"noopener\"><\/p>\n<div class=\"td-social-but-text\">Facebook<\/div>\n<p><\/a><a class=\"td-social-sharing-button td-social-sharing-button-js td-social-network td-social-twitter\" href=\"https:\/\/twitter.com\/intent\/tweet?text=Ecouri+transfrontaliere%21+Universitatea+de+Medicin%C4%83+%C8%99i+Farmacie+Timi%C8%99oara+a+cenzurat+acuza%C8%9Biile+de+corup%C8%9Bie+care+i-au+fost+aduse+pe+pagina+oficial%C4%83%2C+la+o+postare+care+viza+recrutarea+de+studen%C8%9Bi+str%C4%83ini+din+Orientul+Mijlociu&amp;url=https%3A%2F%2Fvoceatimisului.ro%2Fecouri-transfrontaliere-universitatea-de-medicina-si-farmacie-timisoara-a-cenzurat-acuzatiile-de-coruptie-care-i-au-fost-aduse-pe-pagina-oficiala-la-o-postare-care-viza-recrutarea-de-studenti-strain%2F&amp;via=Vocea+Timisului\" title=\"Twitter\" rel=\"noopener\"><\/p>\n<div class=\"td-social-but-text\">Twitter<\/div>\n<p><\/a><a class=\"td-social-sharing-button td-social-sharing-button-js td-social-network td-social-pinterest\" href=\"https:\/\/pinterest.com\/pin\/create\/button\/?url=https:\/\/voceatimisului.ro\/ecouri-transfrontaliere-universitatea-de-medicina-si-farmacie-timisoara-a-cenzurat-acuzatiile-de-coruptie-care-i-au-fost-aduse-pe-pagina-oficiala-la-o-postare-care-viza-recrutarea-de-studenti-strain\/&amp;media=https:\/\/analyse.optim.biz\/wp-content\/uploads\/2026\/01\/universitatea-de-medicina-si-farmacie-timisoara-jpg.webp&amp;description=Ecouri+transfrontaliere%21+Universitatea+de+Medicin%C4%83+%C8%99i+Farmacie+Timi%C8%99oara+a+cenzurat+acuza%C8%9Biile+de+corup%C8%9Bie+care+i-au+fost+aduse+pe+pagina+oficial%C4%83%2C+la+o+postare+care+viza+recrutarea+de+studen%C8%9Bi+str%C4%83ini+din+Orientul+Mijlociu\" title=\"Pinterest\" rel=\"noopener\"><\/p>\n<div class=\"td-social-but-text\">Pinterest<\/div>\n<p><\/a><a class=\"td-social-sharing-button td-social-sharing-button-js td-social-network td-social-whatsapp\" href=\"https:\/\/api.whatsapp.com\/send?text=Ecouri+transfrontaliere%21+Universitatea+de+Medicin%C4%83+%C8%99i+Farmacie+Timi%C8%99oara+a+cenzurat+acuza%C8%9Biile+de+corup%C8%9Bie+care+i-au+fost+aduse+pe+pagina+oficial%C4%83%2C+la+o+postare+care+viza+recrutarea+de+studen%C8%9Bi+str%C4%83ini+din+Orientul+Mijlociu%20%0A%0A%20https:\/\/voceatimisului.ro\/ecouri-transfrontaliere-universitatea-de-medicina-si-farmacie-timisoara-a-cenzurat-acuzatiile-de-coruptie-care-i-au-fost-aduse-pe-pagina-oficiala-la-o-postare-care-viza-recrutarea-de-studenti-strain\/\" title=\"WhatsApp\" rel=\"noopener\"><\/p>\n<div class=\"td-social-but-text\">WhatsApp<\/div>\n<p><\/a><a class=\"td-social-sharing-button td-social-sharing-button-js td-social-network td-social-linkedin\" href=\"https:\/\/www.linkedin.com\/shareArticle?mini=true&amp;url=https:\/\/voceatimisului.ro\/ecouri-transfrontaliere-universitatea-de-medicina-si-farmacie-timisoara-a-cenzurat-acuzatiile-de-coruptie-care-i-au-fost-aduse-pe-pagina-oficiala-la-o-postare-care-viza-recrutarea-de-studenti-strain\/&amp;title=Ecouri+transfrontaliere%21+Universitatea+de+Medicin%C4%83+%C8%99i+Farmacie+Timi%C8%99oara+a+cenzurat+acuza%C8%9Biile+de+corup%C8%9Bie+care+i-au+fost+aduse+pe+pagina+oficial%C4%83%2C+la+o+postare+care+viza+recrutarea+de+studen%C8%9Bi+str%C4%83ini+din+Orientul+Mijlociu\" title=\"Linkedin\" rel=\"noopener\"><\/p>\n<div class=\"td-social-but-text\">Linkedin<\/div>\n<p><\/a><a class=\"td-social-sharing-button td-social-sharing-button-js td-social-network td-social-copy_url\" href=\"https:\/\/voceatimisului.ro\/ecouri-transfrontaliere-universitatea-de-medicina-si-farmacie-timisoara-a-cenzurat-acuzatiile-de-coruptie-care-i-au-fost-aduse-pe-pagina-oficiala-la-o-postare-care-viza-recrutarea-de-studenti-strain\/\" title=\"Copy URL\" rel=\"noopener\"><\/p>\n<div class=\"td-social-but-text\">Copy URL<\/div>\n<p><\/a><\/div>\n<\/div>\n<\/div>\n<div class=\"td_block_wrap tdb_single_next_prev tdi_90 td-animation-stack td-next-prev-img-on td-pb-border-top td_block_template_1\" data-td-block-uid=\"tdi_90\">\n<div class=\"tdb-block-inner td-fix-index\">\n<div class=\"tdb-next-post tdb-next-post-bg tdb-post-prev\"><span>Articolul precedent<\/span><\/p>\n<div class=\"td-module-container\">\n<div class=\"td-image-container\"><a class=\"td-image-wrap\" href=\"https:\/\/voceatimisului.ro\/protectia-consumatorului-o-inghetata-expirata-de-un-an-de-zile-i-a-servit-unei-fetite-de-8-ani-din-giroc-cea-mai-periculoasa-forma-a-bacteriei-escherichia-coli\/\"><img loading=\"lazy\" decoding=\"async\" class=\"td-next-prev-image td-fix-index td-lazy-img\" title=\"Protec\u021bia consumatorului! O \u00eenghe\u021bat\u0103, expirat\u0103 de un an de zile, i-a servit unei feti\u021be de 8 ani din Giroc cea mai periculoas\u0103 form\u0103 a bacteriei Escherichia Coli\" width=\"696\" height=\"522\" src=\"https:\/\/analyse.optim.biz\/wp-content\/uploads\/2026\/01\/carrefour-market-giroc-jpg-696x522-1.webp\"><\/a><\/div>\n<div class=\"next-prev-title\"><a href=\"https:\/\/voceatimisului.ro\/protectia-consumatorului-o-inghetata-expirata-de-un-an-de-zile-i-a-servit-unei-fetite-de-8-ani-din-giroc-cea-mai-periculoasa-forma-a-bacteriei-escherichia-coli\/\">Protec\u021bia consumatorului! O \u00eenghe\u021bat\u0103, expirat\u0103 de un an de zile, i-a servit unei feti\u021be de 8 ani din Giroc cea mai periculoas\u0103 form\u0103 a bacteriei Escherichia Coli<\/a><\/div>\n<\/div>\n<\/div>\n<div class=\"tdb-next-post tdb-next-post-bg tdb-post-next\"><span>Articolul urm\u0103tor<\/span><\/p>\n<div class=\"td-module-container\">\n<div class=\"td-image-container\"><a class=\"td-image-wrap\" href=\"https:\/\/voceatimisului.ro\/vara-fierbinte-primarul-dominic-fritz-anunta-ca-prin-sistemul-de-distributie-al-agentului-termic-de-la-colterm-municipalitatea-va-furniza-doar-lapte-si-miere-ecologice-la-preturi-imbatabile\/\"><img loading=\"lazy\" decoding=\"async\" class=\"td-next-prev-image td-fix-index td-lazy-img\" title=\"Var\u0103 fierbinte! Primarul Dominic Fritz anun\u021b\u0103 c\u0103, prin sistemul de distribu\u021bie a agentului termic de la Colterm, municipalitatea va furniza doar lapte \u0219i miere ecologice, la pre\u021buri imbatabile\" width=\"696\" height=\"392\" src=\"https:\/\/analyse.optim.biz\/wp-content\/uploads\/2026\/01\/dominic-fritz-baga-buldozerele-p-696x392-1.jpg\"><\/a><\/div>\n<div class=\"next-prev-title\"><a href=\"https:\/\/voceatimisului.ro\/vara-fierbinte-primarul-dominic-fritz-anunta-ca-prin-sistemul-de-distributie-al-agentului-termic-de-la-colterm-municipalitatea-va-furniza-doar-lapte-si-miere-ecologice-la-preturi-imbatabile\/\">Var\u0103 fierbinte! Primarul Dominic Fritz anun\u021b\u0103 c\u0103, prin sistemul de distribu\u021bie a agentului termic de la Colterm, municipalitatea va furniza doar lapte \u0219i miere ecologice, la pre\u021buri imbatabile<\/a><\/div>\n<\/div>\n<\/div>\n<\/div>\n<\/div>\n<\/div>\n<\/div>\n<\/div>\n<\/div>\n<div class=\"vc_row_inner tdi_100  vc_row vc_inner wpb_row td-pb-row\">\n<div class=\"vc_column_inner tdi_102  wpb_column vc_column_container tdc-inner-column td-pb-span4 td-is-sticky\">\n<div class=\"vc_column-inner\">\n<div class=\"wpb_wrapper\" data-sticky-enabled-on=\"W3RydWUsdHJ1ZSx0cnVlLHRydWVd\" data-sticky-offset=\"20\" data-sticky-is-width-auto=\"W2ZhbHNlLGZhbHNlLGZhbHNlLGZhbHNlXQ==\">\n<div class=\"td_block_wrap tdb_single_related tdi_103 td_with_ajax_pagination td-pb-border-top td_block_template_1 tdb-single-related-posts\" data-td-block-uid=\"tdi_103\">\n<div id=\"tdi_103\" class=\"td_block_inner tdb-block-inner td-fix-index\">\n<div class=\"tdb_module_related td_module_wrap td-animation-stack td-meta-info-hide\">\n<div class=\"td-module-container td-category-pos-image\">\n<div class=\"td-module-meta-info\">\n<h3 class=\"entry-title td-module-title\"><a href=\"https:\/\/voceatimisului.ro\/prof-univ-dr-marian-gaspar-seful-chirurgiei-cardiovasculare-de-la-ibcv-timisoara-prins-in-flagrant-de-ofiterii-dga-bucuresti-in-timp-ce-primea-o-spaga-de-1000-de-euro-de-la-un-pacient\/\" rel=\"bookmark\" title=\"Prof. univ. dr. Marian Ga\u0219par, \u0219eful chirurgiei cardiovasculare de la IBCV Timi\u0219oara, prins \u00een flagrant de ofi\u021berii DGA Bucure\u0219ti, \u00een timp ce primea o \u0219pag\u0103 de 1000 de euro de la un pacient\">Prof. univ. dr. Marian Ga\u0219par, \u0219eful chirurgiei cardiovasculare de la IBCV Timi\u0219oara, prins \u00een flagrant de ofi\u021berii DGA Bucure\u0219ti, \u00een timp ce primea o&#8230;<\/a><\/h3>\n<\/div>\n<\/div>\n<\/div>\n<div class=\"tdb_module_related td_module_wrap td-animation-stack td-meta-info-hide\">\n<div class=\"td-module-container td-category-pos-image\">\n<div class=\"td-module-meta-info\">\n<h3 class=\"entry-title td-module-title\"><a href=\"https:\/\/voceatimisului.ro\/fostul-director-al-spitalului-clinic-municipal-de-urgenta-timisoara-prof-dr-octavian-mazilu-a-fost-prins-in-flagrant-de-dga-in-timp-ce-primea-mita-de-la-un-pacient-oncologic\/\" rel=\"bookmark\" title=\"Fostul director al Spitalului Clinic Municipal de Urgen\u021b\u0103 Timi\u0219oara, prof. dr. Octavian Mazilu, a fost prins \u00een flagrant de DGA, \u00een timp ce primea mit\u0103 de la un pacient oncologic\">Fostul director al Spitalului Clinic Municipal de Urgen\u021b\u0103 Timi\u0219oara, prof. dr. Octavian Mazilu, a fost prins \u00een flagrant de DGA, \u00een timp ce primea&#8230;<\/a><\/h3>\n<\/div>\n<\/div>\n<\/div>\n<div class=\"tdb_module_related td_module_wrap td-animation-stack td-meta-info-hide\">\n<div class=\"td-module-container td-category-pos-image\">\n<div class=\"td-module-meta-info\">\n<h3 class=\"entry-title td-module-title\"><a href=\"https:\/\/voceatimisului.ro\/hora-unirii-sistemul-sanitar-romanesc-a-capitulat-in-fata-intereselor-politico-medicale-si-a-baronilor-din-sanatate\/\" rel=\"bookmark\" title=\"Hora unirii! Sistemul sanitar rom\u00e2nesc a capitulat \u00een fa\u021ba intereselor politico-medicale \u0219i a baronilor din S\u0103n\u0103tate\">Hora unirii! Sistemul sanitar rom\u00e2nesc a capitulat \u00een fa\u021ba intereselor politico-medicale \u0219i a baronilor din S\u0103n\u0103tate<\/a><\/h3>\n<\/div>\n<\/div>\n<\/div>\n<\/div>\n<\/div>\n<\/div>\n<\/div>\n<\/div>\n<div class=\"vc_column_inner tdi_105  wpb_column vc_column_container tdc-inner-column td-pb-span8\">\n<div class=\"vc_column-inner\">\n<div class=\"wpb_wrapper\">\n<div class=\"td_block_wrap tdb_single_comments tdi_106 tdb-comm-layout2 td-pb-border-top td_block_template_2\" data-td-block-uid=\"tdi_106\">\n<div class=\"tdb-block-inner td-fix-index\">\n<div class=\"comments\" id=\"comments\">\n<div id=\"respond\" class=\"comment-respond\">\n<h3 id=\"reply-title\" class=\"comment-reply-title\">L\u0102SA\u021aI UN MESAJ <small><a rel=\"nofollow\" id=\"cancel-comment-reply-link\" href=\"https:\/\/voceatimisului.ro\/ecouri-transfrontaliere-universitatea-de-medicina-si-farmacie-timisoara-a-cenzurat-acuzatiile-de-coruptie-care-i-au-fost-aduse-pe-pagina-oficiala-la-o-postare-care-viza-recrutarea-de-studenti-strain\/#respond\">Renun\u021ba\u021bi la r\u0103spuns<\/a><\/small><\/h3>\n<div class=\"comment-form-input-wrap td-form-comment\">\n<div class=\"td-warning-comment\">V\u0103 rug\u0103m s\u0103 introduce\u021bi comentariul dvs.!<\/div>\n<\/div>\n<div class=\"comment-form-input-wrap td-form-author\">\n<div class=\"td-warning-author\">Introduce\u021bi aici numele dvs.<\/div>\n<\/div>\n<div class=\"comment-form-input-wrap td-form-email\">\n<div class=\"td-warning-email-error\">A\u021bi introdus o adres\u0103 de e-mail incorect\u0103!<\/div>\n<div class=\"td-warning-email\">V\u0103 rug\u0103m s\u0103 introduce\u021bi adresa dvs. de e-mail aici<\/div>\n<\/div>\n<\/div>\n<\/div>\n<\/div>\n<\/div>\n<\/div>\n<\/div>\n<\/div>\n<\/div>\n<\/div>\n<\/div>\n<div class=\"vc_column tdi_108  wpb_column vc_column_container tdc-column td-pb-span4 td-is-sticky\">\n<div class=\"wpb_wrapper\" data-sticky-enabled-on=\"W3RydWUsdHJ1ZSx0cnVlLHRydWVd\" data-sticky-offset=\"20\" data-sticky-is-width-auto=\"W2ZhbHNlLGZhbHNlLGZhbHNlLGZhbHNlXQ==\">\n<div class=\"vc_row_inner tdi_110  vc_row vc_inner wpb_row td-pb-row\">\n<div class=\"vc_column_inner tdi_112  wpb_column vc_column_container tdc-inner-column td-pb-span12\">\n<div class=\"vc_column-inner\">\n<div class=\"wpb_wrapper\">\n<div class=\"td_block_wrap td_block_title tdi_113 td-pb-border-top td_block_template_11 td-fix-index\" data-td-block-uid=\"tdi_113\">\n<div class=\"td-block-title-wrap\">\n<h4 class=\"td-block-title\"><span class=\"td-pulldown-size\">ANUN\u021aURI \u0218I PUBLICITATE<\/span><\/h4>\n<\/div>\n<\/div>\n<\/div>\n<\/div>\n<\/div>\n<\/div>\n<div class=\"wpb_wrapper td_block_wrap vc_widget_sidebar tdi_115 \">\n<aside id=\"block-10\" class=\"td_block_template_1 widget block-10 widget_block widget_media_image\">\n<figure class=\"wp-block-image size-full\"><a href=\"https:\/\/adpghiroda.ro\/index.html\" target=\"_blank\" rel=\" noreferrer noopener\"><img decoding=\"async\" loading=\"lazy\" width=\"960\" height=\"960\" src=\"https:\/\/analyse.optim.biz\/wp-content\/uploads\/2026\/01\/adp-ghiroda2-231.jpg\" class=\"wp-image-171492\" title=\"adp-ghiroda2-231\"><\/a><\/figure>\n<\/aside>\n<aside id=\"block-11\" class=\"td_block_template_1 widget block-11 widget_block widget_media_image\">\n<figure class=\"wp-block-image size-full\"><a href=\"https:\/\/adpghiroda.ro\/index.html\" target=\"_blank\" rel=\" noreferrer noopener\"><img decoding=\"async\" loading=\"lazy\" width=\"960\" height=\"960\" src=\"https:\/\/analyse.optim.biz\/wp-content\/uploads\/2026\/01\/adp-ghiroda1-231.jpg\" class=\"wp-image-171491\" title=\"adp-ghiroda1-231\"><\/a><\/figure>\n<\/aside>\n<aside id=\"block-17\" class=\"td_block_template_1 widget block-17 widget_block widget_media_image\">\n<figure class=\"wp-block-image size-large is-resized\"><a href=\"https:\/\/verde.events\/\" target=\"_blank\" rel=\" noreferrer noopener\"><img decoding=\"async\" loading=\"lazy\" width=\"1024\" height=\"683\" src=\"https:\/\/analyse.optim.biz\/wp-content\/uploads\/2026\/01\/verde-events-24-1024x683-1-216.jpg\" alt=\"Verde Events\" class=\"wp-image-174395\" title=\"verde-events-24-1024x683-1-216\"><\/a><figcaption class=\"wp-element-caption\"><strong><em>O experien\u021b\u0103 unic\u0103 pentru orice tip de eveniment<\/em><\/strong><\/figcaption><\/figure>\n<\/aside>\n<\/div>\n<div class=\"td_block_wrap td_flex_block_1 tdi_121 td-pb-border-top td_block_template_1 td_ajax_preloading_preload td_flex_block\" data-td-block-uid=\"tdi_121\">\n<div id=\"tdi_121\" class=\"td_block_inner td-mc1-wrap\">\n<div class=\"td_module_flex td_module_flex_1 td_module_wrap td-animation-stack td-meta-info-hide td-cpt-post\">\n<div class=\"td-module-container td-category-pos-image\">\n<div class=\"td-module-meta-info\">\n<h3 class=\"entry-title td-module-title\"><a href=\"https:\/\/voceatimisului.ro\/sa-fie-lumina-zeci-de-camere-video-vor-intesa-sediul-directiei-sanitar-veterinare-timis-doar-ca-sa-i-tina-pe-angajati-departe-de-tentatiile-lumesti\/\" rel=\"bookmark\" title=\"S\u0103 fie lumin\u0103! Zeci de camere video vor \u00een\u021besa sediul Direc\u021biei Sanitar-Veterinare Timi\u0219 doar ca s\u0103-i \u021bin\u0103 pe angaja\u021bi departe de tenta\u021biile lume\u0219ti\">S\u0103 fie lumin\u0103! Zeci de camere video vor \u00een\u021besa sediul Direc\u021biei Sanitar-Veterinare Timi\u0219 doar ca s\u0103-i \u021bin\u0103 pe angaja\u021bi departe de tenta\u021biile lume\u0219ti<\/a><\/h3>\n<\/div>\n<\/div>\n<\/div>\n<div class=\"td_module_flex td_module_flex_1 td_module_wrap td-animation-stack td-meta-info-hide td-cpt-post\">\n<div class=\"td-module-container td-category-pos-image\">\n<div class=\"td-module-meta-info\">\n<h3 class=\"entry-title td-module-title\"><a href=\"https:\/\/voceatimisului.ro\/flagrant-video-parcarea-directiei-sanitar-veterinare-timis-piata-neautorizata-pentru-produsele-pascale-livrate-direct-in-portbagajele-inspectorilor-pentru-siguranta-alimentelor\/\" rel=\"bookmark\" title=\"Flagrant video! Parcarea Direc\u021biei Sanitar-Veterinare Timi\u0219, pia\u021b\u0103 neautorizat\u0103 pentru produsele pascale livrate direct \u00een portbagajele inspectorilor pentru siguran\u021ba alimentelor\">Flagrant video! Parcarea Direc\u021biei Sanitar-Veterinare Timi\u0219, pia\u021b\u0103 neautorizat\u0103 pentru produsele pascale livrate direct \u00een portbagajele inspectorilor pentru siguran\u021ba alimentelor<\/a><\/h3>\n<\/div>\n<\/div>\n<\/div>\n<div class=\"td_module_flex td_module_flex_1 td_module_wrap td-animation-stack td-meta-info-hide td-cpt-post\">\n<div class=\"td-module-container td-category-pos-image\">\n<div class=\"td-module-meta-info\">\n<h3 class=\"entry-title td-module-title\"><a href=\"https:\/\/voceatimisului.ro\/cu-bicepsii-la-vedere-cooperatistul-puiu-minda-a-sarit-la-gatul-unui-dezvoltator-imobiliar-care-a-avut-tupeul-sa-i-conteste-autoritatea-tutelara-asupra-unui-teren-de-4-milioane-de-euro-de-pe-raza-com\/\" rel=\"bookmark\" title=\"Cu bicep\u0219ii la vedere! Cooperatistul Puiu Minda a s\u0103rit la g\u00e2tul unui dezvoltator imobiliar care a avut tupeul s\u0103-i conteste autoritatea tutelar\u0103 asupra unui teren de 4 milioane de euro de pe raza comunei Giroc\">Cu bicep\u0219ii la vedere! Cooperatistul Puiu Minda a s\u0103rit la g\u00e2tul unui dezvoltator imobiliar care a avut tupeul s\u0103-i conteste autoritatea tutelar\u0103 asupra unui&#8230;<\/a><\/h3>\n<\/div>\n<\/div>\n<\/div>\n<div class=\"td_module_flex td_module_flex_1 td_module_wrap td-animation-stack td-meta-info-hide td-cpt-post\">\n<div class=\"td-module-container td-category-pos-image\">\n<div class=\"td-module-meta-info\">\n<h3 class=\"entry-title td-module-title\"><a href=\"https:\/\/voceatimisului.ro\/chimia-cu-augusta-e-frumoasa-la-propriu\/\" rel=\"bookmark\" title=\"Chimia cu Augusta e frumoas\u0103. La propriu\">Chimia cu Augusta e frumoas\u0103. La propriu<\/a><\/h3>\n<\/div>\n<\/div>\n<\/div>\n<div class=\"td_module_flex td_module_flex_1 td_module_wrap td-animation-stack td-meta-info-hide td-cpt-post\">\n<div class=\"td-module-container td-category-pos-image\">\n<div class=\"td-module-meta-info\">\n<h3 class=\"entry-title td-module-title\"><a href=\"https:\/\/voceatimisului.ro\/medici-fara-frontiere-intr-o-schema-de-camatarie-chirurgii-kamal-al-barri-si-razvan-tirziu-de-la-clinicile-noi-i-au-scos-din-joc-pe-oamenii-de-afaceri-dan-dinu-si-alberto-gat\/\" rel=\"bookmark\" title=\"Medici f\u0103r\u0103 frontiere! \u00centr-o schem\u0103 de c\u0103m\u0103t\u0103rie, chirurgii Kamal Al Barri \u0219i R\u0103zvan T\u00eerziu de la \u201dClinicile \u00a0Noi\u201d i-au scos din joc pe oamenii de afaceri Dan Dinu \u0219i Alberto Gattinara\">Medici f\u0103r\u0103 frontiere! \u00centr-o schem\u0103 de c\u0103m\u0103t\u0103rie, chirurgii Kamal Al Barri \u0219i R\u0103zvan T\u00eerziu de la \u201dClinicile \u00a0Noi\u201d i-au scos din joc pe oamenii&#8230;<\/a><\/h3>\n<\/div>\n<\/div>\n<\/div>\n<\/div>\n<\/div>\n<\/div>\n<\/div>\n<\/div>\n<\/div>\n<\/div>\n<\/div>\n<p><span class=\"td-page-meta\"><\/span><span class=\"td-page-meta\"><span class=\"td-page-meta\"><\/span><\/span><span class=\"td-page-meta\"><\/span><\/article>\n<p> Source URL: https:\/\/voceatimisului.ro\/ecouri-transfrontaliere-universitatea-de-medicina-si-farmacie-timisoara-a-cenzurat-acuzatiile-de-coruptie-care-i-au-fost-aduse-pe-pagina-oficiala-la-o-postare-care-viza-recrutarea-de-studenti-strain\/<\/p>\n","protected":false},"excerpt":{"rendered":"<p>\u0218tiriInvestiga\u021bii Ecouri transfrontaliere! Universitatea de Medicin\u0103 \u0219i Farmacie Timi\u0219oara a cenzurat acuza\u021biile de corup\u021bie care i-au fost aduse pe pagina oficial\u0103, la o postare care viza recrutarea de studen\u021bi str\u0103ini din Orientul Mijlociu Autor-Redac\u021bia 8 mai 2023 0 13223 Facebook Twitter Pinterest WhatsApp Linkedin Copy URL Universitatea de Medicina si Farmacie Timisoara jpg Efect de [&hellip;]<\/p>\n","protected":false},"author":1,"featured_media":1343061,"comment_status":"open","ping_status":"","sticky":false,"template":"","format":"standard","meta":{"footnotes":""},"categories":[89],"tags":[199],"class_list":["post-1343060","post","type-post","status-publish","format-standard","has-post-thumbnail","hentry","category-romania","tag-voceatimisului-ro"],"_links":{"self":[{"href":"https:\/\/analyse.optim.biz\/index.php?rest_route=\/wp\/v2\/posts\/1343060","targetHints":{"allow":["GET"]}}],"collection":[{"href":"https:\/\/analyse.optim.biz\/index.php?rest_route=\/wp\/v2\/posts"}],"about":[{"href":"https:\/\/analyse.optim.biz\/index.php?rest_route=\/wp\/v2\/types\/post"}],"author":[{"embeddable":true,"href":"https:\/\/analyse.optim.biz\/index.php?rest_route=\/wp\/v2\/users\/1"}],"replies":[{"embeddable":true,"href":"https:\/\/analyse.optim.biz\/index.php?rest_route=%2Fwp%2Fv2%2Fcomments&post=1343060"}],"version-history":[{"count":0,"href":"https:\/\/analyse.optim.biz\/index.php?rest_route=\/wp\/v2\/posts\/1343060\/revisions"}],"wp:featuredmedia":[{"embeddable":true,"href":"https:\/\/analyse.optim.biz\/index.php?rest_route=\/wp\/v2\/media\/1343061"}],"wp:attachment":[{"href":"https:\/\/analyse.optim.biz\/index.php?rest_route=%2Fwp%2Fv2%2Fmedia&parent=1343060"}],"wp:term":[{"taxonomy":"category","embeddable":true,"href":"https:\/\/analyse.optim.biz\/index.php?rest_route=%2Fwp%2Fv2%2Fcategories&post=1343060"},{"taxonomy":"post_tag","embeddable":true,"href":"https:\/\/analyse.optim.biz\/index.php?rest_route=%2Fwp%2Fv2%2Ftags&post=1343060"}],"curies":[{"name":"wp","href":"https:\/\/api.w.org\/{rel}","templated":true}]}}