{"id":1342087,"date":"2019-04-08T00:37:45","date_gmt":"2019-04-07T21:37:45","guid":{"rendered":"https:\/\/analyse.optim.biz\/?p=1342087"},"modified":"2019-04-08T00:37:45","modified_gmt":"2019-04-07T21:37:45","slug":"litoralul-invadat-de-droguri-aduse-de-valuri","status":"publish","type":"post","link":"https:\/\/analyse.optim.biz\/?p=1342087","title":{"rendered":"Litoralul, invadat de droguri aduse de valuri"},"content":{"rendered":"<article id=\"post-2232\" class=\"post-2232 post type-post status-publish format-standard has-post-thumbnail hentry category-ultimele-stiri tag-barca-rasturnata tag-diicot tag-droguri-litoral tag-litoral tag-stiri-tulcea\">\n<div class=\"td-pb-row\">\n<div class=\"td-pb-span12\">\n<div class=\"td-post-header td-pb-padding-side\">\n<div class=\"entry-crumbs\"><span><a title class=\"entry-crumb\" href=\"https:\/\/subiectivtulcea.ro\/\">Acas\u0103<\/a><\/span><span><a title=\"Vede\u021bi toate articolele \u00een Ultimele \u0218tiri\" class=\"entry-crumb\" href=\"https:\/\/subiectivtulcea.ro\/category\/ultimele-stiri\/\">Ultimele \u0218tiri<\/a><\/span><span class=\"td-bred-no-url-last\">Litoralul, invadat de droguri aduse de valuri<\/span><\/div>\n<ul class=\"td-category\">\n<li class=\"entry-category\"><a href=\"https:\/\/subiectivtulcea.ro\/category\/ultimele-stiri\/\">Ultimele \u0218tiri<\/a><\/li>\n<\/ul>\n<header>\n<h1 class=\"entry-title\">Litoralul, invadat de droguri aduse de valuri<\/h1>\n<div class=\"meta-info\">\n<div class=\"td-post-author-name\">\n<div class=\"td-author-by\">De c\u0103tre<\/div>\n<p><a href=\"https:\/\/subiectivtulcea.ro\/author\/sorin\/\">Stefan Vasilescu<\/a><\/p>\n<div class=\"td-author-line\"> &#8211; <\/div>\n<\/div>\n<p><span class=\"td-post-date\"><time class=\"entry-date updated td-module-date\" datetime=\"2019-04-08T00:37:45+00:00\">aprilie 8, 2019<\/time><\/span><\/p>\n<div class=\"td-post-views\"><span class=\"td-nr-views-2232\">1413<\/span><\/div>\n<div class=\"td-post-comments\"><a href=\"https:\/\/subiectivtulcea.ro\/litoralul-invadat-de-droguri-aduse-de-valuri\/#respond\">0<\/a><\/div>\n<\/div>\n<\/header>\n<\/div>\n<\/div>\n<\/div>\n<div class=\"td-pb-row\">\n<div class=\"td-pb-span8 td-main-content\" role=\"main\">\n<div class=\"td-ss-main-content\">\n<div class=\"td-post-sharing td-post-sharing-top td-pb-padding-side\"><span class=\"td-post-share-title\">DISTRIBUI\u021aI<\/span><\/p>\n<div class=\"td-default-sharing \"><a class=\"td-social-sharing-buttons td-social-facebook\" href=\"https:\/\/www.facebook.com\/sharer.php?u=https%3A%2F%2Fsubiectivtulcea.ro%2Flitoralul-invadat-de-droguri-aduse-de-valuri%2F\"><\/p>\n<div class=\"td-social-but-text\">Facebook<\/div>\n<p><\/a><a class=\"td-social-sharing-buttons td-social-twitter\" href=\"https:\/\/twitter.com\/intent\/tweet?text=Litoralul%2C+invadat+de+droguri+aduse+de+valuri&amp;url=https%3A%2F%2Fsubiectivtulcea.ro%2Flitoralul-invadat-de-droguri-aduse-de-valuri%2F&amp;via=Subiectiv+De+Tulcea+-+Cotidianul+Cu+Stiri+Pe+Surse\"><\/p>\n<div class=\"td-social-but-text\">Twitter<\/div>\n<p><\/a><\/div>\n<\/div>\n<div class=\"td-post-content td-pb-padding-side\">\n<div class=\"td-post-featured-image\"><a href=\"https:\/\/analyse.optim.biz\/wp-content\/uploads\/2026\/01\/droguri-litoral-3.jpg\" data-caption><img loading=\"lazy\" decoding=\"async\" width=\"469\" height=\"329\" class=\"entry-thumb td-modal-image\" src=\"https:\/\/analyse.optim.biz\/wp-content\/uploads\/2026\/01\/droguri-litoral-3.jpg\" title=\"droguri litoral\"><\/a><\/div>\n<p><strong>Pachete cu droguri au fost g\u0103site, duminic\u0103, \u00een a doua zi a opera\u0163iunii de amploare desf\u0103\u015furat\u0103 de Poli\u0163ia Rom\u00e2n\u0103, DIICOT \u015fi Jandarmerie, pe plajele din Eforie, Olimp, 23 August, Costine\u015fti \u015fi Constan\u0163a. Unele pachete au fost ascunse \u00een veste de salvare.<\/strong><\/p>\n<p>Dup\u0103 ce \u00een cursul nop\u0163ii de s\u00e2mb\u0103t\u0103 spre duminic\u0103 au fost g\u0103site pachete \u00een zona Agigea, duminic\u0103, alte colete au fost g\u0103site la Eforie, Olimp, 23 August, Costine\u015fti \u015fi \u00een Constan\u0163a. Ulterior, au mai fost g\u0103site \u00een Constan\u0163a \u015fi Mangalia. \u00centre acestea, \u00een dou\u0103 cazuri, stupefiantele fuseser\u0103 ascunse \u00een veste de salvare, potrivit Mediafax.<\/p>\n<p>\u00cen total, duminic\u0103 au fost identificate de-a lungul litoralului un num\u0103r de 12 pachete cu cocain\u0103.<\/p>\n<p>Pachetele cu droguri au fost g\u0103site at\u00e2t de localnici, care au sunat apoi la 112 anun\u0163\u00e2nd descoperirea, c\u00e2t \u015fi de poli\u0163i\u015fti, care sunt ajuta\u0163i \u00een ac\u0163iunea lor \u015fi de c\u00e2ini de urm\u0103.<\/p>\n<p>Pe 29 martie 2019, procurorii DIICOT au adus la sediul central din Capital\u0103 saci \u00eentregi de cocain\u0103 g\u0103si\u0163i \u00eentr-o \u015falup\u0103 din Delta Dunarii, drogurile av\u00e2nd o valoare estimat\u0103 pe pia\u0163\u0103 de 300 de milioane de euro. Anchetatorii au fost sesiza\u0163i dup\u0103 ce, pe raza unei localit\u0103\u0163i din jude\u0163ul Tulcea, dintr-o dubi\u0163\u0103 \u00eenmatriculat\u0103 \u00een Rom\u00e2nia a c\u0103zut un pachet ambalat con\u0163in\u00e2nd un kilogram de cocain\u0103, cu puritate de 90%.<\/p>\n<p>Apoi ancheta poli\u0163i\u015ftilor \u015fi a procurorilor a dus la descoperirea a aproape o ton\u0103 de cocain\u0103, \u00een interiorul unei b\u0103rci de pe malul M\u0103rii Negre, \u00een Sf\u00e2ntu Gheorghe. \u00centreaga captur\u0103 de cocain\u0103 avea o puritate de 90%, anun\u0163a atunci procurorul-\u015fef DIICOT Felix B\u0103nil\u0103, care preciza c\u0103, pe pia\u0163a drogurilor, la momentul v\u00e2nz\u0103rii, aceast\u0103 cantitate urma s\u0103 fie triplat\u0103, prin combinarea cu diferite substan\u0163e.<\/p>\n<\/div>\n<footer>\n<div class=\"td-post-source-tags td-pb-padding-side\">\n<ul class=\"td-tags td-post-small-box clearfix\">\n<li><span>ETICHETE<\/span><\/li>\n<li><a href=\"https:\/\/subiectivtulcea.ro\/tag\/barca-rasturnata\/\">barca rasturnata<\/a><\/li>\n<li><a href=\"https:\/\/subiectivtulcea.ro\/tag\/diicot\/\">diicot<\/a><\/li>\n<li><a href=\"https:\/\/subiectivtulcea.ro\/tag\/droguri-litoral\/\">droguri litoral<\/a><\/li>\n<li><a href=\"https:\/\/subiectivtulcea.ro\/tag\/litoral\/\">litoral<\/a><\/li>\n<li><a href=\"https:\/\/subiectivtulcea.ro\/tag\/stiri-tulcea\/\">stiri tulcea<\/a><\/li>\n<\/ul>\n<\/div>\n<div class=\"td-post-sharing td-post-sharing-bottom td-pb-padding-side\"><span class=\"td-post-share-title\">DISTRIBUI\u021aI<\/span><\/p>\n<div class=\"td-default-sharing td-with-like\"><a class=\"td-social-sharing-buttons td-social-facebook\" href=\"https:\/\/www.facebook.com\/sharer.php?u=https%3A%2F%2Fsubiectivtulcea.ro%2Flitoralul-invadat-de-droguri-aduse-de-valuri%2F\"><\/p>\n<div class=\"td-social-but-text\">Facebook<\/div>\n<p><\/a><a class=\"td-social-sharing-buttons td-social-twitter\" href=\"https:\/\/twitter.com\/intent\/tweet?text=Litoralul%2C+invadat+de+droguri+aduse+de+valuri&amp;url=https%3A%2F%2Fsubiectivtulcea.ro%2Flitoralul-invadat-de-droguri-aduse-de-valuri%2F&amp;via=Subiectiv+De+Tulcea+-+Cotidianul+Cu+Stiri+Pe+Surse\"><\/p>\n<div class=\"td-social-but-text\">Twitter<\/div>\n<p><\/a><\/div>\n<div class=\"td-classic-sharing\">\n<ul>\n<li class=\"td-classic-facebook\"><iframe frameborder src=\"https:\/\/www.facebook.com\/plugins\/like.php?href=https:\/\/subiectivtulcea.ro\/litoralul-invadat-de-droguri-aduse-de-valuri\/&amp;layout=button_count&amp;show_faces=false&amp;width=105&amp;action=like&amp;colorscheme=light&amp;height=21\"><\/iframe><\/li>\n<li class=\"td-classic-twitter\"><a href=\"https:\/\/twitter.com\/share\" class=\"twitter-share-button\" data-url=\"https:\/\/subiectivtulcea.ro\/litoralul-invadat-de-droguri-aduse-de-valuri\/\" data-text=\"Litoralul, invadat de droguri aduse de valuri\" data-via data-lang=\"en\">tweet<\/a><\/li>\n<\/ul>\n<\/div>\n<\/div>\n<div class=\"td-block-row td-post-next-prev\">\n<div class=\"td-block-span6 td-post-prev-post\">\n<div class=\"td-post-next-prev-content\"><span>Articolul precedent<\/span><a href=\"https:\/\/subiectivtulcea.ro\/lucrarile-la-podul-peste-dunare-sunt-in-grafic\/\">Lucr\u0103rile la Podul peste Dun\u0103re sunt \u00een grafic<\/a><\/div>\n<\/div>\n<div class=\"td-block-span6 td-post-next-post\">\n<div class=\"td-post-next-prev-content\"><span>Articolul urm\u0103tor<\/span><a href=\"https:\/\/subiectivtulcea.ro\/afacerile-necurate-ale-primariei-brasov-cu-mafia-avocatilor-cum-se-toaca-bani-pe-avocati-la-tulcea\/\">Afacerile necurate ale Prim\u0103riei Bra\u0219ov cu \u201emafia avoca\u021bilor\u201d. Cum se toac\u0103 bani pe avoca\u021bi la Tulcea<\/a><\/div>\n<\/div>\n<\/div>\n<div class=\"author-box-wrap\"><a href=\"https:\/\/subiectivtulcea.ro\/author\/sorin\/\"><img loading=\"lazy\" decoding=\"async\" src=\"https:\/\/analyse.optim.biz\/wp-content\/uploads\/2026\/01\/4054b95552868c8c392af45ec328ee34-236.jpg\" class=\"avatar avatar-96 photo\" height=\"96\" width=\"96\" title=\"4054b95552868c8c392af45ec328ee34-236\"><\/a><\/p>\n<div class=\"desc\">\n<div class=\"td-author-name vcard author\"><span class=\"fn\"><a href=\"https:\/\/subiectivtulcea.ro\/author\/sorin\/\">Stefan Vasilescu<\/a><\/span><\/div>\n<\/div>\n<\/div>\n<p><span><\/span><span><span><\/span><\/span><span><\/span><\/footer>\n<div class=\"td_block_wrap td_block_related_posts td_uid_5_69703662f38ec_rand td_with_ajax_pagination td-pb-border-top td_block_template_1\" data-td-block-uid=\"td_uid_5_69703662f38ec\">\n<h4 class=\"td-related-title\"><a id=\"td_uid_6_6970366304104\" class=\"td-related-left td-cur-simple-item\" data-td_filter_value data-td_block_id=\"td_uid_5_69703662f38ec\" href=\"https:\/\/subiectivtulcea.ro\/litoralul-invadat-de-droguri-aduse-de-valuri\/\">ARTICOLE SIMILARE<\/a><a id=\"td_uid_7_6970366304142\" class=\"td-related-right\" data-td_filter_value=\"td_related_more_from_author\" data-td_block_id=\"td_uid_5_69703662f38ec\" href=\"https:\/\/subiectivtulcea.ro\/litoralul-invadat-de-droguri-aduse-de-valuri\/\">DE LA ACELA\u0218I AUTOR<\/a><\/h4>\n<div id=\"td_uid_5_69703662f38ec\" class=\"td_block_inner\">\n<div class=\"td-related-row\">\n<div class=\"td-related-span4\">\n<div class=\"td_module_related_posts td-animation-stack td_mod_related_posts\">\n<div class=\"td-module-image\">\n<div class=\"td-module-thumb\"><a href=\"https:\/\/subiectivtulcea.ro\/ministrul-sanatatii-trebuie-sa-ne-obisnuim-ca-pe-perioada-verii-sa-avem-ca-vecin-virusul\/\" rel=\"bookmark\" title=\"Ministrul San\u0103t\u0103\u021bii: Trebuie s\u0103 ne obi\u015fnuim ca pe perioada verii s\u0103 avem ca vecin virusul\"><img loading=\"lazy\" decoding=\"async\" width=\"238\" height=\"178\" class=\"entry-thumb\" src=\"https:\/\/analyse.optim.biz\/wp-content\/uploads\/2026\/01\/izoleta-coronavirus-238x178-238.jpg\" title=\"Ministrul San\u0103t\u0103\u021bii: Trebuie s\u0103 ne obi\u015fnuim ca pe perioada verii s\u0103 avem ca vecin virusul\"><\/a><\/div>\n<\/div>\n<div class=\"item-details\">\n<h3 class=\"entry-title td-module-title\"><a href=\"https:\/\/subiectivtulcea.ro\/ministrul-sanatatii-trebuie-sa-ne-obisnuim-ca-pe-perioada-verii-sa-avem-ca-vecin-virusul\/\" rel=\"bookmark\" title=\"Ministrul San\u0103t\u0103\u021bii: Trebuie s\u0103 ne obi\u015fnuim ca pe perioada verii s\u0103 avem ca vecin virusul\">Ministrul San\u0103t\u0103\u021bii: Trebuie s\u0103 ne obi\u015fnuim ca pe perioada verii s\u0103 avem ca vecin virusul<\/a><\/h3>\n<\/div>\n<\/div>\n<\/div>\n<div class=\"td-related-span4\">\n<div class=\"td_module_related_posts td-animation-stack td_mod_related_posts\">\n<div class=\"td-module-image\">\n<div class=\"td-module-thumb\"><a href=\"https:\/\/subiectivtulcea.ro\/lucrarile-la-podul-peste-dunare-intarziate-din-cauza-procedurii-exproprierilor\/\" rel=\"bookmark\" title=\"Lucr\u0103rile la Podul peste Dun\u0103re, \u00eent\u00e2rziate din cauza procedurii exproprierilor\"><img loading=\"lazy\" decoding=\"async\" width=\"238\" height=\"178\" class=\"entry-thumb\" src=\"https:\/\/analyse.optim.biz\/wp-content\/uploads\/2026\/01\/pod-dunare-238x178-1-227.jpg\" title=\"Lucr\u0103rile la Podul peste Dun\u0103re, \u00eent\u00e2rziate din cauza procedurii exproprierilor\"><\/a><\/div>\n<\/div>\n<div class=\"item-details\">\n<h3 class=\"entry-title td-module-title\"><a href=\"https:\/\/subiectivtulcea.ro\/lucrarile-la-podul-peste-dunare-intarziate-din-cauza-procedurii-exproprierilor\/\" rel=\"bookmark\" title=\"Lucr\u0103rile la Podul peste Dun\u0103re, \u00eent\u00e2rziate din cauza procedurii exproprierilor\">Lucr\u0103rile la Podul peste Dun\u0103re, \u00eent\u00e2rziate din cauza procedurii exproprierilor<\/a><\/h3>\n<\/div>\n<\/div>\n<\/div>\n<div class=\"td-related-span4\">\n<div class=\"td_module_related_posts td-animation-stack td_mod_related_posts\">\n<div class=\"td-module-image\">\n<div class=\"td-module-thumb\"><a href=\"https:\/\/subiectivtulcea.ro\/tulcea-atentionare-pentru-persoanele-care-doresc-sa-lucreze-in-strainatate\/\" rel=\"bookmark\" title=\"TULCEA Aten\u021bionare pentru persoanele care doresc s\u0103 lucreze \u00een str\u0103in\u0103tate\"><img loading=\"lazy\" decoding=\"async\" width=\"238\" height=\"178\" class=\"entry-thumb\" src=\"https:\/\/analyse.optim.biz\/wp-content\/uploads\/2026\/01\/targ-joburi-238x178-228.jpg\" title=\"TULCEA Aten\u021bionare pentru persoanele care doresc s\u0103 lucreze \u00een str\u0103in\u0103tate\"><\/a><\/div>\n<\/div>\n<div class=\"item-details\">\n<h3 class=\"entry-title td-module-title\"><a href=\"https:\/\/subiectivtulcea.ro\/tulcea-atentionare-pentru-persoanele-care-doresc-sa-lucreze-in-strainatate\/\" rel=\"bookmark\" title=\"TULCEA Aten\u021bionare pentru persoanele care doresc s\u0103 lucreze \u00een str\u0103in\u0103tate\">TULCEA Aten\u021bionare pentru persoanele care doresc s\u0103 lucreze \u00een str\u0103in\u0103tate<\/a><\/h3>\n<\/div>\n<\/div>\n<\/div>\n<\/div>\n<\/div>\n<\/div>\n<div class=\"comments\" id=\"comments\">\n<div id=\"respond\" class=\"comment-respond\">\n<h3 id=\"reply-title\" class=\"comment-reply-title\">L\u0102SA\u021aI UN MESAJ <small><a rel=\"nofollow\" id=\"cancel-comment-reply-link\" href=\"https:\/\/subiectivtulcea.ro\/litoralul-invadat-de-droguri-aduse-de-valuri\/#respond\">Renun\u021ba\u021bi la r\u0103spuns<\/a><\/small><\/h3>\n<div class=\"comment-form-input-wrap td-form-comment\">\n<div class=\"td-warning-comment\">Please enter your comment!<\/div>\n<\/div>\n<div class=\"comment-form-input-wrap td-form-author\">\n<div class=\"td-warning-author\">Please enter your name here<\/div>\n<\/div>\n<div class=\"comment-form-input-wrap td-form-email\">\n<div class=\"td-warning-email-error\">You have entered an incorrect email address!<\/div>\n<div class=\"td-warning-email\">Please enter your email address here<\/div>\n<\/div>\n<div class=\"gglcptch gglcptch_v2\">\n<div>\n<div>\n<div>\n\t\t\t\t\t\t\t\t\n\t\t\t\t\t\t\t<\/div>\n<\/div>\n<\/div>\n<\/div>\n<\/div>\n<\/div>\n<\/div>\n<\/div>\n<div class=\"td-pb-span4 td-main-sidebar td-pb-border-top\" role=\"complementary\">\n<div class=\"td-ss-main-sidebar\">\n<div class=\"td-a-rec td-a-rec-id-sidebar  td_uid_8_6970366306050_rand td_block_template_1\"><span class=\"td-adspot-title\">&#8211; Advertisement &#8211;<\/span><\/p>\n<div class=\"td-all-devices\"><a href=\"https:\/\/subiectivtulcea.ro\/litoralul-invadat-de-droguri-aduse-de-valuri\/\"><img decoding=\"async\" src=\"https:\/\/analyse.optim.biz\/wp-content\/uploads\/2026\/01\/vizual-maximia-tv_cartela-vodafone-237.jpg\" title=\"vizual-maximia-tv_cartela-vodafone-237\"><\/a><\/div>\n<\/div>\n<div class=\"td_block_wrap td_block_9 td_block_widget td_uid_9_69703663061d5_rand td_with_ajax_pagination td-pb-border-top td_block_template_1\" data-td-block-uid=\"td_uid_9_69703663061d5\">\n<h4 class=\"block-title\"><span class=\"td-pulldown-size\">CITESTE SI &#8230;<\/span><\/h4>\n<div id=\"td_uid_9_69703663061d5\" class=\"td_block_inner\">\n<div class=\"td-block-span12\">\n<div class=\"td_module_8 td_module_wrap\">\n<div class=\"item-details\">\n<h3 class=\"entry-title td-module-title\"><a href=\"https:\/\/subiectivtulcea.ro\/comandament-de-control-in-domeniul-sanatatii-publice-in-delta-dunarii\/\" rel=\"bookmark\" title=\"Comandament de control \u00een domeniul s\u0103n\u0103t\u0103\u0163ii publice, \u00een Delta Dun\u0103rii\">Comandament de control \u00een domeniul s\u0103n\u0103t\u0103\u0163ii publice, \u00een Delta Dun\u0103rii<\/a><\/h3>\n<div class=\"meta-info\"><span class=\"td-post-author-name\"><a href=\"https:\/\/subiectivtulcea.ro\/author\/sorin\/\">Stefan Vasilescu<\/a><span>&#8211;<\/span><\/span><span class=\"td-post-date\"><time class=\"entry-date updated td-module-date\" datetime=\"2018-07-03T12:05:42+00:00\">iulie 3, 2018<\/time><\/span><\/div>\n<\/div>\n<\/div>\n<\/div>\n<div class=\"td-block-span12\">\n<div class=\"td_module_8 td_module_wrap\">\n<div class=\"item-details\">\n<h3 class=\"entry-title td-module-title\"><a href=\"https:\/\/subiectivtulcea.ro\/guvernul-se-autodenunta-cum-au-fost-falimentati-de-stat-agricultorii-din-delta-in-urma-inundatiilor-din-2010\/\" rel=\"bookmark\" title=\"Guvernul se autodenun\u021b\u0103! Cum au fost falimenta\u021bi de stat agricultorii din Delt\u0103, \u00een urma inunda\u021biilor din 2010\">Guvernul se autodenun\u021b\u0103! Cum au fost falimenta\u021bi de stat agricultorii din Delt\u0103, \u00een urma&#8230;<\/a><\/h3>\n<div class=\"meta-info\"><span class=\"td-post-author-name\"><a href=\"https:\/\/subiectivtulcea.ro\/author\/sorin\/\">Stefan Vasilescu<\/a><span>&#8211;<\/span><\/span><span class=\"td-post-date\"><time class=\"entry-date updated td-module-date\" datetime=\"2019-12-02T10:18:21+00:00\">decembrie 2, 2019<\/time><\/span><\/div>\n<\/div>\n<\/div>\n<\/div>\n<div class=\"td-block-span12\">\n<div class=\"td_module_8 td_module_wrap\">\n<div class=\"item-details\">\n<h3 class=\"entry-title td-module-title\"><a href=\"https:\/\/subiectivtulcea.ro\/suspiciune-de-pesta-porcina-si-la-partizani\/\" rel=\"bookmark\" title=\"Suspiciune de pest\u0103 porcin\u0103 \u0219i la Partizani\">Suspiciune de pest\u0103 porcin\u0103 \u0219i la Partizani<\/a><\/h3>\n<div class=\"meta-info\"><span class=\"td-post-author-name\"><a href=\"https:\/\/subiectivtulcea.ro\/author\/sorin\/\">Stefan Vasilescu<\/a><span>&#8211;<\/span><\/span><span class=\"td-post-date\"><time class=\"entry-date updated td-module-date\" datetime=\"2018-06-14T08:25:50+00:00\">iunie 14, 2018<\/time><\/span><\/div>\n<\/div>\n<\/div>\n<\/div>\n<div class=\"td-block-span12\">\n<div class=\"td_module_8 td_module_wrap\">\n<div class=\"item-details\">\n<h3 class=\"entry-title td-module-title\"><a href=\"https:\/\/subiectivtulcea.ro\/cupa-inspectoratului-de-jandarmi-judetean-tulcea-cine-sunt-performerii\/\" rel=\"bookmark\" title=\"Cupa Inspectoratului de Jandarmi Jude\u0163ean Tulcea. Cine sunt performerii\">Cupa Inspectoratului de Jandarmi Jude\u0163ean Tulcea. Cine sunt performerii<\/a><\/h3>\n<div class=\"meta-info\"><span class=\"td-post-author-name\"><a href=\"https:\/\/subiectivtulcea.ro\/author\/sorin\/\">Stefan Vasilescu<\/a><span>&#8211;<\/span><\/span><span class=\"td-post-date\"><time class=\"entry-date updated td-module-date\" datetime=\"2019-04-10T11:51:40+00:00\">aprilie 10, 2019<\/time><\/span><\/div>\n<\/div>\n<\/div>\n<\/div>\n<div class=\"td-block-span12\">\n<div class=\"td_module_8 td_module_wrap\">\n<div class=\"item-details\">\n<h3 class=\"entry-title td-module-title\"><a href=\"https:\/\/subiectivtulcea.ro\/tulcea-a-inceput-procedura-de-reinnoire-a-diplomei-europei-pentru-arii-protejate\/\" rel=\"bookmark\" title=\"Tulcea: A \u00eenceput procedura de re\u00eennoire a Diplomei Europei pentru Arii Protejate\">Tulcea: A \u00eenceput procedura de re\u00eennoire a Diplomei Europei pentru Arii Protejate<\/a><\/h3>\n<div class=\"meta-info\"><span class=\"td-post-author-name\"><a href=\"https:\/\/subiectivtulcea.ro\/author\/sorin\/\">Stefan Vasilescu<\/a><span>&#8211;<\/span><\/span><span class=\"td-post-date\"><time class=\"entry-date updated td-module-date\" datetime=\"2019-07-11T12:48:20+00:00\">iulie 11, 2019<\/time><\/span><\/div>\n<\/div>\n<\/div>\n<\/div>\n<\/div>\n<\/div>\n<\/div>\n<\/div>\n<\/div>\n<\/article>\n<p> Source URL: https:\/\/subiectivtulcea.ro\/litoralul-invadat-de-droguri-aduse-de-valuri\/<\/p>\n","protected":false},"excerpt":{"rendered":"<p>Acas\u0103Ultimele \u0218tiriLitoralul, invadat de droguri aduse de valuri Ultimele \u0218tiri Litoralul, invadat de droguri aduse de valuri De c\u0103tre Stefan Vasilescu &#8211; aprilie 8, 2019 1413 0 DISTRIBUI\u021aI Facebook Twitter Pachete cu droguri au fost g\u0103site, duminic\u0103, \u00een a doua zi a opera\u0163iunii de amploare desf\u0103\u015furat\u0103 de Poli\u0163ia Rom\u00e2n\u0103, DIICOT \u015fi Jandarmerie, pe plajele din [&hellip;]<\/p>\n","protected":false},"author":1,"featured_media":1342091,"comment_status":"open","ping_status":"","sticky":false,"template":"","format":"standard","meta":{"footnotes":""},"categories":[89],"tags":[222],"class_list":["post-1342087","post","type-post","status-publish","format-standard","has-post-thumbnail","hentry","category-romania","tag-subiectivtulcea-ro"],"_links":{"self":[{"href":"https:\/\/analyse.optim.biz\/index.php?rest_route=\/wp\/v2\/posts\/1342087","targetHints":{"allow":["GET"]}}],"collection":[{"href":"https:\/\/analyse.optim.biz\/index.php?rest_route=\/wp\/v2\/posts"}],"about":[{"href":"https:\/\/analyse.optim.biz\/index.php?rest_route=\/wp\/v2\/types\/post"}],"author":[{"embeddable":true,"href":"https:\/\/analyse.optim.biz\/index.php?rest_route=\/wp\/v2\/users\/1"}],"replies":[{"embeddable":true,"href":"https:\/\/analyse.optim.biz\/index.php?rest_route=%2Fwp%2Fv2%2Fcomments&post=1342087"}],"version-history":[{"count":0,"href":"https:\/\/analyse.optim.biz\/index.php?rest_route=\/wp\/v2\/posts\/1342087\/revisions"}],"wp:featuredmedia":[{"embeddable":true,"href":"https:\/\/analyse.optim.biz\/index.php?rest_route=\/wp\/v2\/media\/1342091"}],"wp:attachment":[{"href":"https:\/\/analyse.optim.biz\/index.php?rest_route=%2Fwp%2Fv2%2Fmedia&parent=1342087"}],"wp:term":[{"taxonomy":"category","embeddable":true,"href":"https:\/\/analyse.optim.biz\/index.php?rest_route=%2Fwp%2Fv2%2Fcategories&post=1342087"},{"taxonomy":"post_tag","embeddable":true,"href":"https:\/\/analyse.optim.biz\/index.php?rest_route=%2Fwp%2Fv2%2Ftags&post=1342087"}],"curies":[{"name":"wp","href":"https:\/\/api.w.org\/{rel}","templated":true}]}}