{"id":133993,"date":"2017-09-18T06:49:19","date_gmt":"2017-09-18T03:49:19","guid":{"rendered":"https:\/\/analyse.optim.biz\/?p=133993"},"modified":"2017-09-18T06:49:19","modified_gmt":"2017-09-18T03:49:19","slug":"motiune-simpla-pentru-educatie-in-senat","status":"publish","type":"post","link":"https:\/\/analyse.optim.biz\/?p=133993","title":{"rendered":"Mo\u021biune simpl\u0103 pentru educa\u021bie \u00een Senat"},"content":{"rendered":"<div class=\"entry data-app-meta data-app-meta-article\" data-embed-base-url-canonical=\"https:\/\/www.digi24.ro\/embed\/stiri\/actualitate\/politica\/motiune-simpla-pentru-educatie-in-senat-795167\">\n<p data-index=\"1\"><strong>Mo\u021biunea simpl\u0103 a PNL &#8220;O Rom\u00e2nie f\u0103r\u0103 educa\u021bie de calitate este o Rom\u00e2nie s\u0103rac\u0103&#8221; va fi dezb\u0103tut\u0103 \u0219i votat\u0103, luni, \u00een plenul Senatului, informeaz\u0103 <a href=\"https:\/\/www.agerpres.ro\/politica\/2017\/09\/18\/senat-motiunea-simpla-a-pnl-pe-educatie-va-fi-dezbatuta-si-votata-luni-in-plenul-senatului-05-16-14\" target=\"_blank\" rel=\"noopener noreferrer\" data-skip-linkfix=\"1\">Agerpres<\/a>.<\/strong><\/p>\n<figure class=\"article-thumb\"><img decoding=\"async\" src=\"https:\/\/analyse.optim.biz\/wp-content\/uploads\/2024\/09\/emm9mszoyxnoptzjyzfmowywmdgwy2e2mjqzyzaymjk0yjcwngfmzda1-thumb_-1.jpg\" alt=\"liviu pop\" data-skip-htmlfix=\"1\" title=\"emm9mszoyxnoptzjyzfmowywmdgwy2e2mjqzyzaymjk0yjcwngfmzda1-thumb_-1\"><figcaption> Foto: Inquam Photos \/ Octav Ganea <\/figcaption><\/figure>\n<p data-index=\"2\">\u00cen mo\u021biunea semnat\u0103 de 37 de senatori PNL \u0219i USR se cere demisia ministrului Educa\u021biei, Liviu Pop, c\u0103ruia i se mai solicit\u0103 &#8220;s\u0103 prezinte \u00een Parlament un raport privind starea \u00eenv\u0103\u021b\u0103m\u00e2ntului rom\u00e2nesc&#8221;.<\/p>\n<p data-index=\"3\">&#8220;Aceast\u0103 mo\u021biune nu a fost depus\u0103 din pur\u0103 formalitate! Dac\u0103 o ve\u021bi sus\u021bine vom ar\u0103ta c\u0103 Educa\u021bia este o preocupare real\u0103 a Parlamentului. Dac\u0103 nu o ve\u021bi vota, v\u0103 \u00eentreb cum o s\u0103 merge\u021bi \u00een fa\u021ba celor care v-au trimis s\u0103-i reprezenta\u021bi aici? Votul pentru mo\u021biune va semnifica un pas \u00eenainte spre performan\u021b\u0103 \u0219i competitivitate. Prin prezentul vot, noi, parlamentarii PNL \u0219i ai USR, cerem Guvernului Tudose: rezolvarea de urgen\u021b\u0103 a problemei manualelor \u0219colare, asigurarea tuturor resurselor financiare \u0219i legale pentru ob\u021binerea autoriza\u021biilor de func\u021bionare a tuturor \u0219colilor, finan\u021barea corect\u0103 a Educa\u021biei rom\u00e2ne\u0219ti, descentralizarea real\u0103 \u0219i depolitizarea \u0219colii rom\u00e2ne\u0219ti; promovarea \u0219i dezvoltarea \u00eenv\u0103\u021b\u0103m\u00e2ntului profesional; elaborarea unei legisla\u021bii \u0219i a unor proceduri coerente pentru \u00eenfiin\u021barea de noi \u0219coli doctorale sau acreditarea de noi domenii de doctorat, demisia ministrului Educa\u021biei&#8221;, afirm\u0103 semnatarii mo\u021biunii.<\/p>\n<p data-index=\"4\">Potrivit acestora, Rom\u00e2nia are un abandon \u0219colar record, rata p\u0103r\u0103sirii timpurii a cursurilor fiind de 19%. Totodat\u0103, semnatarii documentului sus\u021bin c\u0103 anul \u0219colar 2017 \u2014 2018 \u00eencepe f\u0103r\u0103 manualele de clasa a V-a, f\u0103r\u0103 autoriza\u021bii de func\u021bionare pentru \u0219coli \u2014 din peste 31.000 de unit\u0103\u021bi de \u00eenv\u0103\u021b\u0103m\u00e2nt, 6.500 av\u00e2nd avize \u0219i autoriza\u021bii, cu un sistemul educa\u021bional &#8220;politizat la maximum&#8221;, f\u0103r\u0103 bani pentru salariile profesorilor, f\u0103r\u0103 investi\u021bii pentru modernizarea procesului didactic \u00een universit\u0103\u021bi.<\/p>\n<p data-index=\"5\">&#8220;\u0218coala este decuplat\u0103 complet de pia\u021ba muncii \u0219i se continu\u0103 distrugerea \u00eenv\u0103\u021b\u0103m\u00e2ntului profesional&#8221;, lipsesc legisla\u021bia \u0219i procedurile pentru \u00eenfiin\u021barea de noi \u0219coli doctorale sau acreditarea de noi domenii de doctorat \u0219i are loc un &#8220;atac la autonomia \u0219i resursele universit\u0103\u021bilor&#8221;, se mai arat\u0103 \u00een mo\u021biune.<\/p>\n<p data-index=\"6\">\u00cen opinia senatorilor PNL \u0219i USR, principiile de care trebuie \u021binut cont pentru ca Rom\u00e2nia &#8220;s\u0103 conteze \u00een actualul context interna\u021bional unde se caut\u0103 performan\u021b\u0103 \u0219i competitivitate&#8221; sunt: finan\u021barea corect\u0103 a \u00eenv\u0103\u021b\u0103m\u00e2ntului \u0219i cercet\u0103rii; acordarea de \u0219anse egale pentru fiecare t\u00e2n\u0103r la \u00eenv\u0103\u021b\u0103tur\u0103 de calitate; profesori motiva\u021bi, laboratoare bine dotate, programe \u0219colare actualizate \u00een permanen\u021b\u0103; legisla\u021bie coerent\u0103 \u0219i predictibil\u0103; consiliere \u0219colar\u0103 \u0219i orientare profesional\u0103 eficient\u0103; popularizarea \u00eenv\u0103\u021b\u0103m\u00e2ntului profesional at\u00e2t \u00een r\u00e2ndul beneficiarilor direc\u021bi, c\u00e2t \u0219i al poten\u021bialilor investitori; plata corect\u0103 a for\u021bei de munc\u0103, pentru a nu o pierde.<\/p>\n<\/div>\n<p> Source URL: https:\/\/www.digi24.ro\/stiri\/actualitate\/politica\/motiune-simpla-pentru-educatie-in-senat-795167<\/p>\n","protected":false},"excerpt":{"rendered":"<p>Mo\u021biunea simpl\u0103 a PNL &#8220;O Rom\u00e2nie f\u0103r\u0103 educa\u021bie de calitate este o Rom\u00e2nie s\u0103rac\u0103&#8221; va fi dezb\u0103tut\u0103 \u0219i votat\u0103, luni, \u00een plenul Senatului, informeaz\u0103 Agerpres. Foto: Inquam Photos \/ Octav Ganea \u00cen mo\u021biunea semnat\u0103 de 37 de senatori PNL \u0219i USR se cere demisia ministrului Educa\u021biei, Liviu Pop, c\u0103ruia i se mai solicit\u0103 &#8220;s\u0103 prezinte [&hellip;]<\/p>\n","protected":false},"author":1,"featured_media":133994,"comment_status":"open","ping_status":"","sticky":false,"template":"","format":"standard","meta":{"footnotes":""},"categories":[2],"tags":[11],"class_list":["post-133993","post","type-post","status-publish","format-standard","has-post-thumbnail","hentry","category-politics","tag-digi24"],"_links":{"self":[{"href":"https:\/\/analyse.optim.biz\/index.php?rest_route=\/wp\/v2\/posts\/133993","targetHints":{"allow":["GET"]}}],"collection":[{"href":"https:\/\/analyse.optim.biz\/index.php?rest_route=\/wp\/v2\/posts"}],"about":[{"href":"https:\/\/analyse.optim.biz\/index.php?rest_route=\/wp\/v2\/types\/post"}],"author":[{"embeddable":true,"href":"https:\/\/analyse.optim.biz\/index.php?rest_route=\/wp\/v2\/users\/1"}],"replies":[{"embeddable":true,"href":"https:\/\/analyse.optim.biz\/index.php?rest_route=%2Fwp%2Fv2%2Fcomments&post=133993"}],"version-history":[{"count":0,"href":"https:\/\/analyse.optim.biz\/index.php?rest_route=\/wp\/v2\/posts\/133993\/revisions"}],"wp:featuredmedia":[{"embeddable":true,"href":"https:\/\/analyse.optim.biz\/index.php?rest_route=\/wp\/v2\/media\/133994"}],"wp:attachment":[{"href":"https:\/\/analyse.optim.biz\/index.php?rest_route=%2Fwp%2Fv2%2Fmedia&parent=133993"}],"wp:term":[{"taxonomy":"category","embeddable":true,"href":"https:\/\/analyse.optim.biz\/index.php?rest_route=%2Fwp%2Fv2%2Fcategories&post=133993"},{"taxonomy":"post_tag","embeddable":true,"href":"https:\/\/analyse.optim.biz\/index.php?rest_route=%2Fwp%2Fv2%2Ftags&post=133993"}],"curies":[{"name":"wp","href":"https:\/\/api.w.org\/{rel}","templated":true}]}}