{"id":133984,"date":"2017-09-18T14:06:46","date_gmt":"2017-09-18T11:06:46","guid":{"rendered":"https:\/\/analyse.optim.biz\/?p=133984"},"modified":"2017-09-18T14:06:46","modified_gmt":"2017-09-18T11:06:46","slug":"prima-reactie-a-lui-mirel-palada-dupa-incidentul-cu-mihai-gotiu","status":"publish","type":"post","link":"https:\/\/analyse.optim.biz\/?p=133984","title":{"rendered":"Prima reac\u021bie a lui Mirel Palada dup\u0103 incidentul cu Mihai Go\u021biu"},"content":{"rendered":"<div class=\"entry data-app-meta data-app-meta-article\" data-embed-base-url-canonical=\"https:\/\/www.digi24.ro\/embed\/stiri\/actualitate\/politica\/prima-reactie-a-lui-mirel-palada-dupa-incidentul-cu-mihai-gotiu-795391\">\n<p data-index=\"1\"><strong>Fostul purt\u0103tor de cuv\u00e2nt al Guvernului Ponta a f\u0103cut, pe contul s\u0103u de Facebook, primele comentarii dup\u0103 episodul de s\u0103pt\u0103m\u00e2na trecut\u0103, c\u00e2nd l-a agresat, \u00een studioul unei televiziuni, pe vicepre\u0219edintele Senatului, Mihai Go\u021biu.<\/strong><\/p>\n<figure class=\"article-thumb\"><img decoding=\"async\" src=\"https:\/\/analyse.optim.biz\/wp-content\/uploads\/2024\/09\/dz04mdamemm9mszoyxnoptc4ywq1nzm1ymu3yjnlndllzjvjmgqwntqxmjq0zgmw-thumb_.jpg\" alt=\"mirel palada fb\" data-skip-htmlfix=\"1\" title=\"dz04mdamemm9mszoyxnoptc4ywq1nzm1ymu3yjnlndllzjvjmgqwntqxmjq0zgmw-thumb_\"><figcaption> Surs\u0103 foto: contul personal de Facebook <\/figcaption><\/figure>\n<p data-index=\"2\">\u201eAm fost plecat, n-am avut calculatorul la mine, am avut un program foarte \u00eenc\u0103rcat. M-am \u00eentors de-abia asear\u0103 la miezul nop\u021bii. <strong>Nu mor caii c\u00e2nd vor useri\u0219tii<\/strong>\u201d, este mesajul postat pe Facebook, de sociologul Mirel Palada.<\/p>\n<p data-index=\"3\">Agresiunea s-a produs miercurea trecut\u0103, \u00een studioul B1 TV, \u00eentr-o pauz\u0103 de publicitate.<\/p>\n<p data-index=\"4\">\u201eEra \u00een pauza de publicitate, dup\u0103 ce \u00een prima parte am avut discu\u021bii contradictorii. Dl. Palada \u00een mod constant intervenea peste ce aveam eu de spus c\u00e2nd eram \u00eentrebat. Dup\u0103 ce l-am rugat s\u0103 m\u0103 lase s\u0103 termin ce am de spus, a patra oar\u0103 c\u00e2nd a intrat peste mine am spus: unul dintre motivele pentru care am intrat \u00een politic\u0103 e \u0219i faptul c\u0103 m-am s\u0103turat de asemenea politicieni nesim\u021bi\u021bi care nu te las\u0103 s\u0103 vorbe\u0219ti\u201d, povestea circumstan\u021bele incidentului, vicepre\u0219edintele Senatului Mihai Go\u021biu (USR).<\/p>\n<p data-index=\"5\">\u201e\u00cen pauz\u0103 a \u00eenceput s\u0103 spun\u0103: s\u0103 nu cumva s\u0103 mai \u00eendr\u0103zne\u0219ti s\u0103 m\u0103 faci nesim\u021bit, nu mai \u021bin minte exact, rezulta c\u0103 dup\u0103 emisiune o s\u0103 v\u0103d eu&#8230; Am zis: dac\u0103 continua\u021bi s\u0103 m\u0103 \u00eentrerupe\u021bi o s\u0103 spun c\u0103 e complet nesim\u021bit. S-a ridicat, m-a lovit cu pumnul \u00een gur\u0103, cei din studio de la paz\u0103 au intervenit \u0219i l-au scos\u201d, a relatat senatorul.<\/p>\n<p data-index=\"6\">Vinerea trecut\u0103, <a href=\"https:\/\/www.digi24.ro\/stiri\/actualitate\/politica\/noi-imagini-cu-mirel-palada-lovindu-l-pe-mihai-gotiu-794169\" data-skip-linkfix=\"1\">postul B1 TV a difuzat imaginile surprinse de camerele de supraveghere din studio<\/a>.<\/p>\n<p data-index=\"7\">Tot vineri, <a href=\"https:\/\/www.digi24.ro\/stiri\/actualitate\/politica\/gotiu-a-depus-plangere-penala-impotriva-lui-palada-care-este-acuzatia-794196\" data-skip-linkfix=\"1\">Go\u021biu a anun\u021bat c\u0103 a depus pl\u00e2ngere penal\u0103 \u00eempotriva lui Mirel Palada<\/a>, acuza\u021bia formulat\u0103 fiind de ultraj.<\/p>\n<\/div>\n<p> Source URL: https:\/\/www.digi24.ro\/stiri\/actualitate\/politica\/prima-reactie-a-lui-mirel-palada-dupa-incidentul-cu-mihai-gotiu-795391<\/p>\n","protected":false},"excerpt":{"rendered":"<p>Fostul purt\u0103tor de cuv\u00e2nt al Guvernului Ponta a f\u0103cut, pe contul s\u0103u de Facebook, primele comentarii dup\u0103 episodul de s\u0103pt\u0103m\u00e2na trecut\u0103, c\u00e2nd l-a agresat, \u00een studioul unei televiziuni, pe vicepre\u0219edintele Senatului, Mihai Go\u021biu. Surs\u0103 foto: contul personal de Facebook \u201eAm fost plecat, n-am avut calculatorul la mine, am avut un program foarte \u00eenc\u0103rcat. M-am \u00eentors [&hellip;]<\/p>\n","protected":false},"author":1,"featured_media":133985,"comment_status":"open","ping_status":"","sticky":false,"template":"","format":"standard","meta":{"footnotes":""},"categories":[2],"tags":[11],"class_list":["post-133984","post","type-post","status-publish","format-standard","has-post-thumbnail","hentry","category-politics","tag-digi24"],"_links":{"self":[{"href":"https:\/\/analyse.optim.biz\/index.php?rest_route=\/wp\/v2\/posts\/133984","targetHints":{"allow":["GET"]}}],"collection":[{"href":"https:\/\/analyse.optim.biz\/index.php?rest_route=\/wp\/v2\/posts"}],"about":[{"href":"https:\/\/analyse.optim.biz\/index.php?rest_route=\/wp\/v2\/types\/post"}],"author":[{"embeddable":true,"href":"https:\/\/analyse.optim.biz\/index.php?rest_route=\/wp\/v2\/users\/1"}],"replies":[{"embeddable":true,"href":"https:\/\/analyse.optim.biz\/index.php?rest_route=%2Fwp%2Fv2%2Fcomments&post=133984"}],"version-history":[{"count":0,"href":"https:\/\/analyse.optim.biz\/index.php?rest_route=\/wp\/v2\/posts\/133984\/revisions"}],"wp:featuredmedia":[{"embeddable":true,"href":"https:\/\/analyse.optim.biz\/index.php?rest_route=\/wp\/v2\/media\/133985"}],"wp:attachment":[{"href":"https:\/\/analyse.optim.biz\/index.php?rest_route=%2Fwp%2Fv2%2Fmedia&parent=133984"}],"wp:term":[{"taxonomy":"category","embeddable":true,"href":"https:\/\/analyse.optim.biz\/index.php?rest_route=%2Fwp%2Fv2%2Fcategories&post=133984"},{"taxonomy":"post_tag","embeddable":true,"href":"https:\/\/analyse.optim.biz\/index.php?rest_route=%2Fwp%2Fv2%2Ftags&post=133984"}],"curies":[{"name":"wp","href":"https:\/\/api.w.org\/{rel}","templated":true}]}}