{"id":1337606,"date":"2023-06-09T04:30:24","date_gmt":"2023-06-09T01:30:24","guid":{"rendered":"https:\/\/analyse.optim.biz\/?p=1337606"},"modified":"2023-06-09T04:30:24","modified_gmt":"2023-06-09T01:30:24","slug":"cooperativa-imobiliara-giroc","status":"publish","type":"post","link":"https:\/\/analyse.optim.biz\/?p=1337606","title":{"rendered":"Cooperativa imobiliar\u0103 Giroc"},"content":{"rendered":"<article id=\"template-id-172790\" class=\"post-172790 tdb_templates type-tdb_templates status-publish post\">\n<div id=\"tdi_52\" class=\"tdc-zone\">\n<div class=\"tdc_zone tdi_53  wpb_row td-pb-row\">\n<div id=\"tdi_54\" class=\"tdc-row stretch_row_1400 td-stretch-content\">\n<div class=\"vc_row tdi_55  wpb_row td-pb-row tdc-element-style\">\n<div class=\"vc_column tdi_57  wpb_column vc_column_container tdc-column td-pb-span8\">\n<div class=\"wpb_wrapper\">\n<div class=\"td_block_wrap tdb_single_categories tdi_58 td-pb-border-top td_block_template_1 \" data-td-block-uid=\"tdi_58\">\n<div class=\"tdb-category td-fix-index\"><a class=\"tdb-entry-category\" href=\"https:\/\/voceatimisului.ro\/category\/stiri-din-timisoara-si-timis\/\">\u0218tiri<\/a><a class=\"tdb-entry-category\" href=\"https:\/\/voceatimisului.ro\/category\/investigatii-stiri\/\">Investiga\u021bii<\/a><\/div>\n<\/div>\n<div class=\"td_block_wrap tdb_title tdi_59 tdb-single-title td-pb-border-top td_block_template_1\" data-td-block-uid=\"tdi_59\">\n<div class=\"tdb-block-inner td-fix-index\">\n<h1 class=\"tdb-title-text\">Istorie periurban\u0103! Cooperativa imobiliar\u0103 Giroc, tot sub lupa autorit\u0103\u021bilor statului rom\u00e2n, de mai bine de doi ani de zile<\/h1>\n<\/div>\n<\/div>\n<div class=\"vc_row_inner tdi_62  vc_row vc_inner wpb_row td-pb-row\">\n<div class=\"vc_column_inner tdi_64  wpb_column vc_column_container tdc-inner-column td-pb-span6\">\n<div class=\"vc_column-inner\">\n<div class=\"wpb_wrapper\">\n<div class=\"td_block_wrap tdb_single_author tdi_65 td-pb-border-top td_block_template_1 tdb-post-meta\" data-td-block-uid=\"tdi_65\">\n<div class=\"tdb-block-inner td-fix-index\">\n<div class=\"tdb-author-name-wrap\"><span class=\"tdb-author-by\">Autor-<\/span><a class=\"tdb-author-name\" href=\"https:\/\/voceatimisului.ro\/author\/tibi\/\">Tiberiu Kiss<\/a><\/div>\n<\/div>\n<\/div>\n<div class=\"td_block_wrap tdb_single_date tdi_66 td-pb-border-top td_block_template_1 tdb-post-meta\" data-td-block-uid=\"tdi_66\">\n<div class=\"tdb-block-inner td-fix-index\"><time class=\"entry-date updated td-module-date\" datetime=\"2023-06-09T07:30:24+03:00\">9 iunie 2023<\/time><\/div>\n<\/div>\n<div class=\"td_block_wrap tdb_single_comments_count tdi_67 td-pb-border-top td_block_template_1 tdb-post-meta\" data-td-block-uid=\"tdi_67\">\n<div class=\"tdb-block-inner td-fix-index\"><a href=\"https:\/\/voceatimisului.ro\/istorie-periurbana-cooperativa-imobiliara-giroc-tot-sub-lupa-autoritatilor-statului-roman-de-mai-bine-de-doi-ani-de-zile\/#comments\"><span>14<\/span><\/a><\/div>\n<\/div>\n<div class=\"td_block_wrap tdb_single_post_views tdi_68 td-pb-border-top td_block_template_1 tdb-post-meta\" data-td-block-uid=\"tdi_68\">\n<div class=\"tdb-block-inner td-fix-index\"><span class=\"tdb-add-text\">1<\/span><span class=\"td-nr-views-155934\">5132<\/span><\/div>\n<\/div>\n<\/div>\n<\/div>\n<\/div>\n<div class=\"vc_column_inner tdi_70  wpb_column vc_column_container tdc-inner-column td-pb-span6\">\n<div class=\"vc_column-inner\">\n<div class=\"wpb_wrapper\">\n<div class=\"td_block_wrap tdb_single_post_share tdi_71  td-pb-border-top td_block_template_1\" data-td-block-uid=\"tdi_71\">\n<div id=\"tdi_71\" class=\"td-post-sharing tdb-block td-ps-bg td-ps-notext td-post-sharing-style1 \">\n<div class=\"td-post-sharing-visible\"><a class=\"td-social-sharing-button td-social-sharing-button-js td-social-network td-social-facebook\" href=\"https:\/\/www.facebook.com\/sharer.php?u=https%3A%2F%2Fvoceatimisului.ro%2Fistorie-periurbana-cooperativa-imobiliara-giroc-tot-sub-lupa-autoritatilor-statului-roman-de-mai-bine-de-doi-ani-de-zile%2F\" title=\"Facebook\" rel=\"noopener\"><\/p>\n<div class=\"td-social-but-text\">Facebook<\/div>\n<p><\/a><a class=\"td-social-sharing-button td-social-sharing-button-js td-social-network td-social-twitter\" href=\"https:\/\/twitter.com\/intent\/tweet?text=Istorie+periurban%C4%83%21+Cooperativa+imobiliar%C4%83+Giroc%2C+tot+sub+lupa+autorit%C4%83%C8%9Bilor+statului+rom%C3%A2n%2C+de+mai+bine+de+doi+ani+de+zile&amp;url=https%3A%2F%2Fvoceatimisului.ro%2Fistorie-periurbana-cooperativa-imobiliara-giroc-tot-sub-lupa-autoritatilor-statului-roman-de-mai-bine-de-doi-ani-de-zile%2F&amp;via=Vocea+Timisului\" title=\"Twitter\" rel=\"noopener\"><\/p>\n<div class=\"td-social-but-text\">Twitter<\/div>\n<p><\/a><a class=\"td-social-sharing-button td-social-sharing-button-js td-social-network td-social-pinterest\" href=\"https:\/\/pinterest.com\/pin\/create\/button\/?url=https:\/\/voceatimisului.ro\/istorie-periurbana-cooperativa-imobiliara-giroc-tot-sub-lupa-autoritatilor-statului-roman-de-mai-bine-de-doi-ani-de-zile\/&amp;media=https:\/\/analyse.optim.biz\/wp-content\/uploads\/2026\/01\/cooperativa-imobiliara-giroc-jpg.webp&amp;description=Istorie+periurban%C4%83%21+Cooperativa+imobiliar%C4%83+Giroc%2C+tot+sub+lupa+autorit%C4%83%C8%9Bilor+statului+rom%C3%A2n%2C+de+mai+bine+de+doi+ani+de+zile\" title=\"Pinterest\" rel=\"noopener\"><\/p>\n<div class=\"td-social-but-text\">Pinterest<\/div>\n<p><\/a><a class=\"td-social-sharing-button td-social-sharing-button-js td-social-network td-social-whatsapp\" href=\"https:\/\/api.whatsapp.com\/send?text=Istorie+periurban%C4%83%21+Cooperativa+imobiliar%C4%83+Giroc%2C+tot+sub+lupa+autorit%C4%83%C8%9Bilor+statului+rom%C3%A2n%2C+de+mai+bine+de+doi+ani+de+zile%20%0A%0A%20https:\/\/voceatimisului.ro\/istorie-periurbana-cooperativa-imobiliara-giroc-tot-sub-lupa-autoritatilor-statului-roman-de-mai-bine-de-doi-ani-de-zile\/\" title=\"WhatsApp\" rel=\"noopener\"><\/p>\n<div class=\"td-social-but-text\">WhatsApp<\/div>\n<p><\/a><a class=\"td-social-sharing-button td-social-sharing-button-js td-social-network td-social-linkedin\" href=\"https:\/\/www.linkedin.com\/shareArticle?mini=true&amp;url=https:\/\/voceatimisului.ro\/istorie-periurbana-cooperativa-imobiliara-giroc-tot-sub-lupa-autoritatilor-statului-roman-de-mai-bine-de-doi-ani-de-zile\/&amp;title=Istorie+periurban%C4%83%21+Cooperativa+imobiliar%C4%83+Giroc%2C+tot+sub+lupa+autorit%C4%83%C8%9Bilor+statului+rom%C3%A2n%2C+de+mai+bine+de+doi+ani+de+zile\" title=\"Linkedin\" rel=\"noopener\"><\/p>\n<div class=\"td-social-but-text\">Linkedin<\/div>\n<p><\/a><a class=\"td-social-sharing-button td-social-sharing-button-js td-social-network td-social-copy_url\" href=\"https:\/\/voceatimisului.ro\/istorie-periurbana-cooperativa-imobiliara-giroc-tot-sub-lupa-autoritatilor-statului-roman-de-mai-bine-de-doi-ani-de-zile\/\" title=\"Copy URL\" rel=\"noopener\"><\/p>\n<div class=\"td-social-but-text\">Copy URL<\/div>\n<p><\/a><\/div>\n<\/div>\n<\/div>\n<\/div>\n<\/div>\n<\/div>\n<\/div>\n<div class=\"td_block_wrap tdb_single_featured_image tdi_72 tdb-content-horiz-left td-pb-border-top td_block_template_1\" data-td-block-uid=\"tdi_72\">\n<div class=\"tdb-block-inner td-fix-index\">\n<figure><img loading=\"lazy\" decoding=\"async\" width=\"696\" height=\"725\" class=\"entry-thumb\" src=\"https:\/\/analyse.optim.biz\/wp-content\/uploads\/2026\/01\/cooperativa-imobiliara-giroc-jpg-696x725-1-1.webp\" alt=\"Cooperativa imobiliara Giroc jpg\" title=\"Cooperativa imobiliara Giroc jpg\"><figcaption class=\"tdb-caption-text\">Cooperativa imobiliara Giroc jpg<\/figcaption><\/figure>\n<\/div>\n<\/div>\n<div class=\"vc_row_inner tdi_74  vc_row vc_inner wpb_row td-pb-row\">\n<div class=\"vc_column_inner tdi_76  wpb_column vc_column_container tdc-inner-column td-pb-span4 td-is-sticky\">\n<div class=\"vc_column-inner\">\n<div class=\"wpb_wrapper\" data-sticky-enabled-on=\"W3RydWUsdHJ1ZSx0cnVlLHRydWVd\" data-sticky-offset=\"20\" data-sticky-is-width-auto=\"W2ZhbHNlLGZhbHNlLGZhbHNlLGZhbHNlXQ==\">\n<div class=\"td_block_wrap td_flex_block_1 tdi_77 td-pb-border-top td_block_template_1 td_ajax_preloading_preload td_flex_block\" data-td-block-uid=\"tdi_77\">\n<div id=\"tdi_77\" class=\"td_block_inner td-mc1-wrap\">\n<div class=\"td_module_flex td_module_flex_1 td_module_wrap td-animation-stack td-meta-info-hide td-cpt-post\">\n<div class=\"td-module-container td-category-pos-image\">\n<div class=\"td-module-meta-info\">\n<h3 class=\"entry-title td-module-title\"><a href=\"https:\/\/voceatimisului.ro\/targul-de-craciun-giroc-2025-artisti-cunoscuti-in-programul-spectacolelor-gratuite\/\" rel=\"bookmark\" title=\"T\u00e2rgul de Cr\u0103ciun Giroc 2025, arti\u0219ti cunoscu\u021bi \u00een programul spectacolelor gratuite\">T\u00e2rgul de Cr\u0103ciun Giroc 2025, arti\u0219ti cunoscu\u021bi \u00een programul spectacolelor gratuite<\/a><\/h3>\n<\/div>\n<\/div>\n<\/div>\n<div class=\"td_module_flex td_module_flex_1 td_module_wrap td-animation-stack td-meta-info-hide td-cpt-post\">\n<div class=\"td-module-container td-category-pos-image\">\n<div class=\"td-module-meta-info\">\n<h3 class=\"entry-title td-module-title\"><a href=\"https:\/\/voceatimisului.ro\/targ-caritabil-la-gpp-giroc-pentru-sustinerea-terapiilor-unui-copil-si-modernizarea-curtii\/\" rel=\"bookmark\" title=\"T\u00e2rg caritabil la GPP Giroc pentru sus\u021binerea terapiilor unui copil \u0219i modernizarea cur\u021bii\">T\u00e2rg caritabil la GPP Giroc pentru sus\u021binerea terapiilor unui copil \u0219i modernizarea cur\u021bii<\/a><\/h3>\n<\/div>\n<\/div>\n<\/div>\n<div class=\"td_module_flex td_module_flex_1 td_module_wrap td-animation-stack td-meta-info-hide td-cpt-post\">\n<div class=\"td-module-container td-category-pos-image\">\n<div class=\"td-module-meta-info\">\n<h3 class=\"entry-title td-module-title\"><a href=\"https:\/\/voceatimisului.ro\/festivalul-ceaunul-chisozean-ajunge-la-editia-a-vi-a\/\" rel=\"bookmark\" title=\"Festivalul \u201eCeaunul Chi\u0219ozean\u201d ajunge la edi\u021bia a VI-a\">Festivalul \u201eCeaunul Chi\u0219ozean\u201d ajunge la edi\u021bia a VI-a<\/a><\/h3>\n<\/div>\n<\/div>\n<\/div>\n<div class=\"td_module_flex td_module_flex_1 td_module_wrap td-animation-stack td-meta-info-hide td-cpt-post\">\n<div class=\"td-module-container td-category-pos-image\">\n<div class=\"td-module-meta-info\">\n<h3 class=\"entry-title td-module-title\"><a href=\"https:\/\/voceatimisului.ro\/gunoiul-ipocriziei-retim-ne-otraveste-nica-plange-iar-institutiile-dorm-pe-levigat\/\" rel=\"bookmark\" title=\"Gunoiul ipocriziei: RETIM ne otr\u0103ve\u0219te, Nica pl\u00e2nge, iar institu\u021biile dorm pe levigat\">Gunoiul ipocriziei: RETIM ne otr\u0103ve\u0219te, Nica pl\u00e2nge, iar institu\u021biile dorm pe levigat<\/a><\/h3>\n<\/div>\n<\/div>\n<\/div>\n<\/div>\n<\/div>\n<div class=\"tdb-author-box td_block_wrap tdb_single_author_box tdi_82 tdb-content-vert-top td-pb-border-top td_block_template_1\" data-td-block-uid=\"tdi_82\">\n<div class=\"tdb-block-inner td-fix-index\">\n<div class=\"tdb-author-info\"><a href=\"https:\/\/voceatimisului.ro\/author\/tibi\/\" class=\"tdb-author-name\">Tiberiu Kiss<\/a><\/p>\n<div class=\"tdb-author-descr\">\u00centreaga responsabilitate a comentariilor l\u0103sate de dumneavoastr\u0103 v\u0103 apar\u021bine!<br \/>\nClick <a href=\"https:\/\/voceatimisului.ro\/termeni-si-conditii\/\">aici<\/a>-citeste condi\u0163iile de utilizare ale site-ului www.voceatimisului.ro<\/div>\n<\/div>\n<\/div>\n<\/div>\n<\/div>\n<\/div>\n<\/div>\n<div class=\"vc_column_inner tdi_84  wpb_column vc_column_container tdc-inner-column td-pb-span8\">\n<div class=\"vc_column-inner\">\n<div class=\"wpb_wrapper\">\n<div class=\"td_block_wrap tdb_single_content tdi_85 td-pb-border-top td_block_template_1 td-post-content tagdiv-type\" data-td-block-uid=\"tdi_85\">\n<div class=\"tdb-block-inner td-fix-index\">\n<h5 class=\"wp-block-heading\" id=\"h-9-iunie-2021-9-iunie-2023-exact-doi-ani-de-zile-s-au-scurs-de-cand-voceatimisului-ro-a-demarat-campania-de-investiga\u021bii-jurnalistice-care-vizeaza-cea-mai-corupta-\u0219i-ancorata-cooperativa-imobiliara-din-romania-o-organiza\u021bie-lucrativa-care-\u0219i-a-facut-numarul-\u0219i-talentul-chiar-in-curtea-din-fa\u021ba-a-primariei-giroc-ziua-in-amiaza-mare-cot-la-cot-cu-o-serie-de-func\u021bionari-publici-atat-din-administra\u021bia-locala-de-la-marginea-timi\u0219oarei-cat-\u0219i-dintr-o-serie-de-alte-institu\u021bii-de-for\u021ba-ale-statului-roman-\u0219i-toata-mori\u0219ca-care-a-umplut-buzunarele-cooperati\u0219tilor-cu-zeci-de-milioane-de-euro-bani-care-au-adus-la-pachet-conexiuni-la-varful-autorita\u021bilor-\u0219i-partidelor-politice-a-func\u021bionat-nestingherita-mai-bine-de-un-deceniu-de-parca-entitatea-nici-nu-ar-fi-existat-vreodata\"><a href=\"https:\/\/voceatimisului.ro\/ca-n-1001-de-nopti-primaria-giroc-contracte-de-peste-18-milioane-de-lei-pentru-servicii-juridice-cu-fiul-unui-consilier-local-psd\/\" target=\"_blank\" rel=\"noreferrer noopener\">9 iunie 2021 \u2013 9 iunie 2023! Exact doi ani de zile s-au scurs de c\u00e2nd voceatimisului.ro a demarat campania de investiga\u021bii jurnalistice care vizeaz\u0103 cea mai corupt\u0103 \u0219i ancorat\u0103 cooperativ\u0103 imobiliar\u0103 din Rom\u00e2nia.<\/a> O organiza\u021bie lucrativ\u0103 care \u0219i-a f\u0103cut num\u0103rul \u0219i talentul, chiar \u00een curtea din fa\u021b\u0103 a Prim\u0103riei Giroc, ziua \u00een amiaza mare, cot la cot cu o serie de func\u021bionari publici, at\u00e2t din administra\u021bia local\u0103 de la marginea Timi\u0219oarei, c\u00e2t \u0219i dintr-o serie de alte institu\u021bii de for\u021b\u0103 ale statului rom\u00e2n! \u0218i toat\u0103 mori\u0219ca, care a umplut buzunarele cooperati\u0219tilor cu zeci de milioane de euro, bani care au adus, la pachet, conexiuni la v\u00e2rful autorit\u0103\u021bilor \u0219i partidelor politice, a func\u021bionat nestingherit\u0103 mai bine de un deceniu. De parc\u0103, entitatea nici nu ar fi existat vreodat\u0103!<\/h5>\n<p>E clar ca bun\u0103 ziua c\u0103, at\u00e2ta timp c\u00e2t cooperativa imobiliar\u0103 de pe raza comunei Giroc a func\u021bionat din plin, toat\u0103 lumea a tr\u0103it bine. A\u0219a c\u0103 niciun c\u00e2ine, fie c\u00e2t de mic, nu s-a l\u0103sat dus de l\u00e2ng\u0103 m\u0103cel\u0103rie! De dul\u0103ii, care ar fi trebuit s\u0103 protejeze interesele statului rom\u00e2n, nici nu mai are sens s\u0103 discut\u0103m! Oricum, dup\u0103 doi ani de zile de munc\u0103 \u00een folosul comunit\u0103\u021bii, concluzia voceatimisului.ro, bazat\u0103 pur \u0219i simplu pe coroborarea unor informa\u021bii ob\u021binute de-a lungul timpului \u0219i neexploatate, nu poate fi dec\u00e2t una singur\u0103:<strong> at\u00e2t s-a putut! C\u0103, azi, printre a\u0219ternuturi, mai sunt naivi care cred c\u0103 lucrurile pot fi deturnate, nici nu mai conteaz\u0103.<\/strong><\/p>\n<p>Cu timpul, to\u021bi cei care s-au plictisit, at\u00e2t prin birourile autorit\u0103\u021bilor de stat c\u00e2t \u0219i prin Giroc, s-au \u00eenscris la campionatul na\u021bional de\u2026 dat cu p\u0103rerea. \u0218i-au g\u0103sit de lucru \u0219i au avansat tot soiul de teorii ale conspira\u021biei care, chipurile, ar sta la baza campaniei de pres\u0103 din voceatimisului.ro. <a href=\"https:\/\/voceatimisului.ro\/orbu-gainilor-primaria-giroc-a-uita-sa-numere-pana-la-cinci-si-a-legalizat-un-imobil-colectiv-care-nu-respecta-autorizatia-de-construire-doar-pentru-ca-proiectul-a-trecut-prin-sufrageria-a\/\" target=\"_blank\" rel=\"noreferrer noopener\"><strong>La \u00eenceput, fra\u021bii Cristian \u0219i Florin Fedor au fost vinova\u021bii de serviciu<\/strong>!<\/a> Apoi, sponsorizarea campionatului <a href=\"https:\/\/voceatimisului.ro\/lantul-amintirilor-omul-de-afaceri-radu-burescu-inca-mai-asteapta-ca-procurorii-dna-sa-il-intrebe-de-sanatate-pe-primarul-comunei-giroc\/\" target=\"_blank\" rel=\"noreferrer noopener\">a c\u0103zut pe umerii omului de afaceri Radu Burescu!<\/a><strong>Mai t\u00e2rziu, a venit \u0219i r\u00e2ndul fostului <\/strong><a href=\"https:\/\/voceatimisului.ro\/ca-la-biliard-puiu-minda-inculpat-de-dna-timisoara-pentru-tentativa-de-mituire-a-arhitectului-sef-florin-roman-de-la-primaria-giroc\/\" target=\"_blank\" rel=\"noreferrer noopener\"><strong>arhitect-\u0219ef Florin Roman c\u0103, vezi Doamne, nu a mai intrat sub radar<\/strong>!<\/a> Nici nu a mai contat c\u0103, ulterior, toate denun\u021burile \u00eempotriva func\u021bionarului public \u0219i toat\u0103 campania mediatic\u0103, demarat\u0103 de cooperati\u0219tii care au ajuns \u00een m\u00e2inile DNA, a avut la baz\u0103, \u00een mod exclusiv, informa\u021bii din investiga\u021biile voceatimisului.ro.<\/p>\n<p><a href=\"https:\/\/voceatimisului.ro\/enciclopedie-primarul-psd-ionel-toma-si-profesorul-de-sport-puiu-minda-ctitorii-si-groparii-cooperativei-imobiliare-de-raza-comunei-giroc\/\" target=\"_blank\" rel=\"noreferrer noopener\"><strong>Pove\u0219tile pe col\u021bul mesei au continuat cu fostul primar Ionel Toma <\/strong>(Dumnezeu s\u0103-l odihneasc\u0103!)<\/a>, ba cu PSD, ba cu un grup obscur de imobiliari\u0219ti din Dumbr\u0103vi\u021ba care n-ar fi avut acces la investi\u021bii pe Giroc, ba cu servicii secrete, ba cu DNA \u0219i cu tot soiul de alte entit\u0103\u021bi! \u0218i, r\u00e2nd pe r\u00e2nd, toate au picat la proba de\u2026 etilotest! <a href=\"https:\/\/voceatimisului.ro\/cu-dumnezeu-inainte-arhitectul-florin-roman-si-omul-de-afaceri-radu-burescu-sponsorii-paraclisului-din-curtea-primarului-ionel-toma\/\" target=\"_blank\" rel=\"noreferrer noopener\"><strong>C\u00e2nd, de fapt, r\u0103spunsul a fost mult mai simplu \u0219i mereu la vedere: Camera de Conturi Timi\u0219, raportul de audit din 2021<\/strong>! <\/a>Da, de aici a plecat totul, \u00een serial! C\u0103, ulterior, c\u00e2nd episoadele au curs unul dup\u0103 altul, f\u0103r\u0103 urm\u0103 de blat, au venit \u0219i informa\u021bii conexe din diverse zone. De aici a \u00eenceput construc\u021bia celor 2 ani de munc\u0103! A\u0219a c\u0103, tuturor celor care au crezut \u00een noi, nu ne r\u0103m\u00e2ne dec\u00e2t s\u0103 le mul\u021bumim!<\/p>\n<p>P\u00e2n\u0103 la urm\u0103, gratitudinea noastr\u0103 se \u00eendreapt\u0103 \u0219i c\u0103tre cei pe care, din diverse motive, i-am pierdut pe drum. \u0218i nu din vina noast\u0103 ci pur \u0219i simplu pentru c\u0103, imediat dup\u0103 decesul primarului Ionel Toma, s-au (re)convertit. <a href=\"https:\/\/voceatimisului.ro\/dublul-standard-agentia-nationala-de-integritate-a-demonstrat-ca-primaria-giroc-a-gresit-cand-nu-s-a-autosesizat-in-cazurile-flagrante-de-incompatibilitate-si-conflict-de-interese-ale-arhitectei-sefe\/\" target=\"_blank\" rel=\"noreferrer noopener\"><strong>\u00cen loc s\u0103 dea reset metehnelor vechi ale administra\u021biei girocene, \u0219i-au descoperit veleit\u0103\u021bi de (ultra)legali\u0219ti, urbani\u0219ti de prestigiu, de ofi\u021beri de contrainforma\u021bii \u0219i de mari filosofi<\/strong>! <\/a>Evident, to\u021bi f\u0103r\u0103 capodopere \u0219i care, chiar \u0219i azi, direct sau indirect, se chinuie s\u0103 re\u00eenvie cooperativa imobiliar\u0103! F\u0103r\u0103 alte comentarii, mul\u021bumirile noastre merg \u0219i c\u0103tre toate grupurile de Facebook, legate de comuna Giroc. Chiar \u0219i c\u0103tre acelea care, dup\u0103 primele 3-5 episoade, au blocat accesul voceatimisului.ro, evident, din pure ra\u021biuni de cenzur\u0103, bazate pe interese de grup!<\/p>\n<p><strong>Pachete de succes<\/strong><\/p>\n<p>Azi, cu siguran\u021b\u0103, numele capilor cooperativei imobiliare de pe raza comunei Giroc conteaz\u0103 mai pu\u021bin. Sunt, deja, arhicunoscute! Oricum, at\u00e2t Ionel Dan Pascu (Puiu Minda), c\u00e2t \u0219i Mueen Al Shawish (Mimo), la pachet cu o serie de al\u021bi func\u021bionari publici sau combinatori urbanistici de ocazie, sunt pe linie moart\u0103. Oricum, ceea ce conteaz\u0103 cu adev\u0103rat este faptul c\u0103, la cap\u0103tul acestui efort jurnalistic, unic \u00een istoria postdecembrist\u0103, r\u0103m\u00e2n rezultatele muncii!<a href=\"https:\/\/voceatimisului.ro\/din-lac-in-put-la-giroc-cooperativa-imobiliara-a-lui-puiu-minda-merge-mai-departe-pe-mana-firmelor-controlate-de-arhitecta-sefa-cristina-babescu\/\" target=\"_blank\" rel=\"noreferrer noopener\"><strong>Azi, cooperativa imobiliar\u0103 de pe raza comunei Giroc este istorie<\/strong>! <\/a>Asta, \u00een primul r\u00e2nd, datorit\u0103 jurnali\u0219tilor de la voceatimisului.ro \u0219i, nu \u00een ultimul r\u00e2nd, Direc\u021biei Na\u021bionale Anticorup\u021bie. O entitate care, spre deosebire de alte institu\u021bii de for\u021b\u0103 ale statului rom\u00e2n, s-a mi\u0219cat! At\u00e2t c\u00e2t a putut! \u0218i \u00eenc\u0103 se mai mi\u0219c\u0103 pe anumite paliere \u0219i direc\u021bii!<\/p>\n<p>\u00cen compara\u021bie, Inspectoratul de Poli\u021bie Timi\u0219, care gestioneaz\u0103 o serie de sesiz\u0103ri \u00eempotriva cooperativei imobiliare de ani de zile, nu a fost \u00een stare s\u0103 ajung\u0103 la nicio concluzie, \u00eenc\u0103. <a href=\"https:\/\/voceatimisului.ro\/aleluia-chestorul-de-politie-alin-petecel-nu-percuteaza-la-suspiciunile-de-spalare-a-banilor-in-cazul-milionarului-puiu-minda-de-la-giroc\/\" target=\"_blank\" rel=\"noreferrer noopener\"><strong>De dosarul privind suspiciunile de sp\u0103lare de bani, alert\u0103 care a venit din partea autorit\u0103\u021bii \u00een domeniu \u0219i care e legat\u0103 de CNP-ul lui Ionel Dan Pascu, nici nu mai are sens s\u0103 vorbim: coper\u021bile au v\u0103zut aproape tot jude\u021bul, p\u00e2n\u0103 au \u00eeng\u0103lbenit<\/strong>!<\/a> Totu\u0219i, singurii care au avut de dat explica\u021bii vizavi de aceast\u0103 spe\u021b\u0103 au fost, evident, jurnali\u0219tii de la voceatimisului.ro care, dup\u0103 apari\u021bia investiga\u021biei de pres\u0103, au fost acuza\u021bi de expunerea unor informa\u021bii nedestinate publicit\u0103\u021bii. Nimic altceva dec\u00e2t o abera\u021bie, menit\u0103 s\u0103 mascheze o v\u00e2n\u0103toare de vr\u0103jitoare din cadrul poli\u021biei jude\u021bene! <a href=\"https:\/\/voceatimisului.ro\/abuz-de-putere-chestorul-alin-petecel-vrea-filaj-si-interceptari-pe-numele-politistilor-care-l-au-dat-in-primire-pe-milionarul-puiu-minda-de-la-giroc\/\" target=\"_blank\" rel=\"noreferrer noopener\">Practic, sursa informa\u021biilor c\u0103tre voceatimi\u0219ului.ro. Oricum, a fost cu ghinion pentru IPJ Timi\u0219!<\/a><\/p>\n<p>Una peste alta, \u00een ciuda amenin\u021b\u0103rilor \u0219i \u00eenjur\u0103turilor constante, timpul a dovedit c\u0103 absolut toate informa\u021biile, care au fost puse pe masa opiniei publice de jurnali\u0219tii de la voceatimisului.ro, au fost confirmate, r\u00e2nd pe r\u00e2nd, de c\u0103tre diverse autorit\u0103\u021bi ale statului. F\u0103r\u0103 nicio excep\u021bie! <strong><a href=\"https:\/\/voceatimisului.ro\/opriti-sarada-administratia-giroceaceana-vrea-sa-plateasca-aquatim-toate-furturile-de-apa-ale-cooperativei-imobiliare-desi-n-are-bani-nici-de-avans-si-nici-de-ratele-lunare\/\" target=\"_blank\" rel=\"noreferrer noopener\">A\u0219a au aflat girocenii \u0219i chi\u0219ozenii c\u0103 sunt buni de plat\u0103 pentru furtul de ap\u0103, \u00een valoare de peste 2,5 milioane de euro! <\/a><\/strong>\u201dPierderi\u201d care, ulterior, pentru a nu se ajunge \u00een situa\u021bia sist\u0103rii serviciilor de ap\u0103-canal c\u0103tre comunitate, au fost asumate la plat\u0103 de c\u0103tre Prim\u0103ria Giroc! <a href=\"https:\/\/voceatimisului.ro\/lista-rusinii-complicitatile-de-la-nivelul-administratiei-locale-si-interesele-cooperatisto-imobiliare-arabesti-au-pus-pe-butuci-sc-giroceana-srl\/\" target=\"_blank\" rel=\"noreferrer noopener\"><strong>Nici nu a mai contat c\u0103 milionarii comunei periurbane au fost prin\u0219i, \u00een flagrant de c\u0103tre o echip\u0103 mixt\u0103 de control, \u00een timp ce \u00ee\u0219i umpleau piscinele\u2026 direct din hidran\u021bii stradali<\/strong>! <\/a>Cu furtunul!<\/p>\n<p>Exact la fel a procedat Prim\u0103ria Giroc \u0219i \u00een cazul contractelor juridice de reprezentare pe care le-a \u00eencheiat cu avocatul Sorinel Gheorghe Golban, fiul unui consilier local PSD:<a href=\"https:\/\/voceatimisului.ro\/spalatul-pe-maini-primaria-giroc-isi-recupereaza-prejudiciul-de-350-000-euro-rezultat-din-contractele-ilegale-de-asistenta-juridica-nu-de-la-artizanii-care-i-le-au-servit-pe-tava-avocatului-sorinel\/\" target=\"_blank\" rel=\"noreferrer noopener\"><strong>\u00een loc s\u0103 recupereze prejudiciul de 350.000 euro de la cei care se fac vinova\u021bi de parafarea \u00een\u021belegerilor succesive \u0219i multianuale, administra\u021bia local\u0103 a demarat executarea silit\u0103 a tuturor celor care s-au judecat cu prim\u0103ria \u0219i\u2026 au pierdut b\u0103t\u0103lia \u00een instan\u021b\u0103<\/strong>! <\/a>Evident, o alt\u0103 abomina\u021bie! Una cu at\u00e2t mai mare cu c\u00e2t s-a demonstrat, negru pe alb, c\u0103 vinova\u021bi de aceast\u0103 anomalie, la fel ca \u0219i \u00een situa\u021bia \u201dpierderilor\u201d de ap\u0103 potabil\u0103, au fost deciden\u021bii administra\u021biei locale, nu comunitatea! <a href=\"https:\/\/voceatimisului.ro\/desene-animate-primaria-giroc-s-a-autodenuntat-la-dna-timisoara-motivand-ca-a-fost-obligata-sa-valideze-contractele-ilegale-de-asistenta-juridica-in-favoarea-avocatului-de-casa-gheorghe-sorinel-go\/\" target=\"_blank\" rel=\"noreferrer noopener\">A\u0219a c\u0103 prejudiciile ar fi trebuit s\u0103 fie recuperate, nu din taxele \u0219i impozitele locuitorilor, ci din buzunarele celor care au achiesat la combina\u021biile financiare \u0219i comerciale!<\/a><\/p>\n<p><strong>Erori umane<\/strong><\/p>\n<p>\u00cen ce prive\u0219te Inspectoratul de Stat \u00een Construc\u021bii Timi\u0219, dou\u0103 lucruri sunt de spus. \u00cen primul r\u00e2nd c\u0103, datorit\u0103 presiunii mediatice, s-a mi\u0219cat extrem de repede \u0219i a confirmat, bucat\u0103 cu bucat\u0103, toate ilegalit\u0103\u021bile care au avut loc \u00een materie de urbanism pe raza comunei Giroc. Au zburat zeci de amenzi, \u00een toate direc\u021biile! <strong>\u0218i, mai mult dec\u00e2t orice, cu concursul prefectului de Timi\u0219 Mihai Ritivoiu, au fost anulate la fel de multe autoriza\u021bii de construire, care au f\u0103cut din localitatea de la marginea Timi\u0219oarei un adev\u0103rat El Dorado<\/strong>. Nu \u00een ultimul r\u00e2nd, dac\u0103 tot suntem la capitolul ISC Timi\u0219, de men\u021bionat este \u0219i faptul c\u0103 toate amenzile, care au fost date, \u0219i toate autoriza\u021biile de construire, care au fost anulate, au beneficiat, ini\u021bial, de binecuv\u00e2ntarea autorit\u0103\u021bii de control! Cu semn\u0103tur\u0103 \u0219i paraf\u0103 institu\u021bional\u0103!<strong> Ceea ce, evident, nu \u00eenseamn\u0103 dec\u00e2t un singur lucru: cooperativa imobiliar\u0103<\/strong>!<\/p>\n<p>Mai mult, la solicitarea DNA, ANAF se str\u0103duie\u0219te din r\u0103sputeri s\u0103 \u00eencheie controalele fiscale care au leg\u0103tur\u0103 cu persoanele fizice \u0219i juridice care au gravitat, mai bine de un deceniu, \u00een jurul cooperativei imobiliare. Unele verific\u0103ri s-au \u00eenchis, deja. Altele sunt pe ultima sut\u0103 de metri! <strong>\u0218i bine face procurorul Adrian Ghimi\u0219, noul \u0219ef al DNA Timi\u0219oara, c\u0103 insist\u0103 \u0219i c\u0103 st\u0103 cu ochii\u2026 pe subiec\u021bi<\/strong>! P\u00e2n\u0103 la urm\u0103, cooperativa imobiliar\u0103 de la Giroc \u00eenseamn\u0103 mult mai mult dec\u00e2t Ionel Dan Pascu, Mueen Al Shawish, Florin Roman sau decedatul Ionel Toma. Asta, cu referire direct\u0103 la alte institu\u021bii ale statului, \u00een special la func\u021bionari publici, care au \u0219tiut cum merg lucrurile \u00een comuna periurban\u0103 \u0219i, \u00een loc s\u0103-\u0219i exercite autoritatea, au \u021binut\u2026 de \u0219ase! <a href=\"https:\/\/voceatimisului.ro\/ca-la-grupa-mica-primaria-giroc-s-a-multumit-doar-sa-constate-ca-arhitecta-sefa-cristina-babescu-are-interese-imobiliare-incompatibile-chiar-si-cu-statutul-de-simplu-angajat-al-administratiei-locale\/\" target=\"_blank\" rel=\"noreferrer noopener\"><strong>\u0218i, evident, au gre\u0219it \u0219i au avut tulbur\u0103ri de vedere, doar \u00een folosul cooperativei imobiliare<\/strong>!<\/a><\/p>\n<p>Azi, la aproape un an de la moartea prematur\u0103 a fostului edil, administra\u021bia local\u0103 \u00eenc\u0103 se mai lupt\u0103 cu trecutul \u0219i are mari probleme s\u0103-\u0219i g\u0103seasc\u0103 drumul spre normalitate \u0219i viitor. \u00cen ciuda eforturilor, nici p\u00e2n\u0103-n ziua de azi, Prim\u0103ria Giroc n-a fost \u00een stare s\u0103 g\u0103seasc\u0103 o solu\u021bie corect\u0103 \u0219i fezabil\u0103 \u00een ceea ce prive\u0219te deblocarea Urbanismului! A\u0219a c\u0103, dup\u0103 demisia de onoare a lui Florin Roman, <a href=\"https:\/\/voceatimisului.ro\/logica-imbatabila-primaria-giroc-a-nominalizat-o-in-fruntea-biroului-de-urbanism-pe-arhitecta-cristina-babescu-care-a-ratat-concursul-de-stat-pentru-aceeasi-pozitie-publica-la-aceeasi-admin\/\" target=\"_blank\" rel=\"noreferrer noopener\"><strong>juc\u0103ria a fost plasat\u0103 \u00een m\u00e2inile arhitectei Cristina Babescu, \u00een ciuda faptului c\u0103 func\u021bionarul a c\u0103zut cu brio examenul de titularizare pe post, de\u0219i a concurat de una singur\u0103<\/strong>!<\/a> N-a contat! A\u0219a cum administra\u021bia local\u0103 n-a \u021binut cont, nici m\u0103car \u00een prelungiri c\u0103, \u00eentre timp<strong>, <a href=\"https:\/\/voceatimisului.ro\/agentia-nationala-de-integritate-a-luat-o-la-puricat-pe-arhitecta-sefa-cristina-babescu-proiectant-privat-si-supervizor-administrativ-al-unui-bloc-in-extravilan-care-a-fost-inregistrat-ca-anexa-agri\/\" target=\"_blank\" rel=\"noreferrer noopener\">interimara de la Urbanism a \u00eenc\u0103put pe m\u00e2inile celor de la ANI<\/a><\/strong>. Exact pentru acelea\u0219i chestiuni pentru care, azi, Florin Roman este cercetat de DNA Timi\u0219oara.<\/p>\n<p>A\u0219adar, \u00een concluzie, nici m\u0103car \u00een ceasul al doisprezecelea, Prim\u0103ria Giroc n-a \u00eenv\u0103\u021bat un lucru elementar: nu po\u021bi face reform\u0103 institu\u021bional\u0103, dac\u0103 nu te lepezi de metehnele \u0219i hainele vechi. E ca \u0219i \u00een povestea cu lupul care-\u0219i schimb\u0103 p\u0103rul\u2026 dar milionarii, ba!<\/p>\n<\/div>\n<\/div>\n<div class=\"td_block_wrap tdb_single_tags tdi_88 td-pb-border-top td_block_template_1\" data-td-block-uid=\"tdi_88\">\n<div class=\"tdb-block-inner td-fix-index\">\n<ul class=\"tdb-tags\">\n<li><span>Tags<\/span><\/li>\n<li><a href=\"https:\/\/voceatimisului.ro\/tag\/curtea-de-conturi\/\">curtea de conturi<\/a><\/li>\n<li><a href=\"https:\/\/voceatimisului.ro\/tag\/dna-timisoara\/\">dna timisoara<\/a><\/li>\n<li><a href=\"https:\/\/voceatimisului.ro\/tag\/mueen-al-shawish\/\">Mueen Al Shawish<\/a><\/li>\n<li><a href=\"https:\/\/voceatimisului.ro\/tag\/primaria-giroc\/\">primaria giroc<\/a><\/li>\n<li><a href=\"https:\/\/voceatimisului.ro\/tag\/puiu-minda\/\">Puiu Minda<\/a><\/li>\n<\/ul>\n<\/div>\n<\/div>\n<div class=\"td_block_wrap tdb_single_post_share tdi_89  td-pb-border-top td_block_template_1\" data-td-block-uid=\"tdi_89\">\n<div id=\"tdi_89\" class=\"td-post-sharing tdb-block td-ps-bg td-ps-notext td-post-sharing-style1 \">\n<div class=\"td-post-sharing-visible\"><a class=\"td-social-sharing-button td-social-sharing-button-js td-social-network td-social-facebook\" href=\"https:\/\/www.facebook.com\/sharer.php?u=https%3A%2F%2Fvoceatimisului.ro%2Fistorie-periurbana-cooperativa-imobiliara-giroc-tot-sub-lupa-autoritatilor-statului-roman-de-mai-bine-de-doi-ani-de-zile%2F\" title=\"Facebook\" rel=\"noopener\"><\/p>\n<div class=\"td-social-but-text\">Facebook<\/div>\n<p><\/a><a class=\"td-social-sharing-button td-social-sharing-button-js td-social-network td-social-twitter\" href=\"https:\/\/twitter.com\/intent\/tweet?text=Istorie+periurban%C4%83%21+Cooperativa+imobiliar%C4%83+Giroc%2C+tot+sub+lupa+autorit%C4%83%C8%9Bilor+statului+rom%C3%A2n%2C+de+mai+bine+de+doi+ani+de+zile&amp;url=https%3A%2F%2Fvoceatimisului.ro%2Fistorie-periurbana-cooperativa-imobiliara-giroc-tot-sub-lupa-autoritatilor-statului-roman-de-mai-bine-de-doi-ani-de-zile%2F&amp;via=Vocea+Timisului\" title=\"Twitter\" rel=\"noopener\"><\/p>\n<div class=\"td-social-but-text\">Twitter<\/div>\n<p><\/a><a class=\"td-social-sharing-button td-social-sharing-button-js td-social-network td-social-pinterest\" href=\"https:\/\/pinterest.com\/pin\/create\/button\/?url=https:\/\/voceatimisului.ro\/istorie-periurbana-cooperativa-imobiliara-giroc-tot-sub-lupa-autoritatilor-statului-roman-de-mai-bine-de-doi-ani-de-zile\/&amp;media=https:\/\/analyse.optim.biz\/wp-content\/uploads\/2026\/01\/cooperativa-imobiliara-giroc-jpg.webp&amp;description=Istorie+periurban%C4%83%21+Cooperativa+imobiliar%C4%83+Giroc%2C+tot+sub+lupa+autorit%C4%83%C8%9Bilor+statului+rom%C3%A2n%2C+de+mai+bine+de+doi+ani+de+zile\" title=\"Pinterest\" rel=\"noopener\"><\/p>\n<div class=\"td-social-but-text\">Pinterest<\/div>\n<p><\/a><a class=\"td-social-sharing-button td-social-sharing-button-js td-social-network td-social-whatsapp\" href=\"https:\/\/api.whatsapp.com\/send?text=Istorie+periurban%C4%83%21+Cooperativa+imobiliar%C4%83+Giroc%2C+tot+sub+lupa+autorit%C4%83%C8%9Bilor+statului+rom%C3%A2n%2C+de+mai+bine+de+doi+ani+de+zile%20%0A%0A%20https:\/\/voceatimisului.ro\/istorie-periurbana-cooperativa-imobiliara-giroc-tot-sub-lupa-autoritatilor-statului-roman-de-mai-bine-de-doi-ani-de-zile\/\" title=\"WhatsApp\" rel=\"noopener\"><\/p>\n<div class=\"td-social-but-text\">WhatsApp<\/div>\n<p><\/a><a class=\"td-social-sharing-button td-social-sharing-button-js td-social-network td-social-linkedin\" href=\"https:\/\/www.linkedin.com\/shareArticle?mini=true&amp;url=https:\/\/voceatimisului.ro\/istorie-periurbana-cooperativa-imobiliara-giroc-tot-sub-lupa-autoritatilor-statului-roman-de-mai-bine-de-doi-ani-de-zile\/&amp;title=Istorie+periurban%C4%83%21+Cooperativa+imobiliar%C4%83+Giroc%2C+tot+sub+lupa+autorit%C4%83%C8%9Bilor+statului+rom%C3%A2n%2C+de+mai+bine+de+doi+ani+de+zile\" title=\"Linkedin\" rel=\"noopener\"><\/p>\n<div class=\"td-social-but-text\">Linkedin<\/div>\n<p><\/a><a class=\"td-social-sharing-button td-social-sharing-button-js td-social-network td-social-copy_url\" href=\"https:\/\/voceatimisului.ro\/istorie-periurbana-cooperativa-imobiliara-giroc-tot-sub-lupa-autoritatilor-statului-roman-de-mai-bine-de-doi-ani-de-zile\/\" title=\"Copy URL\" rel=\"noopener\"><\/p>\n<div class=\"td-social-but-text\">Copy URL<\/div>\n<p><\/a><\/div>\n<\/div>\n<\/div>\n<div class=\"td_block_wrap tdb_single_next_prev tdi_90 td-animation-stack td-next-prev-img-on td-pb-border-top td_block_template_1\" data-td-block-uid=\"tdi_90\">\n<div class=\"tdb-block-inner td-fix-index\">\n<div class=\"tdb-next-post tdb-next-post-bg tdb-post-prev\"><span>Articolul precedent<\/span><\/p>\n<div class=\"td-module-container\">\n<div class=\"td-image-container\"><a class=\"td-image-wrap\" href=\"https:\/\/voceatimisului.ro\/prof-dr-dorel-sandesc-titularizat-ca-manager-al-spitalului-judetean-timisoara\/\"><img loading=\"lazy\" decoding=\"async\" class=\"td-next-prev-image td-fix-index td-lazy-img\" title=\"Prof. dr. Dorel S\u0103ndesc, titularizat ca manager al Spitalului Jude\u021bean Timi\u0219oara\" width=\"696\" height=\"522\" src=\"https:\/\/analyse.optim.biz\/wp-content\/uploads\/2026\/01\/dorel-sandesc1-jpg-696x522-1-1.webp\"><\/a><\/div>\n<div class=\"next-prev-title\"><a href=\"https:\/\/voceatimisului.ro\/prof-dr-dorel-sandesc-titularizat-ca-manager-al-spitalului-judetean-timisoara\/\">Prof. dr. Dorel S\u0103ndesc, titularizat ca manager al Spitalului Jude\u021bean Timi\u0219oara<\/a><\/div>\n<\/div>\n<\/div>\n<div class=\"tdb-next-post tdb-next-post-bg tdb-post-next\"><span>Articolul urm\u0103tor<\/span><\/p>\n<div class=\"td-module-container\">\n<div class=\"td-image-container\"><a class=\"td-image-wrap\" href=\"https:\/\/voceatimisului.ro\/ciorba-cu-legume-grupul-de-sustinere-politico-financiara-al-fostului-primar-nicolae-robu-strange-cotizatii-pentru-sondaje-de-opinie-si-contracte-cu-presa\/\"><img loading=\"lazy\" decoding=\"async\" class=\"td-next-prev-image td-fix-index td-lazy-img\" title=\"Ciorb\u0103 cu legume! Grupul de sus\u021binere politico-financiar\u0103 a fostului primar Nicolae Robu str\u00e2nge cotiza\u021bii pentru sondaje de opinie \u0219i contracte cu presa\" width=\"696\" height=\"462\" src=\"https:\/\/analyse.optim.biz\/wp-content\/uploads\/2026\/01\/robu-modex-2-696x462-1.jpg\"><\/a><\/div>\n<div class=\"next-prev-title\"><a href=\"https:\/\/voceatimisului.ro\/ciorba-cu-legume-grupul-de-sustinere-politico-financiara-al-fostului-primar-nicolae-robu-strange-cotizatii-pentru-sondaje-de-opinie-si-contracte-cu-presa\/\">Ciorb\u0103 cu legume! Grupul de sus\u021binere politico-financiar\u0103 a fostului primar Nicolae Robu str\u00e2nge cotiza\u021bii pentru sondaje de opinie \u0219i contracte cu presa<\/a><\/div>\n<\/div>\n<\/div>\n<\/div>\n<\/div>\n<\/div>\n<\/div>\n<\/div>\n<\/div>\n<div class=\"vc_row_inner tdi_100  vc_row vc_inner wpb_row td-pb-row\">\n<div class=\"vc_column_inner tdi_102  wpb_column vc_column_container tdc-inner-column td-pb-span4 td-is-sticky\">\n<div class=\"vc_column-inner\">\n<div class=\"wpb_wrapper\" data-sticky-enabled-on=\"W3RydWUsdHJ1ZSx0cnVlLHRydWVd\" data-sticky-offset=\"20\" data-sticky-is-width-auto=\"W2ZhbHNlLGZhbHNlLGZhbHNlLGZhbHNlXQ==\">\n<div class=\"td_block_wrap tdb_single_related tdi_103 td_with_ajax_pagination td-pb-border-top td_block_template_1 tdb-single-related-posts\" data-td-block-uid=\"tdi_103\">\n<div id=\"tdi_103\" class=\"td_block_inner tdb-block-inner td-fix-index\">\n<div class=\"tdb_module_related td_module_wrap td-animation-stack td-meta-info-hide\">\n<div class=\"td-module-container td-category-pos-image\">\n<div class=\"td-module-meta-info\">\n<h3 class=\"entry-title td-module-title\"><a href=\"https:\/\/voceatimisului.ro\/giroc-vrea-fonduri-pentru-consolidarea-sediului-primariei-si-a-remizei-svsu-proiecte-de-peste-40-de-milioane-de-lei-depuse-la-ministerul-dezvoltarii\/\" rel=\"bookmark\" title=\"Giroc vrea fonduri pentru consolidarea sediului prim\u0103riei \u0219i a remizei SVSU. Proiecte de peste 40 de milioane de lei, depuse la Ministerul Dezvolt\u0103rii\">Giroc vrea fonduri pentru consolidarea sediului prim\u0103riei \u0219i a remizei SVSU. Proiecte de peste 40 de milioane de lei, depuse la Ministerul Dezvolt\u0103rii<\/a><\/h3>\n<\/div>\n<\/div>\n<\/div>\n<div class=\"tdb_module_related td_module_wrap td-animation-stack td-meta-info-hide\">\n<div class=\"td-module-container td-category-pos-image\">\n<div class=\"td-module-meta-info\">\n<h3 class=\"entry-title td-module-title\"><a href=\"https:\/\/voceatimisului.ro\/deparazitare-la-giroc-si-chisoda-pe-14-iulie-acces-interzis-temporar-in-parcuri-si-locuri-de-joaca\/\" rel=\"bookmark\" title=\"Deparazitare la Giroc \u0219i Chi\u0219oda pe 14 iulie. Acces interzis temporar \u00een parcuri \u0219i locuri de joac\u0103\">Deparazitare la Giroc \u0219i Chi\u0219oda pe 14 iulie. Acces interzis temporar \u00een parcuri \u0219i locuri de joac\u0103<\/a><\/h3>\n<\/div>\n<\/div>\n<\/div>\n<div class=\"tdb_module_related td_module_wrap td-animation-stack td-meta-info-hide\">\n<div class=\"td-module-container td-category-pos-image\">\n<div class=\"td-module-meta-info\">\n<h3 class=\"entry-title td-module-title\"><a href=\"https:\/\/voceatimisului.ro\/furt-din-banii-europeni-in-numele-educatiei-functionare-de-la-universitatea-politehnica-timisoara-trimise-in-judecata-de-dna\/\" rel=\"bookmark\" title=\"Furt din banii europeni, \u00een numele educa\u021biei: func\u021bionare de la Universitatea Politehnica Timi\u0219oara, trimise \u00een judecat\u0103 de DNA\">Furt din banii europeni, \u00een numele educa\u021biei: func\u021bionare de la Universitatea Politehnica Timi\u0219oara, trimise \u00een judecat\u0103 de DNA<\/a><\/h3>\n<\/div>\n<\/div>\n<\/div>\n<\/div>\n<\/div>\n<\/div>\n<\/div>\n<\/div>\n<div class=\"vc_column_inner tdi_105  wpb_column vc_column_container tdc-inner-column td-pb-span8\">\n<div class=\"vc_column-inner\">\n<div class=\"wpb_wrapper\">\n<div class=\"td_block_wrap tdb_single_comments tdi_106 tdb-comm-layout2 td-pb-border-top td_block_template_2\" data-td-block-uid=\"tdi_106\">\n<div class=\"tdb-block-inner td-fix-index\">\n<div class=\"comments\" id=\"comments\">\n<div class=\"td-comments-title-wrap td_block_template_2\">\n<h4 class=\"td-comments-title td-block-title\"><span>14 COMENTARII<\/span><\/h4>\n<\/div>\n<ol class=\"comment-list\">\n<li class=\"comment \" id=\"comment-26752\">\n<article>\n<footer><cite>gicu<\/cite><a class=\"comment-link\" href=\"https:\/\/voceatimisului.ro\/istorie-periurbana-cooperativa-imobiliara-giroc-tot-sub-lupa-autoritatilor-statului-roman-de-mai-bine-de-doi-ani-de-zile\/#comment-26752\"><time><br \/>\n\t\t\t\t\t\t    15 iunie 2023\t\t\t\t\t\t    La\t\t\t\t\t\t    7:45 AM<\/time><\/a><\/footer>\n<div class=\"comment-content\">\n<p>La famiglia continua si \u00een zodia \u0219erpilor \u0219i a muntenilor sub palaria \u0219i barbi\u0219onul sfiosului v\u00eertos cu tot felul de artistice , culturale , angajari sub obladuirea celor 3 balene cenusii mercenare care fac jocurile peneliste din primaria sub baheta magica a nevestei popii . Alt mod de lucru pentru sifonarea banilor publici .<\/p>\n<\/div>\n<div class=\"comment-meta\" id=\"comment-26752\"><a rel=\"nofollow\" class=\"comment-reply-link\" href=\"https:\/\/voceatimisului.ro\/istorie-periurbana-cooperativa-imobiliara-giroc-tot-sub-lupa-autoritatilor-statului-roman-de-mai-bine-de-doi-ani-de-zile\/#comment-26752\" data-commentid=\"26752\" data-postid=\"155934\" data-belowelement=\"comment-26752\" data-respondelement=\"respond\" data-replyto=\"R\u0103spunde-i lui gicu\" aria-label=\"R\u0103spunde-i lui gicu\">R\u0103spunde\u021bi<\/a><\/div>\n<\/article>\n<ul class=\"children\">\n<li class=\"comment \" id=\"comment-26753\">\n<article>\n<footer><cite>Vlad Marcu<\/cite><a class=\"comment-link\" href=\"https:\/\/voceatimisului.ro\/istorie-periurbana-cooperativa-imobiliara-giroc-tot-sub-lupa-autoritatilor-statului-roman-de-mai-bine-de-doi-ani-de-zile\/#comment-26753\"><time><br \/>\n\t\t\t\t\t\t    15 iunie 2023\t\t\t\t\t\t    La\t\t\t\t\t\t    8:00 AM<\/time><\/a><\/footer>\n<div class=\"comment-content\">\n<p>Ma-doiesc ca dansul balenelor cenu\u0219ii \u2013 ca sa citez din clasici \u2013 e legat de PNL. Refuz sa cred ca un om, care mai vreo o tura cu bicicleta, e at\u00e2t de sinuciga\u0219. Cred ca e doar un\u2026 steag fals.<\/p>\n<\/div>\n<div class=\"comment-meta\" id=\"comment-26753\"><a rel=\"nofollow\" class=\"comment-reply-link\" href=\"https:\/\/voceatimisului.ro\/istorie-periurbana-cooperativa-imobiliara-giroc-tot-sub-lupa-autoritatilor-statului-roman-de-mai-bine-de-doi-ani-de-zile\/#comment-26753\" data-commentid=\"26753\" data-postid=\"155934\" data-belowelement=\"comment-26753\" data-respondelement=\"respond\" data-replyto=\"R\u0103spunde-i lui Vlad Marcu\" aria-label=\"R\u0103spunde-i lui Vlad Marcu\">R\u0103spunde\u021bi<\/a><\/div>\n<\/article>\n<\/li>\n<\/ul>\n<\/li>\n<li class=\"comment \" id=\"comment-26742\">\n<article>\n<footer><cite>Gheo<\/cite><a class=\"comment-link\" href=\"https:\/\/voceatimisului.ro\/istorie-periurbana-cooperativa-imobiliara-giroc-tot-sub-lupa-autoritatilor-statului-roman-de-mai-bine-de-doi-ani-de-zile\/#comment-26742\"><time><br \/>\n\t\t\t\t\t\t    12 iunie 2023\t\t\t\t\t\t    La\t\t\t\t\t\t    4:15 PM<\/time><\/a><\/footer>\n<div class=\"comment-content\">\n<p>\u00cen artic.din 12 06 (\u0219i \u00een generic) a\u021bi omis-o pe Hanes Maria,regina afacerilor imobiliare care \u00eempreun\u0103 cu Toma sa tomograful Langa au mosit caracati\u021ba afacerilor oneroase ,imobiliare,din Giroc.Hanes \u00een artic din (a se vedea artc. 19 Oct.2021 despre mama afacerilor ilegale ptr ca tat\u0103l a plecat)<\/p>\n<\/div>\n<div class=\"comment-meta\" id=\"comment-26742\"><a rel=\"nofollow\" class=\"comment-reply-link\" href=\"https:\/\/voceatimisului.ro\/istorie-periurbana-cooperativa-imobiliara-giroc-tot-sub-lupa-autoritatilor-statului-roman-de-mai-bine-de-doi-ani-de-zile\/#comment-26742\" data-commentid=\"26742\" data-postid=\"155934\" data-belowelement=\"comment-26742\" data-respondelement=\"respond\" data-replyto=\"R\u0103spunde-i lui Gheo\" aria-label=\"R\u0103spunde-i lui Gheo\">R\u0103spunde\u021bi<\/a><\/div>\n<\/article>\n<\/li>\n<li class=\"comment \" id=\"comment-26738\">\n<article>\n<footer><cite>Florea<\/cite><a class=\"comment-link\" href=\"https:\/\/voceatimisului.ro\/istorie-periurbana-cooperativa-imobiliara-giroc-tot-sub-lupa-autoritatilor-statului-roman-de-mai-bine-de-doi-ani-de-zile\/#comment-26738\"><time><br \/>\n\t\t\t\t\t\t    11 iunie 2023\t\t\t\t\t\t    La\t\t\t\t\t\t    4:44 PM<\/time><\/a><\/footer>\n<div class=\"comment-content\">\n<p>Atata timp cat procurorii DNA Timisoara au afaceri cu cei din cooperativa imobiliara Giroc, nu se va intampla nimic. Pacat de munca voastra! Verificati legaturile celor din DNA Timisoara cu cooperativa!<\/p>\n<\/div>\n<div class=\"comment-meta\" id=\"comment-26738\"><a rel=\"nofollow\" class=\"comment-reply-link\" href=\"https:\/\/voceatimisului.ro\/istorie-periurbana-cooperativa-imobiliara-giroc-tot-sub-lupa-autoritatilor-statului-roman-de-mai-bine-de-doi-ani-de-zile\/#comment-26738\" data-commentid=\"26738\" data-postid=\"155934\" data-belowelement=\"comment-26738\" data-respondelement=\"respond\" data-replyto=\"R\u0103spunde-i lui Florea\" aria-label=\"R\u0103spunde-i lui Florea\">R\u0103spunde\u021bi<\/a><\/div>\n<\/article>\n<\/li>\n<li class=\"comment \" id=\"comment-26737\">\n<article>\n<footer><cite>Santu<\/cite><a class=\"comment-link\" href=\"https:\/\/voceatimisului.ro\/istorie-periurbana-cooperativa-imobiliara-giroc-tot-sub-lupa-autoritatilor-statului-roman-de-mai-bine-de-doi-ani-de-zile\/#comment-26737\"><time><br \/>\n\t\t\t\t\t\t    11 iunie 2023\t\t\t\t\t\t    La\t\t\t\t\t\t    9:32 AM<\/time><\/a><\/footer>\n<div class=\"comment-content\">\n<p>A\u0219a, \u0219i?<br \/>\nTimp de doi ani s-au prezentat tot felul de \u201eprobe indubitabile\u201d din care \u201erezultau\u201d c\u00e2t de \u201eoneroas\u0103\u201d  \u0219i\u201ddecadent\u0103\u201d e \u201echiaburimea girocan\u0103\u201d. Cum \u00eei exploateaz\u0103 pe s\u0103racii nou sosi\u021bi pe aceste meleaguri aspre \u0219i neprietenoase, cum le v\u00e2nd f\u0103r\u0103 remu\u0219c\u0103ri pamanturi \u0219i case, c\u0103 s\u0103-i for\u021beze s\u0103 r\u0103m\u00e2n\u0103 pe aici.<br \/>\nDa\u2019 din p\u0103cate, trebuie sa spunem c\u0103, p\u0103m\u00e2nturile alea pe care le v\u00e2nd sau pe care construiesc cei din \u201echiaburimea girocan\u0103\u201d, sunt mo\u0219tenite de la ta\u021bii \u0219i mo\u0219ii lor.<br \/>\n\u0218i fac ce vor cu ele. Proprietatea e imprescriptibil\u0103.<br \/>\nRegulile referitoare la proprietate au fost stabilite de al\u021bii, \u00een alte vremuri. Ca noroc!<br \/>\nAcum, a\u0219a ca sa fie bine ca s\u0103 nu fie r\u0103u, \u201eprobele indubitabile\u201d dintr-o cercetare penal\u0103 sau dintr-o urm\u0103rire penal\u0103, care se scurg in presa, sunt nule dpdv juridic.<br \/>\nAncheta voastr\u0103 jurnalistic\u0103 a ajuns un mare f\u00e2s. Un scenariu demn de un film Netflix, cu mafio\u021bi, povesti cu bani, pres\u0103rat pe alocuri cu aventuri de alcov\u2026 care pe cine \u0219i ce. Invidio\u0219ilor!<br \/>\nNoi ne uitam in continuare pe Netflix, pe banii no\u0219tri.<br \/>\nCred c\u0103 Dan. L. are mare dreptate.<\/p>\n<\/div>\n<div class=\"comment-meta\" id=\"comment-26737\"><a rel=\"nofollow\" class=\"comment-reply-link\" href=\"https:\/\/voceatimisului.ro\/istorie-periurbana-cooperativa-imobiliara-giroc-tot-sub-lupa-autoritatilor-statului-roman-de-mai-bine-de-doi-ani-de-zile\/#comment-26737\" data-commentid=\"26737\" data-postid=\"155934\" data-belowelement=\"comment-26737\" data-respondelement=\"respond\" data-replyto=\"R\u0103spunde-i lui Santu\" aria-label=\"R\u0103spunde-i lui Santu\">R\u0103spunde\u021bi<\/a><\/div>\n<\/article>\n<ul class=\"children\">\n<li class=\"comment \" id=\"comment-26739\">\n<article>\n<footer><cite>Vlad Marcu<\/cite><a class=\"comment-link\" href=\"https:\/\/voceatimisului.ro\/istorie-periurbana-cooperativa-imobiliara-giroc-tot-sub-lupa-autoritatilor-statului-roman-de-mai-bine-de-doi-ani-de-zile\/#comment-26739\"><time><br \/>\n\t\t\t\t\t\t    11 iunie 2023\t\t\t\t\t\t    La\t\t\t\t\t\t    7:28 PM<\/time><\/a><\/footer>\n<div class=\"comment-content\">\n<p>Aveti dreptate! Revin \u0219i eu la Netflix. M-ati convins ca merita \u0219i ca face toti banii.<\/p>\n<\/div>\n<div class=\"comment-meta\" id=\"comment-26739\"><a rel=\"nofollow\" class=\"comment-reply-link\" href=\"https:\/\/voceatimisului.ro\/istorie-periurbana-cooperativa-imobiliara-giroc-tot-sub-lupa-autoritatilor-statului-roman-de-mai-bine-de-doi-ani-de-zile\/#comment-26739\" data-commentid=\"26739\" data-postid=\"155934\" data-belowelement=\"comment-26739\" data-respondelement=\"respond\" data-replyto=\"R\u0103spunde-i lui Vlad Marcu\" aria-label=\"R\u0103spunde-i lui Vlad Marcu\">R\u0103spunde\u021bi<\/a><\/div>\n<\/article>\n<ul class=\"children\">\n<li class=\"comment \" id=\"comment-26744\">\n<article>\n<footer><cite>NeluSantinelu<\/cite><a class=\"comment-link\" href=\"https:\/\/voceatimisului.ro\/istorie-periurbana-cooperativa-imobiliara-giroc-tot-sub-lupa-autoritatilor-statului-roman-de-mai-bine-de-doi-ani-de-zile\/#comment-26744\"><time><br \/>\n\t\t\t\t\t\t    13 iunie 2023\t\t\t\t\t\t    La\t\t\t\t\t\t    12:46 AM<\/time><\/a><\/footer>\n<div class=\"comment-content\">\n<p>Nu reveniti la Netflix, ca nu au pornache si va plictisiti. Incercati ceva mai simplu.<\/p>\n<\/div>\n<div class=\"comment-meta\" id=\"comment-26744\"><a rel=\"nofollow\" class=\"comment-reply-link\" href=\"https:\/\/voceatimisului.ro\/istorie-periurbana-cooperativa-imobiliara-giroc-tot-sub-lupa-autoritatilor-statului-roman-de-mai-bine-de-doi-ani-de-zile\/#comment-26744\" data-commentid=\"26744\" data-postid=\"155934\" data-belowelement=\"comment-26744\" data-respondelement=\"respond\" data-replyto=\"R\u0103spunde-i lui NeluSantinelu\" aria-label=\"R\u0103spunde-i lui NeluSantinelu\">R\u0103spunde\u021bi<\/a><\/div>\n<\/article>\n<\/li>\n<\/ul>\n<\/li>\n<li class=\"comment \" id=\"comment-26746\">\n<article>\n<footer><cite>Ion<\/cite><a class=\"comment-link\" href=\"https:\/\/voceatimisului.ro\/istorie-periurbana-cooperativa-imobiliara-giroc-tot-sub-lupa-autoritatilor-statului-roman-de-mai-bine-de-doi-ani-de-zile\/#comment-26746\"><time><br \/>\n\t\t\t\t\t\t    13 iunie 2023\t\t\t\t\t\t    La\t\t\t\t\t\t    12:43 PM<\/time><\/a><\/footer>\n<div class=\"comment-content\">\n<p>Replica ta e un f\u00e2\u0219.vocea tim.a investigat iar arh. Roman Fl..de ce a demisionat? Dac\u0103 din CF se \u0219terge dreptul real de proprietate dup\u0103 o hot\u0103r\u00e2re jud.definitiva de prim\u0103rie \u0219i OCPI iar parchetul  nu cerceteaz\u0103.ce faci?<\/p>\n<\/div>\n<div class=\"comment-meta\" id=\"comment-26746\"><a rel=\"nofollow\" class=\"comment-reply-link\" href=\"https:\/\/voceatimisului.ro\/istorie-periurbana-cooperativa-imobiliara-giroc-tot-sub-lupa-autoritatilor-statului-roman-de-mai-bine-de-doi-ani-de-zile\/#comment-26746\" data-commentid=\"26746\" data-postid=\"155934\" data-belowelement=\"comment-26746\" data-respondelement=\"respond\" data-replyto=\"R\u0103spunde-i lui Ion\" aria-label=\"R\u0103spunde-i lui Ion\">R\u0103spunde\u021bi<\/a><\/div>\n<\/article>\n<ul class=\"children\">\n<li class=\"comment \" id=\"comment-26749\">\n<article>\n<footer><cite>Santu<\/cite><a class=\"comment-link\" href=\"https:\/\/voceatimisului.ro\/istorie-periurbana-cooperativa-imobiliara-giroc-tot-sub-lupa-autoritatilor-statului-roman-de-mai-bine-de-doi-ani-de-zile\/#comment-26749\"><time><br \/>\n\t\t\t\t\t\t    14 iunie 2023\t\t\t\t\t\t    La\t\t\t\t\t\t    9:04 PM<\/time><\/a><\/footer>\n<div class=\"comment-content\">\n<p>Drag\u0103 #Ion: dac\u0103 cumva \u201d din CF se \u0219terge dreptul real de proprietate dup\u0103 o hot\u0103r\u00e2re jud.definitiva de prim\u0103rie \u0219i OCPI iar parchetul nu cerceteaz\u0103.ce faci?\u201d exist\u0103 \u0219i formularul \u201eextenso de carte funciar\u0103\u201d, de unde se poate observa care este circuitul dreptului de proprietate asupra unui imobil,<br \/>\nAfar\u0103 plou\u0103, destul de des, a\u0219a c\u0103 s\u0103 nu ui\u021bi s\u0103 \u00eembraci f\u00e2\u0219u, c\u0103 c\u00e2nd se \u0219terge dreptul real de proprietate dup\u0103 o hot\u0103r\u00e2re jud.definitiva de prim\u0103rie e grav b\u0103!<br \/>\nAr fi de r\u00e2s, dac\u0103 nu ar fi de pl\u00e2ns.<br \/>\n\u0218i mai \u0219i mergi la vot?<\/p>\n<\/div>\n<div class=\"comment-meta\" id=\"comment-26749\"><a rel=\"nofollow\" class=\"comment-reply-link\" href=\"https:\/\/voceatimisului.ro\/istorie-periurbana-cooperativa-imobiliara-giroc-tot-sub-lupa-autoritatilor-statului-roman-de-mai-bine-de-doi-ani-de-zile\/#comment-26749\" data-commentid=\"26749\" data-postid=\"155934\" data-belowelement=\"comment-26749\" data-respondelement=\"respond\" data-replyto=\"R\u0103spunde-i lui Santu\" aria-label=\"R\u0103spunde-i lui Santu\">R\u0103spunde\u021bi<\/a><\/div>\n<\/article>\n<\/li>\n<\/ul>\n<\/li>\n<\/ul>\n<\/li>\n<li class=\"comment \" id=\"comment-26732\">\n<article>\n<footer><cite>Dan L.<\/cite><a class=\"comment-link\" href=\"https:\/\/voceatimisului.ro\/istorie-periurbana-cooperativa-imobiliara-giroc-tot-sub-lupa-autoritatilor-statului-roman-de-mai-bine-de-doi-ani-de-zile\/#comment-26732\"><time><br \/>\n\t\t\t\t\t\t    10 iunie 2023\t\t\t\t\t\t    La\t\t\t\t\t\t    6:18 AM<\/time><\/a><\/footer>\n<div class=\"comment-content\">\n<p>momentan, ati scris numa barfe, ati creat barfe \u2026. vreti si voi prin santaj ceva, atat \u2026<\/p>\n<\/div>\n<div class=\"comment-meta\" id=\"comment-26732\"><a rel=\"nofollow\" class=\"comment-reply-link\" href=\"https:\/\/voceatimisului.ro\/istorie-periurbana-cooperativa-imobiliara-giroc-tot-sub-lupa-autoritatilor-statului-roman-de-mai-bine-de-doi-ani-de-zile\/#comment-26732\" data-commentid=\"26732\" data-postid=\"155934\" data-belowelement=\"comment-26732\" data-respondelement=\"respond\" data-replyto=\"R\u0103spunde-i lui Dan L.\" aria-label=\"R\u0103spunde-i lui Dan L.\">R\u0103spunde\u021bi<\/a><\/div>\n<\/article>\n<ul class=\"children\">\n<li class=\"comment \" id=\"comment-26733\">\n<article>\n<footer><cite>Vlad Marcu<\/cite><a class=\"comment-link\" href=\"https:\/\/voceatimisului.ro\/istorie-periurbana-cooperativa-imobiliara-giroc-tot-sub-lupa-autoritatilor-statului-roman-de-mai-bine-de-doi-ani-de-zile\/#comment-26733\"><time><br \/>\n\t\t\t\t\t\t    10 iunie 2023\t\t\t\t\t\t    La\t\t\t\t\t\t    7:00 AM<\/time><\/a><\/footer>\n<div class=\"comment-content\">\n<p>C\u00e2t mai e abonamentul la Netflix?<\/p>\n<\/div>\n<div class=\"comment-meta\" id=\"comment-26733\"><a rel=\"nofollow\" class=\"comment-reply-link\" href=\"https:\/\/voceatimisului.ro\/istorie-periurbana-cooperativa-imobiliara-giroc-tot-sub-lupa-autoritatilor-statului-roman-de-mai-bine-de-doi-ani-de-zile\/#comment-26733\" data-commentid=\"26733\" data-postid=\"155934\" data-belowelement=\"comment-26733\" data-respondelement=\"respond\" data-replyto=\"R\u0103spunde-i lui Vlad Marcu\" aria-label=\"R\u0103spunde-i lui Vlad Marcu\">R\u0103spunde\u021bi<\/a><\/div>\n<\/article>\n<\/li>\n<\/ul>\n<\/li>\n<li class=\"comment \" id=\"comment-26730\">\n<article>\n<footer><cite>marlen<\/cite><a class=\"comment-link\" href=\"https:\/\/voceatimisului.ro\/istorie-periurbana-cooperativa-imobiliara-giroc-tot-sub-lupa-autoritatilor-statului-roman-de-mai-bine-de-doi-ani-de-zile\/#comment-26730\"><time><br \/>\n\t\t\t\t\t\t    9 iunie 2023\t\t\t\t\t\t    La\t\t\t\t\t\t    6:43 PM<\/time><\/a><\/footer>\n<div class=\"comment-content\">\n<p>AU TRECUT DOI ANI SI NU SE INTAMPLA  NIMIC ARH  ROMAN PRIN COROIU CATALI SI SALA PAUL SIA SCOS ANUL TRECUT IN IULIE  AUTORIZATII PENTRU CONSTRUCTIE A DOUA  AP<br \/>\nCONTINUA  PRIN DIVERSI INTERPUSI SA LUCREZE  SI SA INCASEZE<\/p>\n<\/div>\n<div class=\"comment-meta\" id=\"comment-26730\"><a rel=\"nofollow\" class=\"comment-reply-link\" href=\"https:\/\/voceatimisului.ro\/istorie-periurbana-cooperativa-imobiliara-giroc-tot-sub-lupa-autoritatilor-statului-roman-de-mai-bine-de-doi-ani-de-zile\/#comment-26730\" data-commentid=\"26730\" data-postid=\"155934\" data-belowelement=\"comment-26730\" data-respondelement=\"respond\" data-replyto=\"R\u0103spunde-i lui marlen\" aria-label=\"R\u0103spunde-i lui marlen\">R\u0103spunde\u021bi<\/a><\/div>\n<\/article>\n<\/li>\n<li class=\"comment \" id=\"comment-26728\">\n<article>\n<footer><cite>Iles<\/cite><a class=\"comment-link\" href=\"https:\/\/voceatimisului.ro\/istorie-periurbana-cooperativa-imobiliara-giroc-tot-sub-lupa-autoritatilor-statului-roman-de-mai-bine-de-doi-ani-de-zile\/#comment-26728\"><time><br \/>\n\t\t\t\t\t\t    9 iunie 2023\t\t\t\t\t\t    La\t\t\t\t\t\t    4:26 PM<\/time><\/a><\/footer>\n<div class=\"comment-content\">\n<p>Secretara aia Mateia si cu sotul au strans la spagi de nu mai stiu unde sa le ascunda.<\/p>\n<\/div>\n<div class=\"comment-meta\" id=\"comment-26728\"><a rel=\"nofollow\" class=\"comment-reply-link\" href=\"https:\/\/voceatimisului.ro\/istorie-periurbana-cooperativa-imobiliara-giroc-tot-sub-lupa-autoritatilor-statului-roman-de-mai-bine-de-doi-ani-de-zile\/#comment-26728\" data-commentid=\"26728\" data-postid=\"155934\" data-belowelement=\"comment-26728\" data-respondelement=\"respond\" data-replyto=\"R\u0103spunde-i lui Iles\" aria-label=\"R\u0103spunde-i lui Iles\">R\u0103spunde\u021bi<\/a><\/div>\n<\/article>\n<\/li>\n<li class=\"comment \" id=\"comment-26727\">\n<article>\n<footer><cite>Manole Gh.<\/cite><a class=\"comment-link\" href=\"https:\/\/voceatimisului.ro\/istorie-periurbana-cooperativa-imobiliara-giroc-tot-sub-lupa-autoritatilor-statului-roman-de-mai-bine-de-doi-ani-de-zile\/#comment-26727\"><time><br \/>\n\t\t\t\t\t\t    9 iunie 2023\t\t\t\t\t\t    La\t\t\t\t\t\t    2:16 PM<\/time><\/a><\/footer>\n<div class=\"comment-content\">\n<p>Adev\u0103rat ,dar e dureros ca organele statului nu  cerceteaz\u0103 ,\u0219i finalizeaz\u0103 cu celeritate o ho\u021bie, cea mai mare din Rom\u00e2nia.Am avut pl\u00e2ngeri penale pendinte de func\u021bionarii publici di primarua giroc adresate procurorilor VB,procuror cu ruda consilier,C.A.L, primar Toma,prefect,etc.Credem ca ni se blocheaz\u0103 trimiterea email noastre pe adresa vocea tim. VA RUGAM SA NE CONTACTATI<\/p>\n<\/div>\n<div class=\"comment-meta\" id=\"comment-26727\"><a rel=\"nofollow\" class=\"comment-reply-link\" href=\"https:\/\/voceatimisului.ro\/istorie-periurbana-cooperativa-imobiliara-giroc-tot-sub-lupa-autoritatilor-statului-roman-de-mai-bine-de-doi-ani-de-zile\/#comment-26727\" data-commentid=\"26727\" data-postid=\"155934\" data-belowelement=\"comment-26727\" data-respondelement=\"respond\" data-replyto=\"R\u0103spunde-i lui Manole Gh.\" aria-label=\"R\u0103spunde-i lui Manole Gh.\">R\u0103spunde\u021bi<\/a><\/div>\n<\/article>\n<\/li>\n<\/ol>\n<div id=\"respond\" class=\"comment-respond\">\n<h3 id=\"reply-title\" class=\"comment-reply-title\">L\u0102SA\u021aI UN MESAJ <small><a rel=\"nofollow\" id=\"cancel-comment-reply-link\" href=\"https:\/\/voceatimisului.ro\/istorie-periurbana-cooperativa-imobiliara-giroc-tot-sub-lupa-autoritatilor-statului-roman-de-mai-bine-de-doi-ani-de-zile\/#respond\">Renun\u021ba\u021bi la r\u0103spuns<\/a><\/small><\/h3>\n<div class=\"comment-form-input-wrap td-form-comment\">\n<div class=\"td-warning-comment\">V\u0103 rug\u0103m s\u0103 introduce\u021bi comentariul dvs.!<\/div>\n<\/div>\n<div class=\"comment-form-input-wrap td-form-author\">\n<div class=\"td-warning-author\">Introduce\u021bi aici numele dvs.<\/div>\n<\/div>\n<div class=\"comment-form-input-wrap td-form-email\">\n<div class=\"td-warning-email-error\">A\u021bi introdus o adres\u0103 de e-mail incorect\u0103!<\/div>\n<div class=\"td-warning-email\">V\u0103 rug\u0103m s\u0103 introduce\u021bi adresa dvs. de e-mail aici<\/div>\n<\/div>\n<\/div>\n<\/div>\n<\/div>\n<\/div>\n<\/div>\n<\/div>\n<\/div>\n<\/div>\n<\/div>\n<\/div>\n<div class=\"vc_column tdi_108  wpb_column vc_column_container tdc-column td-pb-span4 td-is-sticky\">\n<div class=\"wpb_wrapper\" data-sticky-enabled-on=\"W3RydWUsdHJ1ZSx0cnVlLHRydWVd\" data-sticky-offset=\"20\" data-sticky-is-width-auto=\"W2ZhbHNlLGZhbHNlLGZhbHNlLGZhbHNlXQ==\">\n<div class=\"vc_row_inner tdi_110  vc_row vc_inner wpb_row td-pb-row\">\n<div class=\"vc_column_inner tdi_112  wpb_column vc_column_container tdc-inner-column td-pb-span12\">\n<div class=\"vc_column-inner\">\n<div class=\"wpb_wrapper\">\n<div class=\"td_block_wrap td_block_title tdi_113 td-pb-border-top td_block_template_11 td-fix-index\" data-td-block-uid=\"tdi_113\">\n<div class=\"td-block-title-wrap\">\n<h4 class=\"td-block-title\"><span class=\"td-pulldown-size\">ANUN\u021aURI \u0218I PUBLICITATE<\/span><\/h4>\n<\/div>\n<\/div>\n<\/div>\n<\/div>\n<\/div>\n<\/div>\n<div class=\"wpb_wrapper td_block_wrap vc_widget_sidebar tdi_115 \">\n<aside id=\"block-10\" class=\"td_block_template_1 widget block-10 widget_block widget_media_image\">\n<figure class=\"wp-block-image size-full\"><a href=\"https:\/\/adpghiroda.ro\/index.html\" target=\"_blank\" rel=\" noreferrer noopener\"><img decoding=\"async\" loading=\"lazy\" width=\"960\" height=\"960\" src=\"https:\/\/analyse.optim.biz\/wp-content\/uploads\/2026\/01\/adp-ghiroda2-229.jpg\" class=\"wp-image-171492\" title=\"adp-ghiroda2-229\"><\/a><\/figure>\n<\/aside>\n<aside id=\"block-11\" class=\"td_block_template_1 widget block-11 widget_block widget_media_image\">\n<figure class=\"wp-block-image size-full\"><a href=\"https:\/\/adpghiroda.ro\/index.html\" target=\"_blank\" rel=\" noreferrer noopener\"><img decoding=\"async\" loading=\"lazy\" width=\"960\" height=\"960\" src=\"https:\/\/analyse.optim.biz\/wp-content\/uploads\/2026\/01\/adp-ghiroda1-229.jpg\" class=\"wp-image-171491\" title=\"adp-ghiroda1-229\"><\/a><\/figure>\n<\/aside>\n<aside id=\"block-17\" class=\"td_block_template_1 widget block-17 widget_block widget_media_image\">\n<figure class=\"wp-block-image size-large is-resized\"><a href=\"https:\/\/verde.events\/\" target=\"_blank\" rel=\" noreferrer noopener\"><img decoding=\"async\" loading=\"lazy\" width=\"1024\" height=\"683\" src=\"https:\/\/analyse.optim.biz\/wp-content\/uploads\/2026\/01\/verde-events-24-1024x683-1-214.jpg\" alt=\"Verde Events\" class=\"wp-image-174395\" title=\"verde-events-24-1024x683-1-214\"><\/a><figcaption class=\"wp-element-caption\"><strong><em>O experien\u021b\u0103 unic\u0103 pentru orice tip de eveniment<\/em><\/strong><\/figcaption><\/figure>\n<\/aside>\n<\/div>\n<div class=\"td_block_wrap td_flex_block_1 tdi_121 td-pb-border-top td_block_template_1 td_ajax_preloading_preload td_flex_block\" data-td-block-uid=\"tdi_121\">\n<div id=\"tdi_121\" class=\"td_block_inner td-mc1-wrap\">\n<div class=\"td_module_flex td_module_flex_1 td_module_wrap td-animation-stack td-meta-info-hide td-cpt-post\">\n<div class=\"td-module-container td-category-pos-image\">\n<div class=\"td-module-meta-info\">\n<h3 class=\"entry-title td-module-title\"><a href=\"https:\/\/voceatimisului.ro\/zece-inspectori-isctr-timisoara-retinuti-de-dna-pentru-luare-de-mita-in-forma-continuata\/\" rel=\"bookmark\" title=\"Zece inspectori ISCTR Timi\u0219oara, re\u021binu\u021bi de DNA pentru luare de mit\u0103 \u00een form\u0103 continuat\u0103\">Zece inspectori ISCTR Timi\u0219oara, re\u021binu\u021bi de DNA pentru luare de mit\u0103 \u00een form\u0103 continuat\u0103<\/a><\/h3>\n<\/div>\n<\/div>\n<\/div>\n<div class=\"td_module_flex td_module_flex_1 td_module_wrap td-animation-stack td-meta-info-hide td-cpt-post\">\n<div class=\"td-module-container td-category-pos-image\">\n<div class=\"td-module-meta-info\">\n<h3 class=\"entry-title td-module-title\"><a href=\"https:\/\/voceatimisului.ro\/in-memoriam-ionel-lucian-sipos-girocul-celebreaza-dansul-popular-la-a-v-a-editie-a-festivalului-care-i-poarta-numele\/\" rel=\"bookmark\" title=\"\u00cen memoriam Ionel Lucian \u0218ipo\u0219: Girocul celebreaz\u0103 dansul popular la a V-a edi\u021bie a festivalului care-i poart\u0103 numele\">\u00cen memoriam Ionel Lucian \u0218ipo\u0219: Girocul celebreaz\u0103 dansul popular la a V-a edi\u021bie a festivalului care-i poart\u0103 numele<\/a><\/h3>\n<\/div>\n<\/div>\n<\/div>\n<div class=\"td_module_flex td_module_flex_1 td_module_wrap td-animation-stack td-meta-info-hide td-cpt-post\">\n<div class=\"td-module-container td-category-pos-image\">\n<div class=\"td-module-meta-info\">\n<h3 class=\"entry-title td-module-title\"><a href=\"https:\/\/voceatimisului.ro\/a-inceput-primul-recensamant-online-al-cainilor-cu-stapan-din-comuna-giroc\/\" rel=\"bookmark\" title=\"A \u00eenceput primul recens\u0103m\u00e2nt online al c\u00e2inilor cu st\u0103p\u00e2n din Comuna Giroc\">A \u00eenceput primul recens\u0103m\u00e2nt online al c\u00e2inilor cu st\u0103p\u00e2n din Comuna Giroc<\/a><\/h3>\n<\/div>\n<\/div>\n<\/div>\n<div class=\"td_module_flex td_module_flex_1 td_module_wrap td-animation-stack td-meta-info-hide td-cpt-post\">\n<div class=\"td-module-container td-category-pos-image\">\n<div class=\"td-module-meta-info\">\n<h3 class=\"entry-title td-module-title\"><a href=\"https:\/\/voceatimisului.ro\/gradinita-noua-in-giroc-investitie-de-peste-26-de-milioane-de-lei-pentru-viitorul-copiilor\/\" rel=\"bookmark\" title=\"Gr\u0103dini\u021b\u0103 nou\u0103 \u00een Giroc: investi\u021bie de peste 26 de milioane de lei pentru viitorul copiilor\">Gr\u0103dini\u021b\u0103 nou\u0103 \u00een Giroc: investi\u021bie de peste 26 de milioane de lei pentru viitorul copiilor<\/a><\/h3>\n<\/div>\n<\/div>\n<\/div>\n<div class=\"td_module_flex td_module_flex_1 td_module_wrap td-animation-stack td-meta-info-hide td-cpt-post\">\n<div class=\"td-module-container td-category-pos-image\">\n<div class=\"td-module-meta-info\">\n<h3 class=\"entry-title td-module-title\"><a href=\"https:\/\/voceatimisului.ro\/complexul-sportiv-multifunctional-timis-4-all-mai-aproape-de-realitate-studiul-de-fezabilitate-scos-la-licitatie\/\" rel=\"bookmark\" title=\"Complexul Sportiv Multifunc\u021bional \u201eTimi\u0219 4 All\u201d, mai aproape de realitate: Studiul de fezabilitate, scos la licita\u021bie\">Complexul Sportiv Multifunc\u021bional \u201eTimi\u0219 4 All\u201d, mai aproape de realitate: Studiul de fezabilitate, scos la licita\u021bie<\/a><\/h3>\n<\/div>\n<\/div>\n<\/div>\n<\/div>\n<\/div>\n<\/div>\n<\/div>\n<\/div>\n<\/div>\n<\/div>\n<\/div>\n<p><span class=\"td-page-meta\"><\/span><span class=\"td-page-meta\"><span class=\"td-page-meta\"><\/span><\/span><span class=\"td-page-meta\"><\/span><\/article>\n<p> Source URL: https:\/\/voceatimisului.ro\/istorie-periurbana-cooperativa-imobiliara-giroc-tot-sub-lupa-autoritatilor-statului-roman-de-mai-bine-de-doi-ani-de-zile\/<\/p>\n","protected":false},"excerpt":{"rendered":"<p>\u0218tiriInvestiga\u021bii Istorie periurban\u0103! Cooperativa imobiliar\u0103 Giroc, tot sub lupa autorit\u0103\u021bilor statului rom\u00e2n, de mai bine de doi ani de zile Autor-Tiberiu Kiss 9 iunie 2023 14 15132 Facebook Twitter Pinterest WhatsApp Linkedin Copy URL Cooperativa imobiliara Giroc jpg T\u00e2rgul de Cr\u0103ciun Giroc 2025, arti\u0219ti cunoscu\u021bi \u00een programul spectacolelor gratuite T\u00e2rg caritabil la GPP Giroc pentru [&hellip;]<\/p>\n","protected":false},"author":1,"featured_media":1337607,"comment_status":"open","ping_status":"","sticky":false,"template":"","format":"standard","meta":{"footnotes":""},"categories":[89],"tags":[199],"class_list":["post-1337606","post","type-post","status-publish","format-standard","has-post-thumbnail","hentry","category-romania","tag-voceatimisului-ro"],"_links":{"self":[{"href":"https:\/\/analyse.optim.biz\/index.php?rest_route=\/wp\/v2\/posts\/1337606","targetHints":{"allow":["GET"]}}],"collection":[{"href":"https:\/\/analyse.optim.biz\/index.php?rest_route=\/wp\/v2\/posts"}],"about":[{"href":"https:\/\/analyse.optim.biz\/index.php?rest_route=\/wp\/v2\/types\/post"}],"author":[{"embeddable":true,"href":"https:\/\/analyse.optim.biz\/index.php?rest_route=\/wp\/v2\/users\/1"}],"replies":[{"embeddable":true,"href":"https:\/\/analyse.optim.biz\/index.php?rest_route=%2Fwp%2Fv2%2Fcomments&post=1337606"}],"version-history":[{"count":0,"href":"https:\/\/analyse.optim.biz\/index.php?rest_route=\/wp\/v2\/posts\/1337606\/revisions"}],"wp:featuredmedia":[{"embeddable":true,"href":"https:\/\/analyse.optim.biz\/index.php?rest_route=\/wp\/v2\/media\/1337607"}],"wp:attachment":[{"href":"https:\/\/analyse.optim.biz\/index.php?rest_route=%2Fwp%2Fv2%2Fmedia&parent=1337606"}],"wp:term":[{"taxonomy":"category","embeddable":true,"href":"https:\/\/analyse.optim.biz\/index.php?rest_route=%2Fwp%2Fv2%2Fcategories&post=1337606"},{"taxonomy":"post_tag","embeddable":true,"href":"https:\/\/analyse.optim.biz\/index.php?rest_route=%2Fwp%2Fv2%2Ftags&post=1337606"}],"curies":[{"name":"wp","href":"https:\/\/api.w.org\/{rel}","templated":true}]}}